{"id":1725,"date":"2017-01-26T14:24:30","date_gmt":"2017-01-26T16:24:30","guid":{"rendered":"https:\/\/previews.elleven.digital\/acocearense\/?post_type=noticia&#038;p=1725"},"modified":"2025-05-07T14:24:59","modified_gmt":"2025-05-07T17:24:59","slug":"1a-edicao-do-projeto-familia-na-empresa-em-2017","status":"publish","type":"noticia","link":"https:\/\/previews.elleven.digital\/acocearense\/noticia\/1a-edicao-do-projeto-familia-na-empresa-em-2017\/","title":{"rendered":"1\u00aa edi\u00e7\u00e3o do projeto Fam\u00edlia na Empresa em 2017"},"content":{"rendered":"<p dir=\"ltr\">Pesquisas apontam que\u00a0<strong>a visita de familiares na empresa \u00e9 positiva para os profissionais e para seus familiares.<\/strong>\u00a0A A\u00e7o Cearense realiza o projeto Fam\u00edlia na Empresa desde 2016 com o objetivo de estreitar \u00a0o relacionamento entre a fam\u00edlia dos colaboradores e as empresas A\u00e7o Cearense Comercial e A\u00e7o Cearense Industrial.<\/p>\n<p dir=\"ltr\">No \u00faltimo dia 19, aconteceu a primeira edi\u00e7\u00e3o de 2017 realizada pela \u00e1rea de Qualidade de Vida e Benef\u00edcios, com a participa\u00e7\u00e3o de Marcos Arruda Costa, Gerente de Movimenta\u00e7\u00e3o e Estoque de Produto e tamb\u00e9m de Abraah\u00e3o Adams, Supervisor de Produ\u00e7\u00e3o, que recepcionou os 17 familiares visitantes.<\/p>\n<h3 dir=\"ltr\">\u201c100% dos familiares avaliaram o projeto como \u00f3timo\u201d<\/h3>\n<p dir=\"ltr\">Juliana Grangeiro, Analista da \u00e1rea que promove o projeto, disse: \u201cPercebemos nas falas dos visitantes que o esfor\u00e7o do colaborador passa a ser mais \u00a0valorizado em casa e a contribui\u00e7\u00e3o de cada um que est\u00e1 aqui dentro \u00a0\u00e9 imprescind\u00edvel para a manuten\u00e7\u00e3o da empresa. Na visita de janeiro 100% dos familiares avaliaram o projeto como \u00f3timo\u201d, esclareceu.<\/p>\n<p dir=\"ltr\">O Fam\u00edlia na Empresa retorna com o calend\u00e1rio de visitas definido para todo ano, com encontros previstos em todos os meses de 2017.<\/p>\n","protected":false},"featured_media":1721,"template":"","meta":{"_acf_changed":false,"inline_featured_image":false},"categoria-noticia":[],"class_list":["post-1725","noticia","type-noticia","status-publish","has-post-thumbnail","hentry"],"acf":{"link":""},"yoast_head":"<!-- This site is optimized with the Yoast SEO plugin v25.9 - https:\/\/yoast.com\/wordpress\/plugins\/seo\/ -->\n<title>1\u00aa edi\u00e7\u00e3o do projeto Fam\u00edlia na Empresa em 2017 - Grupo A\u00e7o Cearense<\/title>\n<meta name=\"robots\" content=\"index, follow, max-snippet:-1, max-image-preview:large, max-video-preview:-1\" \/>\n<link rel=\"canonical\" href=\"https:\/\/previews.elleven.digital\/acocearense\/noticia\/1a-edicao-do-projeto-familia-na-empresa-em-2017\/\" \/>\n<meta property=\"og:locale\" content=\"pt_BR\" \/>\n<meta property=\"og:type\" content=\"article\" \/>\n<meta property=\"og:title\" content=\"1\u00aa edi\u00e7\u00e3o do projeto Fam\u00edlia na Empresa em 2017 - Grupo A\u00e7o Cearense\" \/>\n<meta property=\"og:description\" content=\"Pesquisas apontam que\u00a0a visita de familiares na empresa \u00e9 positiva para os profissionais e para(...)\" \/>\n<meta property=\"og:url\" content=\"https:\/\/previews.elleven.digital\/acocearense\/noticia\/1a-edicao-do-projeto-familia-na-empresa-em-2017\/\" \/>\n<meta property=\"og:site_name\" content=\"Grupo A\u00e7o Cearense\" \/>\n<meta property=\"article:modified_time\" content=\"2025-05-07T17:24:59+00:00\" \/>\n<meta property=\"og:image\" content=\"https:\/\/previews.elleven.digital\/acocearense\/wp-content\/uploads\/2025\/05\/1-edio-do-projeto-Famlia-na-Empresa-em-2017_cabc0dfdecb3b9f9bbd9cf071f71a509-2.jpg\" \/>\n\t<meta property=\"og:image:width\" content=\"138\" \/>\n\t<meta property=\"og:image:height\" content=\"103\" \/>\n\t<meta property=\"og:image:type\" content=\"image\/jpeg\" \/>\n<meta name=\"twitter:card\" content=\"summary_large_image\" \/>\n<meta name=\"twitter:label1\" content=\"Est. tempo de leitura\" \/>\n\t<meta name=\"twitter:data1\" content=\"2 minutos\" \/>\n<script type=\"application\/ld+json\" class=\"yoast-schema-graph\">{\"@context\":\"https:\/\/schema.org\",\"@graph\":[{\"@type\":\"WebPage\",\"@id\":\"https:\/\/previews.elleven.digital\/acocearense\/noticia\/1a-edicao-do-projeto-familia-na-empresa-em-2017\/\",\"url\":\"https:\/\/previews.elleven.digital\/acocearense\/noticia\/1a-edicao-do-projeto-familia-na-empresa-em-2017\/\",\"name\":\"1\u00aa edi\u00e7\u00e3o do projeto Fam\u00edlia na Empresa em 2017 - Grupo A\u00e7o Cearense\",\"isPartOf\":{\"@id\":\"https:\/\/previews.elleven.digital\/acocearense\/#website\"},\"primaryImageOfPage\":{\"@id\":\"https:\/\/previews.elleven.digital\/acocearense\/noticia\/1a-edicao-do-projeto-familia-na-empresa-em-2017\/#primaryimage\"},\"image\":{\"@id\":\"https:\/\/previews.elleven.digital\/acocearense\/noticia\/1a-edicao-do-projeto-familia-na-empresa-em-2017\/#primaryimage\"},\"thumbnailUrl\":\"https:\/\/previews.elleven.digital\/acocearense\/wp-content\/uploads\/2025\/05\/1-edio-do-projeto-Famlia-na-Empresa-em-2017_cabc0dfdecb3b9f9bbd9cf071f71a509-2.jpg\",\"datePublished\":\"2017-01-26T16:24:30+00:00\",\"dateModified\":\"2025-05-07T17:24:59+00:00\",\"breadcrumb\":{\"@id\":\"https:\/\/previews.elleven.digital\/acocearense\/noticia\/1a-edicao-do-projeto-familia-na-empresa-em-2017\/#breadcrumb\"},\"inLanguage\":\"pt-BR\",\"potentialAction\":[{\"@type\":\"ReadAction\",\"target\":[\"https:\/\/previews.elleven.digital\/acocearense\/noticia\/1a-edicao-do-projeto-familia-na-empresa-em-2017\/\"]}]},{\"@type\":\"ImageObject\",\"inLanguage\":\"pt-BR\",\"@id\":\"https:\/\/previews.elleven.digital\/acocearense\/noticia\/1a-edicao-do-projeto-familia-na-empresa-em-2017\/#primaryimage\",\"url\":\"https:\/\/previews.elleven.digital\/acocearense\/wp-content\/uploads\/2025\/05\/1-edio-do-projeto-Famlia-na-Empresa-em-2017_cabc0dfdecb3b9f9bbd9cf071f71a509-2.jpg\",\"contentUrl\":\"https:\/\/previews.elleven.digital\/acocearense\/wp-content\/uploads\/2025\/05\/1-edio-do-projeto-Famlia-na-Empresa-em-2017_cabc0dfdecb3b9f9bbd9cf071f71a509-2.jpg\",\"width\":138,\"height\":103},{\"@type\":\"BreadcrumbList\",\"@id\":\"https:\/\/previews.elleven.digital\/acocearense\/noticia\/1a-edicao-do-projeto-familia-na-empresa-em-2017\/#breadcrumb\",\"itemListElement\":[{\"@type\":\"ListItem\",\"position\":1,\"name\":\"In\u00edcio\",\"item\":\"https:\/\/previews.elleven.digital\/acocearense\/\"},{\"@type\":\"ListItem\",\"position\":2,\"name\":\"Not\u00edcias\",\"item\":\"https:\/\/previews.elleven.digital\/acocearense\/noticias\/\"},{\"@type\":\"ListItem\",\"position\":3,\"name\":\"1\u00aa edi\u00e7\u00e3o do projeto Fam\u00edlia na Empresa em 2017\"}]},{\"@type\":\"WebSite\",\"@id\":\"https:\/\/previews.elleven.digital\/acocearense\/#website\",\"url\":\"https:\/\/previews.elleven.digital\/acocearense\/\",\"name\":\"A\u00e7o Cearense\",\"description\":\"H\u00e1 mais de 45 anos no mercado brasileiro do a\u00e7o.\",\"alternateName\":\"A\u00e7o Cearense\",\"potentialAction\":[{\"@type\":\"SearchAction\",\"target\":{\"@type\":\"EntryPoint\",\"urlTemplate\":\"https:\/\/previews.elleven.digital\/acocearense\/?s={search_term_string}\"},\"query-input\":{\"@type\":\"PropertyValueSpecification\",\"valueRequired\":true,\"valueName\":\"search_term_string\"}}],\"inLanguage\":\"pt-BR\"}]}<\/script>\n<!-- \/ Yoast SEO plugin. -->","yoast_head_json":{"title":"1\u00aa edi\u00e7\u00e3o do projeto Fam\u00edlia na Empresa em 2017 - Grupo A\u00e7o Cearense","robots":{"index":"index","follow":"follow","max-snippet":"max-snippet:-1","max-image-preview":"max-image-preview:large","max-video-preview":"max-video-preview:-1"},"canonical":"https:\/\/previews.elleven.digital\/acocearense\/noticia\/1a-edicao-do-projeto-familia-na-empresa-em-2017\/","og_locale":"pt_BR","og_type":"article","og_title":"1\u00aa edi\u00e7\u00e3o do projeto Fam\u00edlia na Empresa em 2017 - Grupo A\u00e7o Cearense","og_description":"Pesquisas apontam que\u00a0a visita de familiares na empresa \u00e9 positiva para os profissionais e para(...)","og_url":"https:\/\/previews.elleven.digital\/acocearense\/noticia\/1a-edicao-do-projeto-familia-na-empresa-em-2017\/","og_site_name":"Grupo A\u00e7o Cearense","article_modified_time":"2025-05-07T17:24:59+00:00","og_image":[{"width":138,"height":103,"url":"https:\/\/previews.elleven.digital\/acocearense\/wp-content\/uploads\/2025\/05\/1-edio-do-projeto-Famlia-na-Empresa-em-2017_cabc0dfdecb3b9f9bbd9cf071f71a509-2.jpg","type":"image\/jpeg"}],"twitter_card":"summary_large_image","twitter_misc":{"Est. tempo de leitura":"2 minutos"},"schema":{"@context":"https:\/\/schema.org","@graph":[{"@type":"WebPage","@id":"https:\/\/previews.elleven.digital\/acocearense\/noticia\/1a-edicao-do-projeto-familia-na-empresa-em-2017\/","url":"https:\/\/previews.elleven.digital\/acocearense\/noticia\/1a-edicao-do-projeto-familia-na-empresa-em-2017\/","name":"1\u00aa edi\u00e7\u00e3o do projeto Fam\u00edlia na Empresa em 2017 - Grupo A\u00e7o Cearense","isPartOf":{"@id":"https:\/\/previews.elleven.digital\/acocearense\/#website"},"primaryImageOfPage":{"@id":"https:\/\/previews.elleven.digital\/acocearense\/noticia\/1a-edicao-do-projeto-familia-na-empresa-em-2017\/#primaryimage"},"image":{"@id":"https:\/\/previews.elleven.digital\/acocearense\/noticia\/1a-edicao-do-projeto-familia-na-empresa-em-2017\/#primaryimage"},"thumbnailUrl":"https:\/\/previews.elleven.digital\/acocearense\/wp-content\/uploads\/2025\/05\/1-edio-do-projeto-Famlia-na-Empresa-em-2017_cabc0dfdecb3b9f9bbd9cf071f71a509-2.jpg","datePublished":"2017-01-26T16:24:30+00:00","dateModified":"2025-05-07T17:24:59+00:00","breadcrumb":{"@id":"https:\/\/previews.elleven.digital\/acocearense\/noticia\/1a-edicao-do-projeto-familia-na-empresa-em-2017\/#breadcrumb"},"inLanguage":"pt-BR","potentialAction":[{"@type":"ReadAction","target":["https:\/\/previews.elleven.digital\/acocearense\/noticia\/1a-edicao-do-projeto-familia-na-empresa-em-2017\/"]}]},{"@type":"ImageObject","inLanguage":"pt-BR","@id":"https:\/\/previews.elleven.digital\/acocearense\/noticia\/1a-edicao-do-projeto-familia-na-empresa-em-2017\/#primaryimage","url":"https:\/\/previews.elleven.digital\/acocearense\/wp-content\/uploads\/2025\/05\/1-edio-do-projeto-Famlia-na-Empresa-em-2017_cabc0dfdecb3b9f9bbd9cf071f71a509-2.jpg","contentUrl":"https:\/\/previews.elleven.digital\/acocearense\/wp-content\/uploads\/2025\/05\/1-edio-do-projeto-Famlia-na-Empresa-em-2017_cabc0dfdecb3b9f9bbd9cf071f71a509-2.jpg","width":138,"height":103},{"@type":"BreadcrumbList","@id":"https:\/\/previews.elleven.digital\/acocearense\/noticia\/1a-edicao-do-projeto-familia-na-empresa-em-2017\/#breadcrumb","itemListElement":[{"@type":"ListItem","position":1,"name":"In\u00edcio","item":"https:\/\/previews.elleven.digital\/acocearense\/"},{"@type":"ListItem","position":2,"name":"Not\u00edcias","item":"https:\/\/previews.elleven.digital\/acocearense\/noticias\/"},{"@type":"ListItem","position":3,"name":"1\u00aa edi\u00e7\u00e3o do projeto Fam\u00edlia na Empresa em 2017"}]},{"@type":"WebSite","@id":"https:\/\/previews.elleven.digital\/acocearense\/#website","url":"https:\/\/previews.elleven.digital\/acocearense\/","name":"A\u00e7o Cearense","description":"H\u00e1 mais de 45 anos no mercado brasileiro do a\u00e7o.","alternateName":"A\u00e7o Cearense","potentialAction":[{"@type":"SearchAction","target":{"@type":"EntryPoint","urlTemplate":"https:\/\/previews.elleven.digital\/acocearense\/?s={search_term_string}"},"query-input":{"@type":"PropertyValueSpecification","valueRequired":true,"valueName":"search_term_string"}}],"inLanguage":"pt-BR"}]}},"_links":{"self":[{"href":"https:\/\/previews.elleven.digital\/acocearense\/wp-json\/wp\/v2\/noticia\/1725","targetHints":{"allow":["GET"]}}],"collection":[{"href":"https:\/\/previews.elleven.digital\/acocearense\/wp-json\/wp\/v2\/noticia"}],"about":[{"href":"https:\/\/previews.elleven.digital\/acocearense\/wp-json\/wp\/v2\/types\/noticia"}],"wp:featuredmedia":[{"embeddable":true,"href":"https:\/\/previews.elleven.digital\/acocearense\/wp-json\/wp\/v2\/media\/1721"}],"wp:attachment":[{"href":"https:\/\/previews.elleven.digital\/acocearense\/wp-json\/wp\/v2\/media?parent=1725"}],"wp:term":[{"taxonomy":"categoria-noticia","embeddable":true,"href":"https:\/\/previews.elleven.digital\/acocearense\/wp-json\/wp\/v2\/categoria-noticia?post=1725"}],"curies":[{"name":"wp","href":"https:\/\/api.w.org\/{rel}","templated":true}]}}