{"id":1724,"date":"2017-01-18T14:23:45","date_gmt":"2017-01-18T16:23:45","guid":{"rendered":"https:\/\/previews.elleven.digital\/acocearense\/?post_type=noticia&#038;p=1724"},"modified":"2025-05-07T14:24:29","modified_gmt":"2025-05-07T17:24:29","slug":"alimentos-arrecadados-na-sipat-2016-sao-entregues-a-instituicoes-beneficentes","status":"publish","type":"noticia","link":"https:\/\/previews.elleven.digital\/acocearense\/noticia\/alimentos-arrecadados-na-sipat-2016-sao-entregues-a-instituicoes-beneficentes\/","title":{"rendered":"Alimentos arrecadados na SIPAT 2016 s\u00e3o entregues a institui\u00e7\u00f5es beneficentes"},"content":{"rendered":"<h3 dir=\"ltr\">Semana Interna de Preven\u00e7\u00e3o de Acidentes do Trabalho<\/h3>\n<p dir=\"ltr\">No dia 28 de dezembro aproximadamente 3 toneladas de alimentos foram arrecadados durante a SIPAT \u2013 Semana Interna de Preven\u00e7\u00e3o de Acidentes do Trabalho, realizada em dezembro na A\u00e7o Cearense, foram doados a cinco institui\u00e7\u00f5es de Maracana\u00fa, Caucaia e Fortaleza.<\/p>\n<p dir=\"ltr\">Com o intuito de estimular a solidariedade e o amor ao pr\u00f3ximo, na gincana realizada durante a SIPAT 2016 teve a prova de arrecada\u00e7\u00e3o de alimentos n\u00e3o perec\u00edveis para serem doados. A equipe que mais arrecadou alimentos foi a do MEP \u2013 Matriz e Filial, que ganhou 30 pontos na contagem geral da gincana.<\/p>\n<h3 dir=\"ltr\">Institui\u00e7\u00f5es beneficiadas<\/h3>\n<p dir=\"ltr\">\u00a0As institui\u00e7\u00f5es beneficiadas foram: Centro de Recupera\u00e7\u00e3o M\u00e3o Amiga \u2013 CREMA (Maracana\u00fa), Centro de Pesquisa e Viv\u00eancia Ecol\u00f3gica \u2013 CEPEVIVE (Caucaia), Creche Amadeu Barros Leal (Fortaleza), Minist\u00e9rio \u00c1guias de Cristo \u2013 Instituto Logos (Fortaleza) e Projeto Restaurar (Caucaia).<\/p>\n","protected":false},"featured_media":1722,"template":"","meta":{"_acf_changed":false,"inline_featured_image":false},"categoria-noticia":[],"class_list":["post-1724","noticia","type-noticia","status-publish","has-post-thumbnail","hentry"],"acf":{"link":""},"yoast_head":"<!-- This site is optimized with the Yoast SEO plugin v25.9 - https:\/\/yoast.com\/wordpress\/plugins\/seo\/ -->\n<title>Alimentos arrecadados na SIPAT 2016 s\u00e3o entregues a institui\u00e7\u00f5es beneficentes - Grupo A\u00e7o Cearense<\/title>\n<meta name=\"robots\" content=\"index, follow, max-snippet:-1, max-image-preview:large, max-video-preview:-1\" \/>\n<link rel=\"canonical\" href=\"https:\/\/previews.elleven.digital\/acocearense\/noticia\/alimentos-arrecadados-na-sipat-2016-sao-entregues-a-instituicoes-beneficentes\/\" \/>\n<meta property=\"og:locale\" content=\"pt_BR\" \/>\n<meta property=\"og:type\" content=\"article\" \/>\n<meta property=\"og:title\" content=\"Alimentos arrecadados na SIPAT 2016 s\u00e3o entregues a institui\u00e7\u00f5es beneficentes - Grupo A\u00e7o Cearense\" \/>\n<meta property=\"og:description\" content=\"Semana Interna de Preven\u00e7\u00e3o de Acidentes do Trabalho No dia 28 de dezembro aproximadamente 3(...)\" \/>\n<meta property=\"og:url\" content=\"https:\/\/previews.elleven.digital\/acocearense\/noticia\/alimentos-arrecadados-na-sipat-2016-sao-entregues-a-instituicoes-beneficentes\/\" \/>\n<meta property=\"og:site_name\" content=\"Grupo A\u00e7o Cearense\" \/>\n<meta property=\"article:modified_time\" content=\"2025-05-07T17:24:29+00:00\" \/>\n<meta property=\"og:image\" content=\"https:\/\/previews.elleven.digital\/acocearense\/wp-content\/uploads\/2025\/05\/Alimentos-arrecadados-na-SIPAT-2016_fc8c0d21eb9419b2326bbbc7870baee4-2.jpg\" \/>\n\t<meta property=\"og:image:width\" content=\"138\" \/>\n\t<meta property=\"og:image:height\" content=\"106\" \/>\n\t<meta property=\"og:image:type\" content=\"image\/jpeg\" \/>\n<meta name=\"twitter:card\" content=\"summary_large_image\" \/>\n<meta name=\"twitter:label1\" content=\"Est. tempo de leitura\" \/>\n\t<meta name=\"twitter:data1\" content=\"1 minuto\" \/>\n<script type=\"application\/ld+json\" class=\"yoast-schema-graph\">{\"@context\":\"https:\/\/schema.org\",\"@graph\":[{\"@type\":\"WebPage\",\"@id\":\"https:\/\/previews.elleven.digital\/acocearense\/noticia\/alimentos-arrecadados-na-sipat-2016-sao-entregues-a-instituicoes-beneficentes\/\",\"url\":\"https:\/\/previews.elleven.digital\/acocearense\/noticia\/alimentos-arrecadados-na-sipat-2016-sao-entregues-a-instituicoes-beneficentes\/\",\"name\":\"Alimentos arrecadados na SIPAT 2016 s\u00e3o entregues a institui\u00e7\u00f5es beneficentes - Grupo A\u00e7o Cearense\",\"isPartOf\":{\"@id\":\"https:\/\/previews.elleven.digital\/acocearense\/#website\"},\"primaryImageOfPage\":{\"@id\":\"https:\/\/previews.elleven.digital\/acocearense\/noticia\/alimentos-arrecadados-na-sipat-2016-sao-entregues-a-instituicoes-beneficentes\/#primaryimage\"},\"image\":{\"@id\":\"https:\/\/previews.elleven.digital\/acocearense\/noticia\/alimentos-arrecadados-na-sipat-2016-sao-entregues-a-instituicoes-beneficentes\/#primaryimage\"},\"thumbnailUrl\":\"https:\/\/previews.elleven.digital\/acocearense\/wp-content\/uploads\/2025\/05\/Alimentos-arrecadados-na-SIPAT-2016_fc8c0d21eb9419b2326bbbc7870baee4-2.jpg\",\"datePublished\":\"2017-01-18T16:23:45+00:00\",\"dateModified\":\"2025-05-07T17:24:29+00:00\",\"breadcrumb\":{\"@id\":\"https:\/\/previews.elleven.digital\/acocearense\/noticia\/alimentos-arrecadados-na-sipat-2016-sao-entregues-a-instituicoes-beneficentes\/#breadcrumb\"},\"inLanguage\":\"pt-BR\",\"potentialAction\":[{\"@type\":\"ReadAction\",\"target\":[\"https:\/\/previews.elleven.digital\/acocearense\/noticia\/alimentos-arrecadados-na-sipat-2016-sao-entregues-a-instituicoes-beneficentes\/\"]}]},{\"@type\":\"ImageObject\",\"inLanguage\":\"pt-BR\",\"@id\":\"https:\/\/previews.elleven.digital\/acocearense\/noticia\/alimentos-arrecadados-na-sipat-2016-sao-entregues-a-instituicoes-beneficentes\/#primaryimage\",\"url\":\"https:\/\/previews.elleven.digital\/acocearense\/wp-content\/uploads\/2025\/05\/Alimentos-arrecadados-na-SIPAT-2016_fc8c0d21eb9419b2326bbbc7870baee4-2.jpg\",\"contentUrl\":\"https:\/\/previews.elleven.digital\/acocearense\/wp-content\/uploads\/2025\/05\/Alimentos-arrecadados-na-SIPAT-2016_fc8c0d21eb9419b2326bbbc7870baee4-2.jpg\",\"width\":138,\"height\":106},{\"@type\":\"BreadcrumbList\",\"@id\":\"https:\/\/previews.elleven.digital\/acocearense\/noticia\/alimentos-arrecadados-na-sipat-2016-sao-entregues-a-instituicoes-beneficentes\/#breadcrumb\",\"itemListElement\":[{\"@type\":\"ListItem\",\"position\":1,\"name\":\"In\u00edcio\",\"item\":\"https:\/\/previews.elleven.digital\/acocearense\/\"},{\"@type\":\"ListItem\",\"position\":2,\"name\":\"Not\u00edcias\",\"item\":\"https:\/\/previews.elleven.digital\/acocearense\/noticias\/\"},{\"@type\":\"ListItem\",\"position\":3,\"name\":\"Alimentos arrecadados na SIPAT 2016 s\u00e3o entregues a institui\u00e7\u00f5es beneficentes\"}]},{\"@type\":\"WebSite\",\"@id\":\"https:\/\/previews.elleven.digital\/acocearense\/#website\",\"url\":\"https:\/\/previews.elleven.digital\/acocearense\/\",\"name\":\"A\u00e7o Cearense\",\"description\":\"H\u00e1 mais de 45 anos no mercado brasileiro do a\u00e7o.\",\"alternateName\":\"A\u00e7o Cearense\",\"potentialAction\":[{\"@type\":\"SearchAction\",\"target\":{\"@type\":\"EntryPoint\",\"urlTemplate\":\"https:\/\/previews.elleven.digital\/acocearense\/?s={search_term_string}\"},\"query-input\":{\"@type\":\"PropertyValueSpecification\",\"valueRequired\":true,\"valueName\":\"search_term_string\"}}],\"inLanguage\":\"pt-BR\"}]}<\/script>\n<!-- \/ Yoast SEO plugin. -->","yoast_head_json":{"title":"Alimentos arrecadados na SIPAT 2016 s\u00e3o entregues a institui\u00e7\u00f5es beneficentes - Grupo A\u00e7o Cearense","robots":{"index":"index","follow":"follow","max-snippet":"max-snippet:-1","max-image-preview":"max-image-preview:large","max-video-preview":"max-video-preview:-1"},"canonical":"https:\/\/previews.elleven.digital\/acocearense\/noticia\/alimentos-arrecadados-na-sipat-2016-sao-entregues-a-instituicoes-beneficentes\/","og_locale":"pt_BR","og_type":"article","og_title":"Alimentos arrecadados na SIPAT 2016 s\u00e3o entregues a institui\u00e7\u00f5es beneficentes - Grupo A\u00e7o Cearense","og_description":"Semana Interna de Preven\u00e7\u00e3o de Acidentes do Trabalho No dia 28 de dezembro aproximadamente 3(...)","og_url":"https:\/\/previews.elleven.digital\/acocearense\/noticia\/alimentos-arrecadados-na-sipat-2016-sao-entregues-a-instituicoes-beneficentes\/","og_site_name":"Grupo A\u00e7o Cearense","article_modified_time":"2025-05-07T17:24:29+00:00","og_image":[{"width":138,"height":106,"url":"https:\/\/previews.elleven.digital\/acocearense\/wp-content\/uploads\/2025\/05\/Alimentos-arrecadados-na-SIPAT-2016_fc8c0d21eb9419b2326bbbc7870baee4-2.jpg","type":"image\/jpeg"}],"twitter_card":"summary_large_image","twitter_misc":{"Est. tempo de leitura":"1 minuto"},"schema":{"@context":"https:\/\/schema.org","@graph":[{"@type":"WebPage","@id":"https:\/\/previews.elleven.digital\/acocearense\/noticia\/alimentos-arrecadados-na-sipat-2016-sao-entregues-a-instituicoes-beneficentes\/","url":"https:\/\/previews.elleven.digital\/acocearense\/noticia\/alimentos-arrecadados-na-sipat-2016-sao-entregues-a-instituicoes-beneficentes\/","name":"Alimentos arrecadados na SIPAT 2016 s\u00e3o entregues a institui\u00e7\u00f5es beneficentes - Grupo A\u00e7o Cearense","isPartOf":{"@id":"https:\/\/previews.elleven.digital\/acocearense\/#website"},"primaryImageOfPage":{"@id":"https:\/\/previews.elleven.digital\/acocearense\/noticia\/alimentos-arrecadados-na-sipat-2016-sao-entregues-a-instituicoes-beneficentes\/#primaryimage"},"image":{"@id":"https:\/\/previews.elleven.digital\/acocearense\/noticia\/alimentos-arrecadados-na-sipat-2016-sao-entregues-a-instituicoes-beneficentes\/#primaryimage"},"thumbnailUrl":"https:\/\/previews.elleven.digital\/acocearense\/wp-content\/uploads\/2025\/05\/Alimentos-arrecadados-na-SIPAT-2016_fc8c0d21eb9419b2326bbbc7870baee4-2.jpg","datePublished":"2017-01-18T16:23:45+00:00","dateModified":"2025-05-07T17:24:29+00:00","breadcrumb":{"@id":"https:\/\/previews.elleven.digital\/acocearense\/noticia\/alimentos-arrecadados-na-sipat-2016-sao-entregues-a-instituicoes-beneficentes\/#breadcrumb"},"inLanguage":"pt-BR","potentialAction":[{"@type":"ReadAction","target":["https:\/\/previews.elleven.digital\/acocearense\/noticia\/alimentos-arrecadados-na-sipat-2016-sao-entregues-a-instituicoes-beneficentes\/"]}]},{"@type":"ImageObject","inLanguage":"pt-BR","@id":"https:\/\/previews.elleven.digital\/acocearense\/noticia\/alimentos-arrecadados-na-sipat-2016-sao-entregues-a-instituicoes-beneficentes\/#primaryimage","url":"https:\/\/previews.elleven.digital\/acocearense\/wp-content\/uploads\/2025\/05\/Alimentos-arrecadados-na-SIPAT-2016_fc8c0d21eb9419b2326bbbc7870baee4-2.jpg","contentUrl":"https:\/\/previews.elleven.digital\/acocearense\/wp-content\/uploads\/2025\/05\/Alimentos-arrecadados-na-SIPAT-2016_fc8c0d21eb9419b2326bbbc7870baee4-2.jpg","width":138,"height":106},{"@type":"BreadcrumbList","@id":"https:\/\/previews.elleven.digital\/acocearense\/noticia\/alimentos-arrecadados-na-sipat-2016-sao-entregues-a-instituicoes-beneficentes\/#breadcrumb","itemListElement":[{"@type":"ListItem","position":1,"name":"In\u00edcio","item":"https:\/\/previews.elleven.digital\/acocearense\/"},{"@type":"ListItem","position":2,"name":"Not\u00edcias","item":"https:\/\/previews.elleven.digital\/acocearense\/noticias\/"},{"@type":"ListItem","position":3,"name":"Alimentos arrecadados na SIPAT 2016 s\u00e3o entregues a institui\u00e7\u00f5es beneficentes"}]},{"@type":"WebSite","@id":"https:\/\/previews.elleven.digital\/acocearense\/#website","url":"https:\/\/previews.elleven.digital\/acocearense\/","name":"A\u00e7o Cearense","description":"H\u00e1 mais de 45 anos no mercado brasileiro do a\u00e7o.","alternateName":"A\u00e7o Cearense","potentialAction":[{"@type":"SearchAction","target":{"@type":"EntryPoint","urlTemplate":"https:\/\/previews.elleven.digital\/acocearense\/?s={search_term_string}"},"query-input":{"@type":"PropertyValueSpecification","valueRequired":true,"valueName":"search_term_string"}}],"inLanguage":"pt-BR"}]}},"_links":{"self":[{"href":"https:\/\/previews.elleven.digital\/acocearense\/wp-json\/wp\/v2\/noticia\/1724","targetHints":{"allow":["GET"]}}],"collection":[{"href":"https:\/\/previews.elleven.digital\/acocearense\/wp-json\/wp\/v2\/noticia"}],"about":[{"href":"https:\/\/previews.elleven.digital\/acocearense\/wp-json\/wp\/v2\/types\/noticia"}],"wp:featuredmedia":[{"embeddable":true,"href":"https:\/\/previews.elleven.digital\/acocearense\/wp-json\/wp\/v2\/media\/1722"}],"wp:attachment":[{"href":"https:\/\/previews.elleven.digital\/acocearense\/wp-json\/wp\/v2\/media?parent=1724"}],"wp:term":[{"taxonomy":"categoria-noticia","embeddable":true,"href":"https:\/\/previews.elleven.digital\/acocearense\/wp-json\/wp\/v2\/categoria-noticia?post=1724"}],"curies":[{"name":"wp","href":"https:\/\/api.w.org\/{rel}","templated":true}]}}