{"id":1714,"date":"2016-10-05T14:19:44","date_gmt":"2016-10-05T17:19:44","guid":{"rendered":"https:\/\/previews.elleven.digital\/acocearense\/?post_type=noticia&#038;p=1714"},"modified":"2025-05-07T14:20:29","modified_gmt":"2025-05-07T17:20:29","slug":"ciclista-cearense-e-segundo-no-ranking-nacional-e-sonha-com-selecao","status":"publish","type":"noticia","link":"https:\/\/previews.elleven.digital\/acocearense\/noticia\/ciclista-cearense-e-segundo-no-ranking-nacional-e-sonha-com-selecao\/","title":{"rendered":"Ciclista cearense \u00e9 segundo no ranking nacional e sonha com sele\u00e7\u00e3o"},"content":{"rendered":"<p>Uma das cenas mais emblem\u00e1ticas do cinema \u00e9 a do filme ET \u2013 O Extraterrestre, de 1982. Aquela em que o garoto Elliott e o alien\u00edgena voam numa bicicleta. Pois \u00e9.<\/p>\n<h3>Quem \u00e9 Gilberto Silva?<\/h3>\n<p>Se a vida fosse um filme, o Cear\u00e1 poderia contar com um representante que tamb\u00e9m est\u00e1 voando na bike. Gilberto Silva, de 33 anos, \u00e9 vice-l\u00edder do campeonato cearense, segundo no ranking nacional de ciclismo na categoria Elite e sonha com sele\u00e7\u00e3o brasileira. De Maracana\u00fa, ele tamb\u00e9m \u00e9 paratleta e tem o apoio da esposa e dos dois filhos.<br \/>\nLogo ap\u00f3s o nascimento, Gilberto teve paralisia infantil. Com isso, precisou se submeter a diversas cirurgias, acarretando desn\u00edvel entre as pernas. Na \u00e9poca, mal podia correr, nem andar longas dist\u00e2ncias.<br \/>\nAos 10 anos, ganhou uma bicicleta da av\u00f3 materna e a vida fez uma curva que transformou a vida dele.<br \/>\n\u201cA minha perna passou a se desenvolver. Com o exerc\u00edcio de pedalar comecei at\u00e9 a correr.\u201d\u2013 relembrou Gilberto.<br \/>\nA partir da\u00ed, a amizade com a magrela se fortaleceu. Ele usava a bike apenas como lazer, mas em 2003, atrav\u00e9s do convite de um amigo, come\u00e7ou a treinar. No filme, Elliot usava um capuz, mas Gilberto passou a usar capacete.<br \/>\nA bicicleta j\u00e1 n\u00e3o era somente para divers\u00e3o, virou ferramenta de competi\u00e7\u00e3o e o meio para voar mais alto, como o garoto e o amigo ET.<br \/>\n\u201cEu pedalava muito a passeio e nunca havia competido. Estava precisando ocupar minha mente com o esporte. Recebi o convite de um amigo que pedalava e vi no treino que dava pra coisa. Foi a\u00ed que comecei a pedalar e a competir como profissional \u2013 explicou o atleta que tamb\u00e9m compete na categoria C5 do paraciclismo.\u201d<br \/>\nAos 20 anos, ainda jovem come\u00e7ou a se destacar em competi\u00e7\u00f5es locais e logo chamou aten\u00e7\u00e3o na empresa onde trabalha. L\u00e1, iniciou como cortador de arame e hoje \u00e9 motorista. Mas al\u00e9m do emprego, veio tamb\u00e9m o patroc\u00ednio que propiciou a participa\u00e7\u00e3o do ciclista em competi\u00e7\u00f5es pelo Brasil.<br \/>\nAssim, os t\u00edtulos come\u00e7aram a aparecer. S\u00e3o mais de 150 p\u00f3dios. Entre eles, 10 t\u00edtulos de Campe\u00e3o Cearense de Mountain Bike Elite, vice-campe\u00e3o no ranking nacional de Mountain Bike Elite, bicampeonato Norte e Nordeste, quatro medalhas em Copa Brasil de Paraciclismo, bronze no Brasileiro de Pista de Paraciclismo e, assim, a bicicleta continua voando.<br \/>\nUm dos nomes fortes no ciclismo brasileiro, Gilberto tem apoio da fam\u00edlia. Casado, filhos e esposa colaboram para que a crescente na carreira seja constante.<br \/>\n\u201cMinha esposa contribui muito pra me ajudar. Ela me ajuda na alimenta\u00e7\u00e3o, me incentiva\u2026. Tenho dois filhos: a Gabriele, de dois anos, e o Gilberto Filho, de 10, que se inspira muito em mim. Seguro as r\u00e9deas porque ele ainda \u00e9 muito novo para treinar.<br \/>\nEle \u00e9 afoito, j\u00e1 quer rodar, fazer o que fa\u00e7o. Mas eu o vejo como promessa, um futuro campe\u00e3o.\u201d disse o Gilberto pai e marido, com orgulho.<br \/>\nA magrela est\u00e1 em todos os \u00e2mbitos da vida do cearense. Ao contr\u00e1rio de Elliot, que usou a bicicleta para salvar o amigo ET numa das fugas mais famosas do cinema, Gilberto mant\u00e9m os pneus bem no ch\u00e3o para se locomover pela cidade.<br \/>\nAl\u00e9m disso, chega a treinar 5 horas por dia e a pedalar 500 a 700 quil\u00f4metros semanalmente. Mas para trilhar a dura rotina de treinos, o cearense tem em quem se espelhar.<br \/>\n\u2013 Eu me inspiro no americano Lance Amstrong. Apesar dos dopings, ele venceu o c\u00e2ncer duas vezes e n\u00e3o deixa de ser admir\u00e1vel. Al\u00e9m disso, me inspiro no meu treinador, Maur\u00edcio Le\u00e3o, de 43 anos. Tudo que aprendi foi com ele \u2013 disse o ciclista.<br \/>\nGuiar uma bicicleta, lidar com velocidade, pedalar, desafio, vencer. A tarefa solit\u00e1ria de competir, nem sempre a favor do vento, faz Gilberto ter a companhia de todos os sonhos em cada pedalada.<br \/>\nO esporte transformou a vida do atleta que n\u00e3o mede esfor\u00e7os para ir mais alto e sonha em voltar pra casa, como o personagem do filme, mas com vaga na sele\u00e7\u00e3o brasileira.<br \/>\n\u2013 Estou focado em concluir meu objetivo que \u00e9 tentar ficar entre os tr\u00eas melhores.<br \/>\nGra\u00e7as a Deus estou em segundo. E quero vencer o campeonato cearense. Al\u00e9m disso, vencer as etapas de paraciclismo e tentar brigar por vaga na sele\u00e7\u00e3o brasileira de paraciclismo e competir internacionalmente \u2013 concluiu.<\/p>\n","protected":false},"featured_media":1715,"template":"","meta":{"_acf_changed":false,"inline_featured_image":false},"categoria-noticia":[],"class_list":["post-1714","noticia","type-noticia","status-publish","has-post-thumbnail","hentry"],"acf":{"link":""},"yoast_head":"<!-- This site is optimized with the Yoast SEO plugin v25.9 - https:\/\/yoast.com\/wordpress\/plugins\/seo\/ -->\n<title>Ciclista cearense \u00e9 segundo no ranking nacional e sonha com sele\u00e7\u00e3o - Grupo A\u00e7o Cearense<\/title>\n<meta name=\"robots\" content=\"index, follow, max-snippet:-1, max-image-preview:large, max-video-preview:-1\" \/>\n<link rel=\"canonical\" href=\"https:\/\/previews.elleven.digital\/acocearense\/noticia\/ciclista-cearense-e-segundo-no-ranking-nacional-e-sonha-com-selecao\/\" \/>\n<meta property=\"og:locale\" content=\"pt_BR\" \/>\n<meta property=\"og:type\" content=\"article\" \/>\n<meta property=\"og:title\" content=\"Ciclista cearense \u00e9 segundo no ranking nacional e sonha com sele\u00e7\u00e3o - Grupo A\u00e7o Cearense\" \/>\n<meta property=\"og:description\" content=\"Uma das cenas mais emblem\u00e1ticas do cinema \u00e9 a do filme ET \u2013 O Extraterrestre,(...)\" \/>\n<meta property=\"og:url\" content=\"https:\/\/previews.elleven.digital\/acocearense\/noticia\/ciclista-cearense-e-segundo-no-ranking-nacional-e-sonha-com-selecao\/\" \/>\n<meta property=\"og:site_name\" content=\"Grupo A\u00e7o Cearense\" \/>\n<meta property=\"article:modified_time\" content=\"2025-05-07T17:20:29+00:00\" \/>\n<meta property=\"og:image\" content=\"https:\/\/previews.elleven.digital\/acocearense\/wp-content\/uploads\/2025\/05\/Gilberto-1_c117154b5f9b2096f255bc7d59421001-1.jpg\" \/>\n\t<meta property=\"og:image:width\" content=\"138\" \/>\n\t<meta property=\"og:image:height\" content=\"107\" \/>\n\t<meta property=\"og:image:type\" content=\"image\/jpeg\" \/>\n<meta name=\"twitter:card\" content=\"summary_large_image\" \/>\n<meta name=\"twitter:label1\" content=\"Est. tempo de leitura\" \/>\n\t<meta name=\"twitter:data1\" content=\"4 minutos\" \/>\n<script type=\"application\/ld+json\" class=\"yoast-schema-graph\">{\"@context\":\"https:\/\/schema.org\",\"@graph\":[{\"@type\":\"WebPage\",\"@id\":\"https:\/\/previews.elleven.digital\/acocearense\/noticia\/ciclista-cearense-e-segundo-no-ranking-nacional-e-sonha-com-selecao\/\",\"url\":\"https:\/\/previews.elleven.digital\/acocearense\/noticia\/ciclista-cearense-e-segundo-no-ranking-nacional-e-sonha-com-selecao\/\",\"name\":\"Ciclista cearense \u00e9 segundo no ranking nacional e sonha com sele\u00e7\u00e3o - Grupo A\u00e7o Cearense\",\"isPartOf\":{\"@id\":\"https:\/\/previews.elleven.digital\/acocearense\/#website\"},\"primaryImageOfPage\":{\"@id\":\"https:\/\/previews.elleven.digital\/acocearense\/noticia\/ciclista-cearense-e-segundo-no-ranking-nacional-e-sonha-com-selecao\/#primaryimage\"},\"image\":{\"@id\":\"https:\/\/previews.elleven.digital\/acocearense\/noticia\/ciclista-cearense-e-segundo-no-ranking-nacional-e-sonha-com-selecao\/#primaryimage\"},\"thumbnailUrl\":\"https:\/\/previews.elleven.digital\/acocearense\/wp-content\/uploads\/2025\/05\/Gilberto-1_c117154b5f9b2096f255bc7d59421001-1.jpg\",\"datePublished\":\"2016-10-05T17:19:44+00:00\",\"dateModified\":\"2025-05-07T17:20:29+00:00\",\"breadcrumb\":{\"@id\":\"https:\/\/previews.elleven.digital\/acocearense\/noticia\/ciclista-cearense-e-segundo-no-ranking-nacional-e-sonha-com-selecao\/#breadcrumb\"},\"inLanguage\":\"pt-BR\",\"potentialAction\":[{\"@type\":\"ReadAction\",\"target\":[\"https:\/\/previews.elleven.digital\/acocearense\/noticia\/ciclista-cearense-e-segundo-no-ranking-nacional-e-sonha-com-selecao\/\"]}]},{\"@type\":\"ImageObject\",\"inLanguage\":\"pt-BR\",\"@id\":\"https:\/\/previews.elleven.digital\/acocearense\/noticia\/ciclista-cearense-e-segundo-no-ranking-nacional-e-sonha-com-selecao\/#primaryimage\",\"url\":\"https:\/\/previews.elleven.digital\/acocearense\/wp-content\/uploads\/2025\/05\/Gilberto-1_c117154b5f9b2096f255bc7d59421001-1.jpg\",\"contentUrl\":\"https:\/\/previews.elleven.digital\/acocearense\/wp-content\/uploads\/2025\/05\/Gilberto-1_c117154b5f9b2096f255bc7d59421001-1.jpg\",\"width\":138,\"height\":107},{\"@type\":\"BreadcrumbList\",\"@id\":\"https:\/\/previews.elleven.digital\/acocearense\/noticia\/ciclista-cearense-e-segundo-no-ranking-nacional-e-sonha-com-selecao\/#breadcrumb\",\"itemListElement\":[{\"@type\":\"ListItem\",\"position\":1,\"name\":\"In\u00edcio\",\"item\":\"https:\/\/previews.elleven.digital\/acocearense\/\"},{\"@type\":\"ListItem\",\"position\":2,\"name\":\"Not\u00edcias\",\"item\":\"https:\/\/previews.elleven.digital\/acocearense\/noticias\/\"},{\"@type\":\"ListItem\",\"position\":3,\"name\":\"Ciclista cearense \u00e9 segundo no ranking nacional e sonha com sele\u00e7\u00e3o\"}]},{\"@type\":\"WebSite\",\"@id\":\"https:\/\/previews.elleven.digital\/acocearense\/#website\",\"url\":\"https:\/\/previews.elleven.digital\/acocearense\/\",\"name\":\"A\u00e7o Cearense\",\"description\":\"H\u00e1 mais de 45 anos no mercado brasileiro do a\u00e7o.\",\"alternateName\":\"A\u00e7o Cearense\",\"potentialAction\":[{\"@type\":\"SearchAction\",\"target\":{\"@type\":\"EntryPoint\",\"urlTemplate\":\"https:\/\/previews.elleven.digital\/acocearense\/?s={search_term_string}\"},\"query-input\":{\"@type\":\"PropertyValueSpecification\",\"valueRequired\":true,\"valueName\":\"search_term_string\"}}],\"inLanguage\":\"pt-BR\"}]}<\/script>\n<!-- \/ Yoast SEO plugin. -->","yoast_head_json":{"title":"Ciclista cearense \u00e9 segundo no ranking nacional e sonha com sele\u00e7\u00e3o - Grupo A\u00e7o Cearense","robots":{"index":"index","follow":"follow","max-snippet":"max-snippet:-1","max-image-preview":"max-image-preview:large","max-video-preview":"max-video-preview:-1"},"canonical":"https:\/\/previews.elleven.digital\/acocearense\/noticia\/ciclista-cearense-e-segundo-no-ranking-nacional-e-sonha-com-selecao\/","og_locale":"pt_BR","og_type":"article","og_title":"Ciclista cearense \u00e9 segundo no ranking nacional e sonha com sele\u00e7\u00e3o - Grupo A\u00e7o Cearense","og_description":"Uma das cenas mais emblem\u00e1ticas do cinema \u00e9 a do filme ET \u2013 O Extraterrestre,(...)","og_url":"https:\/\/previews.elleven.digital\/acocearense\/noticia\/ciclista-cearense-e-segundo-no-ranking-nacional-e-sonha-com-selecao\/","og_site_name":"Grupo A\u00e7o Cearense","article_modified_time":"2025-05-07T17:20:29+00:00","og_image":[{"width":138,"height":107,"url":"https:\/\/previews.elleven.digital\/acocearense\/wp-content\/uploads\/2025\/05\/Gilberto-1_c117154b5f9b2096f255bc7d59421001-1.jpg","type":"image\/jpeg"}],"twitter_card":"summary_large_image","twitter_misc":{"Est. tempo de leitura":"4 minutos"},"schema":{"@context":"https:\/\/schema.org","@graph":[{"@type":"WebPage","@id":"https:\/\/previews.elleven.digital\/acocearense\/noticia\/ciclista-cearense-e-segundo-no-ranking-nacional-e-sonha-com-selecao\/","url":"https:\/\/previews.elleven.digital\/acocearense\/noticia\/ciclista-cearense-e-segundo-no-ranking-nacional-e-sonha-com-selecao\/","name":"Ciclista cearense \u00e9 segundo no ranking nacional e sonha com sele\u00e7\u00e3o - Grupo A\u00e7o Cearense","isPartOf":{"@id":"https:\/\/previews.elleven.digital\/acocearense\/#website"},"primaryImageOfPage":{"@id":"https:\/\/previews.elleven.digital\/acocearense\/noticia\/ciclista-cearense-e-segundo-no-ranking-nacional-e-sonha-com-selecao\/#primaryimage"},"image":{"@id":"https:\/\/previews.elleven.digital\/acocearense\/noticia\/ciclista-cearense-e-segundo-no-ranking-nacional-e-sonha-com-selecao\/#primaryimage"},"thumbnailUrl":"https:\/\/previews.elleven.digital\/acocearense\/wp-content\/uploads\/2025\/05\/Gilberto-1_c117154b5f9b2096f255bc7d59421001-1.jpg","datePublished":"2016-10-05T17:19:44+00:00","dateModified":"2025-05-07T17:20:29+00:00","breadcrumb":{"@id":"https:\/\/previews.elleven.digital\/acocearense\/noticia\/ciclista-cearense-e-segundo-no-ranking-nacional-e-sonha-com-selecao\/#breadcrumb"},"inLanguage":"pt-BR","potentialAction":[{"@type":"ReadAction","target":["https:\/\/previews.elleven.digital\/acocearense\/noticia\/ciclista-cearense-e-segundo-no-ranking-nacional-e-sonha-com-selecao\/"]}]},{"@type":"ImageObject","inLanguage":"pt-BR","@id":"https:\/\/previews.elleven.digital\/acocearense\/noticia\/ciclista-cearense-e-segundo-no-ranking-nacional-e-sonha-com-selecao\/#primaryimage","url":"https:\/\/previews.elleven.digital\/acocearense\/wp-content\/uploads\/2025\/05\/Gilberto-1_c117154b5f9b2096f255bc7d59421001-1.jpg","contentUrl":"https:\/\/previews.elleven.digital\/acocearense\/wp-content\/uploads\/2025\/05\/Gilberto-1_c117154b5f9b2096f255bc7d59421001-1.jpg","width":138,"height":107},{"@type":"BreadcrumbList","@id":"https:\/\/previews.elleven.digital\/acocearense\/noticia\/ciclista-cearense-e-segundo-no-ranking-nacional-e-sonha-com-selecao\/#breadcrumb","itemListElement":[{"@type":"ListItem","position":1,"name":"In\u00edcio","item":"https:\/\/previews.elleven.digital\/acocearense\/"},{"@type":"ListItem","position":2,"name":"Not\u00edcias","item":"https:\/\/previews.elleven.digital\/acocearense\/noticias\/"},{"@type":"ListItem","position":3,"name":"Ciclista cearense \u00e9 segundo no ranking nacional e sonha com sele\u00e7\u00e3o"}]},{"@type":"WebSite","@id":"https:\/\/previews.elleven.digital\/acocearense\/#website","url":"https:\/\/previews.elleven.digital\/acocearense\/","name":"A\u00e7o Cearense","description":"H\u00e1 mais de 45 anos no mercado brasileiro do a\u00e7o.","alternateName":"A\u00e7o Cearense","potentialAction":[{"@type":"SearchAction","target":{"@type":"EntryPoint","urlTemplate":"https:\/\/previews.elleven.digital\/acocearense\/?s={search_term_string}"},"query-input":{"@type":"PropertyValueSpecification","valueRequired":true,"valueName":"search_term_string"}}],"inLanguage":"pt-BR"}]}},"_links":{"self":[{"href":"https:\/\/previews.elleven.digital\/acocearense\/wp-json\/wp\/v2\/noticia\/1714","targetHints":{"allow":["GET"]}}],"collection":[{"href":"https:\/\/previews.elleven.digital\/acocearense\/wp-json\/wp\/v2\/noticia"}],"about":[{"href":"https:\/\/previews.elleven.digital\/acocearense\/wp-json\/wp\/v2\/types\/noticia"}],"wp:featuredmedia":[{"embeddable":true,"href":"https:\/\/previews.elleven.digital\/acocearense\/wp-json\/wp\/v2\/media\/1715"}],"wp:attachment":[{"href":"https:\/\/previews.elleven.digital\/acocearense\/wp-json\/wp\/v2\/media?parent=1714"}],"wp:term":[{"taxonomy":"categoria-noticia","embeddable":true,"href":"https:\/\/previews.elleven.digital\/acocearense\/wp-json\/wp\/v2\/categoria-noticia?post=1714"}],"curies":[{"name":"wp","href":"https:\/\/api.w.org\/{rel}","templated":true}]}}