{"id":963,"date":"2017-03-09T09:07:02","date_gmt":"2017-03-09T12:07:02","guid":{"rendered":"https:\/\/previews.elleven.digital\/acocearense\/?p=963"},"modified":"2025-05-07T09:07:48","modified_gmt":"2025-05-07T12:07:48","slug":"o-cenario-do-mercado-siderurgico-para-2017-segundo-vilmar-ferreira","status":"publish","type":"post","link":"https:\/\/previews.elleven.digital\/acocearense\/en\/o-cenario-do-mercado-siderurgico-para-2017-segundo-vilmar-ferreira\/","title":{"rendered":"The Steel Market Scenario for 2017 according to Vilmar Ferreira"},"content":{"rendered":"<p>To start off on the right foot, see what our president, Vilmar Ferreira, has to say about the expectations of the steel market this year for\u00a0<a href=\"http:\/\/www.grupoacocearense.com.br\/\">Cear\u00e1 Steel Group<\/a>\u00a0and you.<\/p>\n<p>Check out the video:<\/p>\n<p><iframe loading=\"lazy\" src=\"https:\/\/www.youtube.com\/embed\/5MEyMmhNDCg\" width=\"853\" height=\"480\" frameborder=\"0\" allowfullscreen=\"allowfullscreen\" data-mce-fragment=\"1\"><\/iframe><\/p>","protected":false},"excerpt":{"rendered":"<p>To start off on the right foot, see what our president, Vilmar Ferreira, has(\u2026)<\/p>","protected":false},"author":1,"featured_media":957,"comment_status":"open","ping_status":"open","sticky":false,"template":"","format":"standard","meta":{"_acf_changed":false,"inline_featured_image":false,"footnotes":""},"categories":[28],"tags":[],"class_list":["post-963","post","type-post","status-publish","format-standard","has-post-thumbnail","hentry","category-gestao"],"acf":[],"yoast_head":"<!-- This site is optimized with the Yoast SEO plugin v25.9 - https:\/\/yoast.com\/wordpress\/plugins\/seo\/ -->\n<title>O Cen\u00e1rio do mercado sider\u00fargico para 2017 segundo Vilmar Ferreira - Grupo A\u00e7o Cearense<\/title>\n<meta name=\"robots\" content=\"index, follow, max-snippet:-1, max-image-preview:large, max-video-preview:-1\" \/>\n<link rel=\"canonical\" href=\"https:\/\/previews.elleven.digital\/acocearense\/en\/o-cenario-do-mercado-siderurgico-para-2017-segundo-vilmar-ferreira\/\" \/>\n<meta property=\"og:locale\" content=\"en_US\" \/>\n<meta property=\"og:type\" content=\"article\" \/>\n<meta property=\"og:title\" content=\"O Cen\u00e1rio do mercado sider\u00fargico para 2017 segundo Vilmar Ferreira - Grupo A\u00e7o Cearense\" \/>\n<meta property=\"og:description\" content=\"Para come\u00e7ar com o p\u00e9 direito, veja o que o nosso presidente, Vilmar Ferreira, tem(...)\" \/>\n<meta property=\"og:url\" content=\"https:\/\/previews.elleven.digital\/acocearense\/en\/o-cenario-do-mercado-siderurgico-para-2017-segundo-vilmar-ferreira\/\" \/>\n<meta property=\"og:site_name\" content=\"Grupo A\u00e7o Cearense\" \/>\n<meta property=\"article:published_time\" content=\"2017-03-09T12:07:02+00:00\" \/>\n<meta property=\"article:modified_time\" content=\"2025-05-07T12:07:48+00:00\" \/>\n<meta property=\"og:image\" content=\"https:\/\/previews.elleven.digital\/acocearense\/wp-content\/uploads\/2025\/05\/expectativas-mercado-siderurgico-2017.jpg\" \/>\n\t<meta property=\"og:image:width\" content=\"980\" \/>\n\t<meta property=\"og:image:height\" content=\"612\" \/>\n\t<meta property=\"og:image:type\" content=\"image\/jpeg\" \/>\n<meta name=\"author\" content=\"elleven\" \/>\n<meta name=\"twitter:card\" content=\"summary_large_image\" \/>\n<meta name=\"twitter:label1\" content=\"Written by\" \/>\n\t<meta name=\"twitter:data1\" content=\"elleven\" \/>\n\t<meta name=\"twitter:label2\" content=\"Est. reading time\" \/>\n\t<meta name=\"twitter:data2\" content=\"1 minute\" \/>\n<script type=\"application\/ld+json\" class=\"yoast-schema-graph\">{\"@context\":\"https:\/\/schema.org\",\"@graph\":[{\"@type\":\"WebPage\",\"@id\":\"https:\/\/previews.elleven.digital\/acocearense\/o-cenario-do-mercado-siderurgico-para-2017-segundo-vilmar-ferreira\/\",\"url\":\"https:\/\/previews.elleven.digital\/acocearense\/o-cenario-do-mercado-siderurgico-para-2017-segundo-vilmar-ferreira\/\",\"name\":\"O Cen\u00e1rio do mercado sider\u00fargico para 2017 segundo Vilmar Ferreira - Grupo A\u00e7o Cearense\",\"isPartOf\":{\"@id\":\"https:\/\/previews.elleven.digital\/acocearense\/#website\"},\"primaryImageOfPage\":{\"@id\":\"https:\/\/previews.elleven.digital\/acocearense\/o-cenario-do-mercado-siderurgico-para-2017-segundo-vilmar-ferreira\/#primaryimage\"},\"image\":{\"@id\":\"https:\/\/previews.elleven.digital\/acocearense\/o-cenario-do-mercado-siderurgico-para-2017-segundo-vilmar-ferreira\/#primaryimage\"},\"thumbnailUrl\":\"https:\/\/previews.elleven.digital\/acocearense\/wp-content\/uploads\/2025\/05\/expectativas-mercado-siderurgico-2017.jpg\",\"datePublished\":\"2017-03-09T12:07:02+00:00\",\"dateModified\":\"2025-05-07T12:07:48+00:00\",\"author\":{\"@id\":\"https:\/\/previews.elleven.digital\/acocearense\/#\/schema\/person\/8e9165eb3c33e0860485c7c5fc06a701\"},\"breadcrumb\":{\"@id\":\"https:\/\/previews.elleven.digital\/acocearense\/o-cenario-do-mercado-siderurgico-para-2017-segundo-vilmar-ferreira\/#breadcrumb\"},\"inLanguage\":\"en-US\",\"potentialAction\":[{\"@type\":\"ReadAction\",\"target\":[\"https:\/\/previews.elleven.digital\/acocearense\/o-cenario-do-mercado-siderurgico-para-2017-segundo-vilmar-ferreira\/\"]}]},{\"@type\":\"ImageObject\",\"inLanguage\":\"en-US\",\"@id\":\"https:\/\/previews.elleven.digital\/acocearense\/o-cenario-do-mercado-siderurgico-para-2017-segundo-vilmar-ferreira\/#primaryimage\",\"url\":\"https:\/\/previews.elleven.digital\/acocearense\/wp-content\/uploads\/2025\/05\/expectativas-mercado-siderurgico-2017.jpg\",\"contentUrl\":\"https:\/\/previews.elleven.digital\/acocearense\/wp-content\/uploads\/2025\/05\/expectativas-mercado-siderurgico-2017.jpg\",\"width\":980,\"height\":612},{\"@type\":\"BreadcrumbList\",\"@id\":\"https:\/\/previews.elleven.digital\/acocearense\/o-cenario-do-mercado-siderurgico-para-2017-segundo-vilmar-ferreira\/#breadcrumb\",\"itemListElement\":[{\"@type\":\"ListItem\",\"position\":1,\"name\":\"In\u00edcio\",\"item\":\"https:\/\/previews.elleven.digital\/acocearense\/\"},{\"@type\":\"ListItem\",\"position\":2,\"name\":\"O Cen\u00e1rio do mercado sider\u00fargico para 2017 segundo Vilmar Ferreira\"}]},{\"@type\":\"WebSite\",\"@id\":\"https:\/\/previews.elleven.digital\/acocearense\/#website\",\"url\":\"https:\/\/previews.elleven.digital\/acocearense\/\",\"name\":\"A\u00e7o Cearense\",\"description\":\"H\u00e1 mais de 45 anos no mercado brasileiro do a\u00e7o.\",\"alternateName\":\"A\u00e7o Cearense\",\"potentialAction\":[{\"@type\":\"SearchAction\",\"target\":{\"@type\":\"EntryPoint\",\"urlTemplate\":\"https:\/\/previews.elleven.digital\/acocearense\/?s={search_term_string}\"},\"query-input\":{\"@type\":\"PropertyValueSpecification\",\"valueRequired\":true,\"valueName\":\"search_term_string\"}}],\"inLanguage\":\"en-US\"},{\"@type\":\"Person\",\"@id\":\"https:\/\/previews.elleven.digital\/acocearense\/#\/schema\/person\/8e9165eb3c33e0860485c7c5fc06a701\",\"name\":\"elleven\",\"image\":{\"@type\":\"ImageObject\",\"inLanguage\":\"en-US\",\"@id\":\"https:\/\/previews.elleven.digital\/acocearense\/#\/schema\/person\/image\/\",\"url\":\"https:\/\/secure.gravatar.com\/avatar\/2a6afb49d9ecfed5dbc6c9606ce318b8bd07c077835179bddfd5d8209c03cb29?s=96&d=mm&r=g\",\"contentUrl\":\"https:\/\/secure.gravatar.com\/avatar\/2a6afb49d9ecfed5dbc6c9606ce318b8bd07c077835179bddfd5d8209c03cb29?s=96&d=mm&r=g\",\"caption\":\"elleven\"},\"sameAs\":[\"http:\/\/localhost\/acocearense\"],\"url\":\"https:\/\/previews.elleven.digital\/acocearense\/en\/author\/elleven\/\"}]}<\/script>\n<!-- \/ Yoast SEO plugin. -->","yoast_head_json":{"title":"O Cen\u00e1rio do mercado sider\u00fargico para 2017 segundo Vilmar Ferreira - Grupo A\u00e7o Cearense","robots":{"index":"index","follow":"follow","max-snippet":"max-snippet:-1","max-image-preview":"max-image-preview:large","max-video-preview":"max-video-preview:-1"},"canonical":"https:\/\/previews.elleven.digital\/acocearense\/en\/o-cenario-do-mercado-siderurgico-para-2017-segundo-vilmar-ferreira\/","og_locale":"en_US","og_type":"article","og_title":"O Cen\u00e1rio do mercado sider\u00fargico para 2017 segundo Vilmar Ferreira - Grupo A\u00e7o Cearense","og_description":"Para come\u00e7ar com o p\u00e9 direito, veja o que o nosso presidente, Vilmar Ferreira, tem(...)","og_url":"https:\/\/previews.elleven.digital\/acocearense\/en\/o-cenario-do-mercado-siderurgico-para-2017-segundo-vilmar-ferreira\/","og_site_name":"Grupo A\u00e7o Cearense","article_published_time":"2017-03-09T12:07:02+00:00","article_modified_time":"2025-05-07T12:07:48+00:00","og_image":[{"width":980,"height":612,"url":"https:\/\/previews.elleven.digital\/acocearense\/wp-content\/uploads\/2025\/05\/expectativas-mercado-siderurgico-2017.jpg","type":"image\/jpeg"}],"author":"elleven","twitter_card":"summary_large_image","twitter_misc":{"Written by":"elleven","Est. reading time":"1 minute"},"schema":{"@context":"https:\/\/schema.org","@graph":[{"@type":"WebPage","@id":"https:\/\/previews.elleven.digital\/acocearense\/o-cenario-do-mercado-siderurgico-para-2017-segundo-vilmar-ferreira\/","url":"https:\/\/previews.elleven.digital\/acocearense\/o-cenario-do-mercado-siderurgico-para-2017-segundo-vilmar-ferreira\/","name":"O Cen\u00e1rio do mercado sider\u00fargico para 2017 segundo Vilmar Ferreira - Grupo A\u00e7o Cearense","isPartOf":{"@id":"https:\/\/previews.elleven.digital\/acocearense\/#website"},"primaryImageOfPage":{"@id":"https:\/\/previews.elleven.digital\/acocearense\/o-cenario-do-mercado-siderurgico-para-2017-segundo-vilmar-ferreira\/#primaryimage"},"image":{"@id":"https:\/\/previews.elleven.digital\/acocearense\/o-cenario-do-mercado-siderurgico-para-2017-segundo-vilmar-ferreira\/#primaryimage"},"thumbnailUrl":"https:\/\/previews.elleven.digital\/acocearense\/wp-content\/uploads\/2025\/05\/expectativas-mercado-siderurgico-2017.jpg","datePublished":"2017-03-09T12:07:02+00:00","dateModified":"2025-05-07T12:07:48+00:00","author":{"@id":"https:\/\/previews.elleven.digital\/acocearense\/#\/schema\/person\/8e9165eb3c33e0860485c7c5fc06a701"},"breadcrumb":{"@id":"https:\/\/previews.elleven.digital\/acocearense\/o-cenario-do-mercado-siderurgico-para-2017-segundo-vilmar-ferreira\/#breadcrumb"},"inLanguage":"en-US","potentialAction":[{"@type":"ReadAction","target":["https:\/\/previews.elleven.digital\/acocearense\/o-cenario-do-mercado-siderurgico-para-2017-segundo-vilmar-ferreira\/"]}]},{"@type":"ImageObject","inLanguage":"en-US","@id":"https:\/\/previews.elleven.digital\/acocearense\/o-cenario-do-mercado-siderurgico-para-2017-segundo-vilmar-ferreira\/#primaryimage","url":"https:\/\/previews.elleven.digital\/acocearense\/wp-content\/uploads\/2025\/05\/expectativas-mercado-siderurgico-2017.jpg","contentUrl":"https:\/\/previews.elleven.digital\/acocearense\/wp-content\/uploads\/2025\/05\/expectativas-mercado-siderurgico-2017.jpg","width":980,"height":612},{"@type":"BreadcrumbList","@id":"https:\/\/previews.elleven.digital\/acocearense\/o-cenario-do-mercado-siderurgico-para-2017-segundo-vilmar-ferreira\/#breadcrumb","itemListElement":[{"@type":"ListItem","position":1,"name":"In\u00edcio","item":"https:\/\/previews.elleven.digital\/acocearense\/"},{"@type":"ListItem","position":2,"name":"O Cen\u00e1rio do mercado sider\u00fargico para 2017 segundo Vilmar Ferreira"}]},{"@type":"WebSite","@id":"https:\/\/previews.elleven.digital\/acocearense\/#website","url":"https:\/\/previews.elleven.digital\/acocearense\/","name":"Cear\u00e1 Steel","description":"We have been in the Brazilian steel market for over 45 years.","alternateName":"A\u00e7o Cearense","potentialAction":[{"@type":"SearchAction","target":{"@type":"EntryPoint","urlTemplate":"https:\/\/previews.elleven.digital\/acocearense\/?s={search_term_string}"},"query-input":{"@type":"PropertyValueSpecification","valueRequired":true,"valueName":"search_term_string"}}],"inLanguage":"en-US"},{"@type":"Person","@id":"https:\/\/previews.elleven.digital\/acocearense\/#\/schema\/person\/8e9165eb3c33e0860485c7c5fc06a701","name":"elleven","image":{"@type":"ImageObject","inLanguage":"en-US","@id":"https:\/\/previews.elleven.digital\/acocearense\/#\/schema\/person\/image\/","url":"https:\/\/secure.gravatar.com\/avatar\/2a6afb49d9ecfed5dbc6c9606ce318b8bd07c077835179bddfd5d8209c03cb29?s=96&d=mm&r=g","contentUrl":"https:\/\/secure.gravatar.com\/avatar\/2a6afb49d9ecfed5dbc6c9606ce318b8bd07c077835179bddfd5d8209c03cb29?s=96&d=mm&r=g","caption":"elleven"},"sameAs":["http:\/\/localhost\/acocearense"],"url":"https:\/\/previews.elleven.digital\/acocearense\/en\/author\/elleven\/"}]}},"_links":{"self":[{"href":"https:\/\/previews.elleven.digital\/acocearense\/en\/wp-json\/wp\/v2\/posts\/963","targetHints":{"allow":["GET"]}}],"collection":[{"href":"https:\/\/previews.elleven.digital\/acocearense\/en\/wp-json\/wp\/v2\/posts"}],"about":[{"href":"https:\/\/previews.elleven.digital\/acocearense\/en\/wp-json\/wp\/v2\/types\/post"}],"author":[{"embeddable":true,"href":"https:\/\/previews.elleven.digital\/acocearense\/en\/wp-json\/wp\/v2\/users\/1"}],"replies":[{"embeddable":true,"href":"https:\/\/previews.elleven.digital\/acocearense\/en\/wp-json\/wp\/v2\/comments?post=963"}],"version-history":[{"count":1,"href":"https:\/\/previews.elleven.digital\/acocearense\/en\/wp-json\/wp\/v2\/posts\/963\/revisions"}],"predecessor-version":[{"id":964,"href":"https:\/\/previews.elleven.digital\/acocearense\/en\/wp-json\/wp\/v2\/posts\/963\/revisions\/964"}],"wp:featuredmedia":[{"embeddable":true,"href":"https:\/\/previews.elleven.digital\/acocearense\/en\/wp-json\/wp\/v2\/media\/957"}],"wp:attachment":[{"href":"https:\/\/previews.elleven.digital\/acocearense\/en\/wp-json\/wp\/v2\/media?parent=963"}],"wp:term":[{"taxonomy":"category","embeddable":true,"href":"https:\/\/previews.elleven.digital\/acocearense\/en\/wp-json\/wp\/v2\/categories?post=963"},{"taxonomy":"post_tag","embeddable":true,"href":"https:\/\/previews.elleven.digital\/acocearense\/en\/wp-json\/wp\/v2\/tags?post=963"}],"curies":[{"name":"wp","href":"https:\/\/api.w.org\/{rel}","templated":true}]}}