{"id":1320,"date":"2020-09-30T10:43:20","date_gmt":"2020-09-30T13:43:20","guid":{"rendered":"https:\/\/previews.elleven.digital\/acocearense\/?p=1320"},"modified":"2025-05-07T10:43:50","modified_gmt":"2025-05-07T13:43:50","slug":"a-importancia-da-reserva-de-emergencia-para-o-crescimento-da-sua-empresa","status":"publish","type":"post","link":"https:\/\/previews.elleven.digital\/acocearense\/en\/a-importancia-da-reserva-de-emergencia-para-o-crescimento-da-sua-empresa\/","title":{"rendered":"The importance of an emergency fund for the growth of your company"},"content":{"rendered":"<h2><b>Emergency fund: how important is it?<\/b><\/h2>\n<p>You&#039;ve probably heard the saying &quot;there&#039;s no point locking the door after the thief has broken in.&quot; The same goes for your company&#039;s finances. Don&#039;t fret when an international or even local crisis impacts your business. One thing is certain: change will always come, and the biggest ones usually come during moments of intense market tension and stress. The philosopher Heraclitus famously said, &quot;Nothing is permanent except change,&quot; so get ready, it will come.<\/p>\n<p>If you, like me, believe in the relentless force of change, you might think that when it arrives, you&#039;ll be one of the most adaptable given your open mind and heart. However, I suggest leaving aside the confidence of those who have already faced numerous challenges and built their own successful companies.<b>\u00a0adopt preventive measures such as establishing an emergency reserve fund<\/b>.<\/p>\n<p>According to research (03\/2020) by CNDL-National Confederation of Shopkeepers and SPC, less than half of Brazilians have the habit of saving, and it is observed that this practice also transcends to our companies.<\/p>\n<p>Accustomed to\u00a0<strong><a href=\"https:\/\/previews.elleven.digital\/acocearense\/en\/blog\/gestao\/retencao-de-clientes-na-crise-3-dicas-para-implementar-hoje-na-sua-empresa\/?setlang=no\">crises<\/a><\/strong>\u00a0Brazilian entrepreneurs know that in turbulent times, resources become scarcer, money disappears, interest and exchange rates soar overnight, customers disappear, and suppliers delay orders.<\/p>\n<p>A reserve fund allows you to deal with these challenges with greater peace of mind and even find opportunities using this liquidity. It will also be important for negotiating deadlines with clients and\u00a0<strong><a href=\"https:\/\/previews.elleven.digital\/acocearense\/en\/blog\/gestao\/relacionamento-com-fornecedores-aprenda-como-comprar-com-eficiencia\/\">suppliers<\/a><\/strong>, renegotiate debts with financial institutions, deal with protests and negative entries. In short,<b>\u00a0Making difficult decisions in times of crisis is always more expensive and risky than having some preparation and reserve to avoid feeling like someone has pulled the rug out from under you.<\/b>.<\/p>\n<figure id=\"attachment_3245\" class=\"no-caption alignnone\"><img loading=\"lazy\" decoding=\"async\" class=\"aligncenter wp-image-3245 size-full\" src=\"https:\/\/previews.elleven.digital\/acocearense\/blog\/wp-content\/uploads\/2020\/09\/fundo-de-reserva.jpg\" sizes=\"auto, (max-width: 626px) 100vw, 626px\" srcset=\"https:\/\/previews.elleven.digital\/acocearense\/blog\/wp-content\/uploads\/2020\/09\/fundo-de-reserva.jpg 626w, https:\/\/previews.elleven.digital\/acocearense\/blog\/wp-content\/uploads\/2020\/09\/fundo-de-reserva-300x200.jpg 300w\" alt=\"\" width=\"626\" height=\"417\" \/><\/figure>\n<h2><b>How to calculate the ideal reserve fund?<\/b><\/h2>\n<p>Convinced that an emergency fund is a good idea? So now comes the question: How much should this fund be? Accounting provides for capital reserves and profit reserves, but that&#039;s not what we&#039;re talking about. This is a strategic fund to weather the storms of the future.\u00a0<strong><a href=\"https:\/\/previews.elleven.digital\/acocearense\/en\/blog\/vender-mais\/dicas-para-empreendedores\/\">entrepreneurship<\/a><\/strong>\u00a0and the risks of changes in the business environment. This measurement is not easy and depends on the current condition of each business.<\/p>\n<p>Typically, you start by guaranteeing a short-term commitment period for the company, whether it&#039;s a week&#039;s payment or a month&#039;s bank debt.\u00a0<b>The important thing is to start with an achievable goal and, once achieved, increase it until it reaches market standards, such as a month&#039;s revenue.<\/b><\/p>\n<figure id=\"attachment_3246\" class=\"no-caption alignnone\"><img loading=\"lazy\" decoding=\"async\" class=\"aligncenter wp-image-3246 size-full\" src=\"https:\/\/previews.elleven.digital\/acocearense\/blog\/wp-content\/uploads\/2020\/09\/faturamento.jpg\" sizes=\"auto, (max-width: 626px) 100vw, 626px\" srcset=\"https:\/\/previews.elleven.digital\/acocearense\/blog\/wp-content\/uploads\/2020\/09\/faturamento.jpg 626w, https:\/\/previews.elleven.digital\/acocearense\/blog\/wp-content\/uploads\/2020\/09\/faturamento-300x200.jpg 300w\" alt=\"\" width=\"626\" height=\"417\" \/><\/figure>\n<h2><b>How to get more resources for your reserve fund?<\/b><\/h2>\n<p>Now you might be thinking that if it were easy, anyone would do it. Certainly, the life of an entrepreneur is a constant struggle, so I&#039;ll give you a tip to help you with the challenge of raising more funds for your reserve fund.<\/p>\n<p>If your company has been operating for several years, you may not stop to consider how much resources you&#039;ve already invested in your business. Look at the company&#039;s balance sheet to see how much capital is allocated.\u00a0<strong><a href=\"https:\/\/previews.elleven.digital\/acocearense\/en\/blog\/gestao\/como-gerar-valor-para-o-cliente-aprenda-as-principais-dicas\/\">customers<\/a><\/strong>, stocks and\u00a0<strong><a href=\"https:\/\/previews.elleven.digital\/acocearense\/en\/blog\/gestao-de-estoque\/gestao-de-fornecedores-qual-a-importancia-e-como-fazer\/?setlang=no\">suppliers<\/a><\/strong>, there is a great source of resources normally neglected by the commercial routine.<\/p>\n<p>Carefully manage sales deadlines,\u00a0<strong><a href=\"https:\/\/previews.elleven.digital\/acocearense\/en\/blog\/gestao-de-estoque\/curva-abc-solucao-para-os-problemas-de-seu-estoque\/?setlang=no\">stock levels<\/a><\/strong>\u00a0and spend time securing payment terms with your suppliers, which naturally your\u00a0<strong><a href=\"https:\/\/previews.elleven.digital\/acocearense\/en\/blog\/gestao\/necessidade-de-capital-de-giro-voce-sabe-o-que-e-e-sua-importancia\/\">working capital<\/a><\/strong>\u00a0will drain precious cash from the firm.<\/p>\n<p>Reading this article was already a first step, now building the reserve is up to you.<\/p>\n<p><strong>Good work and good business.\u00a0<\/strong><\/p>\n<figure id=\"attachment_3244\" class=\"no-caption alignnone\"><\/figure>\n<p><strong><i>Cl\u00e1udio Lustosa holds a Master&#039;s degree in Controllership and Administration (2011) from the Federal University of Cear\u00e1, an MBA in Corporate Finance from Saint Paul-SP (2015), a Specialist&#039;s degree in International Business (2006) from the State University of Cear\u00e1, and a Bachelor&#039;s degree in Economics from the Federal University of Cear\u00e1 (2004). He has over 15 years of professional experience in the financial sector, with emphasis on national and international corporate finance. He currently holds the position of Financial and Foreign Trade Manager at Grupo A\u00e7o Cearense.<\/i><\/strong><\/p>","protected":false},"excerpt":{"rendered":"<p>Emergency fund: how important is it? You\u2019ve probably heard the saying \u201cthere\u2019s no point in locking it up(\u2026)<\/p>","protected":false},"author":1,"featured_media":1299,"comment_status":"open","ping_status":"open","sticky":false,"template":"","format":"standard","meta":{"_acf_changed":false,"inline_featured_image":false,"footnotes":""},"categories":[28,32],"tags":[],"class_list":["post-1320","post","type-post","status-publish","format-standard","has-post-thumbnail","hentry","category-gestao","category-vender-mais"],"acf":[],"yoast_head":"<!-- This site is optimized with the Yoast SEO plugin v25.9 - https:\/\/yoast.com\/wordpress\/plugins\/seo\/ -->\n<title>A import\u00e2ncia da reserva de emerg\u00eancia para o crescimento da sua empresa - Grupo A\u00e7o Cearense<\/title>\n<meta name=\"robots\" content=\"index, follow, max-snippet:-1, max-image-preview:large, max-video-preview:-1\" \/>\n<link rel=\"canonical\" href=\"https:\/\/previews.elleven.digital\/acocearense\/en\/a-importancia-da-reserva-de-emergencia-para-o-crescimento-da-sua-empresa\/\" \/>\n<meta property=\"og:locale\" content=\"en_US\" \/>\n<meta property=\"og:type\" content=\"article\" \/>\n<meta property=\"og:title\" content=\"A import\u00e2ncia da reserva de emerg\u00eancia para o crescimento da sua empresa - Grupo A\u00e7o Cearense\" \/>\n<meta property=\"og:description\" content=\"Reserva de emerg\u00eancia: qual a import\u00e2ncia? Voc\u00ea certamente j\u00e1 ouviu o ditado \u201cn\u00e3o adianta trancar(...)\" \/>\n<meta property=\"og:url\" content=\"https:\/\/previews.elleven.digital\/acocearense\/en\/a-importancia-da-reserva-de-emergencia-para-o-crescimento-da-sua-empresa\/\" \/>\n<meta property=\"og:site_name\" content=\"Grupo A\u00e7o Cearense\" \/>\n<meta property=\"article:published_time\" content=\"2020-09-30T13:43:20+00:00\" \/>\n<meta property=\"article:modified_time\" content=\"2025-05-07T13:43:50+00:00\" \/>\n<meta property=\"og:image\" content=\"https:\/\/previews.elleven.digital\/acocearense\/wp-content\/uploads\/2025\/05\/claudio-lustosa.jpeg\" \/>\n\t<meta property=\"og:image:width\" content=\"980\" \/>\n\t<meta property=\"og:image:height\" content=\"612\" \/>\n\t<meta property=\"og:image:type\" content=\"image\/jpeg\" \/>\n<meta name=\"author\" content=\"elleven\" \/>\n<meta name=\"twitter:card\" content=\"summary_large_image\" \/>\n<meta name=\"twitter:label1\" content=\"Written by\" \/>\n\t<meta name=\"twitter:data1\" content=\"elleven\" \/>\n\t<meta name=\"twitter:label2\" content=\"Est. reading time\" \/>\n\t<meta name=\"twitter:data2\" content=\"5 minutes\" \/>\n<script type=\"application\/ld+json\" class=\"yoast-schema-graph\">{\"@context\":\"https:\/\/schema.org\",\"@graph\":[{\"@type\":\"WebPage\",\"@id\":\"https:\/\/previews.elleven.digital\/acocearense\/a-importancia-da-reserva-de-emergencia-para-o-crescimento-da-sua-empresa\/\",\"url\":\"https:\/\/previews.elleven.digital\/acocearense\/a-importancia-da-reserva-de-emergencia-para-o-crescimento-da-sua-empresa\/\",\"name\":\"A import\u00e2ncia da reserva de emerg\u00eancia para o crescimento da sua empresa - Grupo A\u00e7o Cearense\",\"isPartOf\":{\"@id\":\"https:\/\/previews.elleven.digital\/acocearense\/#website\"},\"primaryImageOfPage\":{\"@id\":\"https:\/\/previews.elleven.digital\/acocearense\/a-importancia-da-reserva-de-emergencia-para-o-crescimento-da-sua-empresa\/#primaryimage\"},\"image\":{\"@id\":\"https:\/\/previews.elleven.digital\/acocearense\/a-importancia-da-reserva-de-emergencia-para-o-crescimento-da-sua-empresa\/#primaryimage\"},\"thumbnailUrl\":\"https:\/\/previews.elleven.digital\/acocearense\/wp-content\/uploads\/2025\/05\/claudio-lustosa.jpeg\",\"datePublished\":\"2020-09-30T13:43:20+00:00\",\"dateModified\":\"2025-05-07T13:43:50+00:00\",\"author\":{\"@id\":\"https:\/\/previews.elleven.digital\/acocearense\/#\/schema\/person\/8e9165eb3c33e0860485c7c5fc06a701\"},\"breadcrumb\":{\"@id\":\"https:\/\/previews.elleven.digital\/acocearense\/a-importancia-da-reserva-de-emergencia-para-o-crescimento-da-sua-empresa\/#breadcrumb\"},\"inLanguage\":\"en-US\",\"potentialAction\":[{\"@type\":\"ReadAction\",\"target\":[\"https:\/\/previews.elleven.digital\/acocearense\/a-importancia-da-reserva-de-emergencia-para-o-crescimento-da-sua-empresa\/\"]}]},{\"@type\":\"ImageObject\",\"inLanguage\":\"en-US\",\"@id\":\"https:\/\/previews.elleven.digital\/acocearense\/a-importancia-da-reserva-de-emergencia-para-o-crescimento-da-sua-empresa\/#primaryimage\",\"url\":\"https:\/\/previews.elleven.digital\/acocearense\/wp-content\/uploads\/2025\/05\/claudio-lustosa.jpeg\",\"contentUrl\":\"https:\/\/previews.elleven.digital\/acocearense\/wp-content\/uploads\/2025\/05\/claudio-lustosa.jpeg\",\"width\":980,\"height\":612},{\"@type\":\"BreadcrumbList\",\"@id\":\"https:\/\/previews.elleven.digital\/acocearense\/a-importancia-da-reserva-de-emergencia-para-o-crescimento-da-sua-empresa\/#breadcrumb\",\"itemListElement\":[{\"@type\":\"ListItem\",\"position\":1,\"name\":\"In\u00edcio\",\"item\":\"https:\/\/previews.elleven.digital\/acocearense\/\"},{\"@type\":\"ListItem\",\"position\":2,\"name\":\"A import\u00e2ncia da reserva de emerg\u00eancia para o crescimento da sua empresa\"}]},{\"@type\":\"WebSite\",\"@id\":\"https:\/\/previews.elleven.digital\/acocearense\/#website\",\"url\":\"https:\/\/previews.elleven.digital\/acocearense\/\",\"name\":\"A\u00e7o Cearense\",\"description\":\"H\u00e1 mais de 45 anos no mercado brasileiro do a\u00e7o.\",\"alternateName\":\"A\u00e7o Cearense\",\"potentialAction\":[{\"@type\":\"SearchAction\",\"target\":{\"@type\":\"EntryPoint\",\"urlTemplate\":\"https:\/\/previews.elleven.digital\/acocearense\/?s={search_term_string}\"},\"query-input\":{\"@type\":\"PropertyValueSpecification\",\"valueRequired\":true,\"valueName\":\"search_term_string\"}}],\"inLanguage\":\"en-US\"},{\"@type\":\"Person\",\"@id\":\"https:\/\/previews.elleven.digital\/acocearense\/#\/schema\/person\/8e9165eb3c33e0860485c7c5fc06a701\",\"name\":\"elleven\",\"image\":{\"@type\":\"ImageObject\",\"inLanguage\":\"en-US\",\"@id\":\"https:\/\/previews.elleven.digital\/acocearense\/#\/schema\/person\/image\/\",\"url\":\"https:\/\/secure.gravatar.com\/avatar\/2a6afb49d9ecfed5dbc6c9606ce318b8bd07c077835179bddfd5d8209c03cb29?s=96&d=mm&r=g\",\"contentUrl\":\"https:\/\/secure.gravatar.com\/avatar\/2a6afb49d9ecfed5dbc6c9606ce318b8bd07c077835179bddfd5d8209c03cb29?s=96&d=mm&r=g\",\"caption\":\"elleven\"},\"sameAs\":[\"http:\/\/localhost\/acocearense\"],\"url\":\"https:\/\/previews.elleven.digital\/acocearense\/en\/author\/elleven\/\"}]}<\/script>\n<!-- \/ Yoast SEO plugin. -->","yoast_head_json":{"title":"A import\u00e2ncia da reserva de emerg\u00eancia para o crescimento da sua empresa - Grupo A\u00e7o Cearense","robots":{"index":"index","follow":"follow","max-snippet":"max-snippet:-1","max-image-preview":"max-image-preview:large","max-video-preview":"max-video-preview:-1"},"canonical":"https:\/\/previews.elleven.digital\/acocearense\/en\/a-importancia-da-reserva-de-emergencia-para-o-crescimento-da-sua-empresa\/","og_locale":"en_US","og_type":"article","og_title":"A import\u00e2ncia da reserva de emerg\u00eancia para o crescimento da sua empresa - Grupo A\u00e7o Cearense","og_description":"Reserva de emerg\u00eancia: qual a import\u00e2ncia? Voc\u00ea certamente j\u00e1 ouviu o ditado \u201cn\u00e3o adianta trancar(...)","og_url":"https:\/\/previews.elleven.digital\/acocearense\/en\/a-importancia-da-reserva-de-emergencia-para-o-crescimento-da-sua-empresa\/","og_site_name":"Grupo A\u00e7o Cearense","article_published_time":"2020-09-30T13:43:20+00:00","article_modified_time":"2025-05-07T13:43:50+00:00","og_image":[{"width":980,"height":612,"url":"https:\/\/previews.elleven.digital\/acocearense\/wp-content\/uploads\/2025\/05\/claudio-lustosa.jpeg","type":"image\/jpeg"}],"author":"elleven","twitter_card":"summary_large_image","twitter_misc":{"Written by":"elleven","Est. reading time":"5 minutes"},"schema":{"@context":"https:\/\/schema.org","@graph":[{"@type":"WebPage","@id":"https:\/\/previews.elleven.digital\/acocearense\/a-importancia-da-reserva-de-emergencia-para-o-crescimento-da-sua-empresa\/","url":"https:\/\/previews.elleven.digital\/acocearense\/a-importancia-da-reserva-de-emergencia-para-o-crescimento-da-sua-empresa\/","name":"A import\u00e2ncia da reserva de emerg\u00eancia para o crescimento da sua empresa - Grupo A\u00e7o Cearense","isPartOf":{"@id":"https:\/\/previews.elleven.digital\/acocearense\/#website"},"primaryImageOfPage":{"@id":"https:\/\/previews.elleven.digital\/acocearense\/a-importancia-da-reserva-de-emergencia-para-o-crescimento-da-sua-empresa\/#primaryimage"},"image":{"@id":"https:\/\/previews.elleven.digital\/acocearense\/a-importancia-da-reserva-de-emergencia-para-o-crescimento-da-sua-empresa\/#primaryimage"},"thumbnailUrl":"https:\/\/previews.elleven.digital\/acocearense\/wp-content\/uploads\/2025\/05\/claudio-lustosa.jpeg","datePublished":"2020-09-30T13:43:20+00:00","dateModified":"2025-05-07T13:43:50+00:00","author":{"@id":"https:\/\/previews.elleven.digital\/acocearense\/#\/schema\/person\/8e9165eb3c33e0860485c7c5fc06a701"},"breadcrumb":{"@id":"https:\/\/previews.elleven.digital\/acocearense\/a-importancia-da-reserva-de-emergencia-para-o-crescimento-da-sua-empresa\/#breadcrumb"},"inLanguage":"en-US","potentialAction":[{"@type":"ReadAction","target":["https:\/\/previews.elleven.digital\/acocearense\/a-importancia-da-reserva-de-emergencia-para-o-crescimento-da-sua-empresa\/"]}]},{"@type":"ImageObject","inLanguage":"en-US","@id":"https:\/\/previews.elleven.digital\/acocearense\/a-importancia-da-reserva-de-emergencia-para-o-crescimento-da-sua-empresa\/#primaryimage","url":"https:\/\/previews.elleven.digital\/acocearense\/wp-content\/uploads\/2025\/05\/claudio-lustosa.jpeg","contentUrl":"https:\/\/previews.elleven.digital\/acocearense\/wp-content\/uploads\/2025\/05\/claudio-lustosa.jpeg","width":980,"height":612},{"@type":"BreadcrumbList","@id":"https:\/\/previews.elleven.digital\/acocearense\/a-importancia-da-reserva-de-emergencia-para-o-crescimento-da-sua-empresa\/#breadcrumb","itemListElement":[{"@type":"ListItem","position":1,"name":"In\u00edcio","item":"https:\/\/previews.elleven.digital\/acocearense\/"},{"@type":"ListItem","position":2,"name":"A import\u00e2ncia da reserva de emerg\u00eancia para o crescimento da sua empresa"}]},{"@type":"WebSite","@id":"https:\/\/previews.elleven.digital\/acocearense\/#website","url":"https:\/\/previews.elleven.digital\/acocearense\/","name":"Cear\u00e1 Steel","description":"We have been in the Brazilian steel market for over 45 years.","alternateName":"A\u00e7o Cearense","potentialAction":[{"@type":"SearchAction","target":{"@type":"EntryPoint","urlTemplate":"https:\/\/previews.elleven.digital\/acocearense\/?s={search_term_string}"},"query-input":{"@type":"PropertyValueSpecification","valueRequired":true,"valueName":"search_term_string"}}],"inLanguage":"en-US"},{"@type":"Person","@id":"https:\/\/previews.elleven.digital\/acocearense\/#\/schema\/person\/8e9165eb3c33e0860485c7c5fc06a701","name":"elleven","image":{"@type":"ImageObject","inLanguage":"en-US","@id":"https:\/\/previews.elleven.digital\/acocearense\/#\/schema\/person\/image\/","url":"https:\/\/secure.gravatar.com\/avatar\/2a6afb49d9ecfed5dbc6c9606ce318b8bd07c077835179bddfd5d8209c03cb29?s=96&d=mm&r=g","contentUrl":"https:\/\/secure.gravatar.com\/avatar\/2a6afb49d9ecfed5dbc6c9606ce318b8bd07c077835179bddfd5d8209c03cb29?s=96&d=mm&r=g","caption":"elleven"},"sameAs":["http:\/\/localhost\/acocearense"],"url":"https:\/\/previews.elleven.digital\/acocearense\/en\/author\/elleven\/"}]}},"_links":{"self":[{"href":"https:\/\/previews.elleven.digital\/acocearense\/en\/wp-json\/wp\/v2\/posts\/1320","targetHints":{"allow":["GET"]}}],"collection":[{"href":"https:\/\/previews.elleven.digital\/acocearense\/en\/wp-json\/wp\/v2\/posts"}],"about":[{"href":"https:\/\/previews.elleven.digital\/acocearense\/en\/wp-json\/wp\/v2\/types\/post"}],"author":[{"embeddable":true,"href":"https:\/\/previews.elleven.digital\/acocearense\/en\/wp-json\/wp\/v2\/users\/1"}],"replies":[{"embeddable":true,"href":"https:\/\/previews.elleven.digital\/acocearense\/en\/wp-json\/wp\/v2\/comments?post=1320"}],"version-history":[{"count":1,"href":"https:\/\/previews.elleven.digital\/acocearense\/en\/wp-json\/wp\/v2\/posts\/1320\/revisions"}],"predecessor-version":[{"id":1321,"href":"https:\/\/previews.elleven.digital\/acocearense\/en\/wp-json\/wp\/v2\/posts\/1320\/revisions\/1321"}],"wp:featuredmedia":[{"embeddable":true,"href":"https:\/\/previews.elleven.digital\/acocearense\/en\/wp-json\/wp\/v2\/media\/1299"}],"wp:attachment":[{"href":"https:\/\/previews.elleven.digital\/acocearense\/en\/wp-json\/wp\/v2\/media?parent=1320"}],"wp:term":[{"taxonomy":"category","embeddable":true,"href":"https:\/\/previews.elleven.digital\/acocearense\/en\/wp-json\/wp\/v2\/categories?post=1320"},{"taxonomy":"post_tag","embeddable":true,"href":"https:\/\/previews.elleven.digital\/acocearense\/en\/wp-json\/wp\/v2\/tags?post=1320"}],"curies":[{"name":"wp","href":"https:\/\/api.w.org\/{rel}","templated":true}]}}