{"id":1258,"date":"2019-12-10T10:24:38","date_gmt":"2019-12-10T13:24:38","guid":{"rendered":"https:\/\/previews.elleven.digital\/acocearense\/?p=1258"},"modified":"2025-05-07T10:24:57","modified_gmt":"2025-05-07T13:24:57","slug":"gerenciamento-de-redes-sociais-por-que-e-importante-fazer","status":"publish","type":"post","link":"https:\/\/previews.elleven.digital\/acocearense\/en\/gerenciamento-de-redes-sociais-por-que-e-importante-fazer\/","title":{"rendered":"Social media management: why is it important to do it?"},"content":{"rendered":"<p>We have over 140 million active users on social media, according to a\u00a0<a href=\"https:\/\/rockcontent.com\/blog\/redes-sociais-mais-usadas-no-brasil\/\">study<\/a>\u00a0released in the first half of 2019. Given their popularity, it&#039;s only natural that companies are also using these channels to capture the public&#039;s attention. But don&#039;t think that social media management should be limited to posting content on your brand&#039;s profile. These platforms have a lot of potential to be explored.<\/p>\n<p>Just like in traditional media (TV, radio, newspapers, etc.), you need to deal with the high\u00a0<a href=\"https:\/\/previews.elleven.digital\/acocearense\/en\/blog\/gestao\/como-se-diferenciar-da-concorrencia\/\">competition<\/a>In fact, this can occur even more intensely in the virtual world. Therefore, it&#039;s necessary to develop a strategic plan so that your brand can use social media more efficiently and, consequently, improve business results.<\/p>\n<p>Want to know how to do good management?\u00a0<a href=\"https:\/\/previews.elleven.digital\/acocearense\/en\/blog\/gestao\/entenda-como-fazer-um-bom-atendimento-pelas-redes-sociais\/\">social media<\/a>? Keep reading and learn!<\/p>\n<h2>Define good strategies<\/h2>\n<p>As we&#039;ve said, competition in the digital world is fierce. Therefore, the first step for anyone who wants to stand out is to create a strategic plan, which will serve as a guide to direct the business toward the most appropriate path with the customer. Ideally, it should answer questions such as:<\/p>\n<ul>\n<li>How often to communicate with the public?<\/li>\n<li>What language should be used?<\/li>\n<li>What topics to address?<\/li>\n<li>How to measure the results of these efforts?<\/li>\n<\/ul>\n<h2>Produce relevant content<\/h2>\n<p>Some content works better on some networks than others. For example, a good idea is to use YouTube and Instagram to showcase your company&#039;s day-to-day activities, as they are more visual networks. Facebook, on the other hand, can be the ideal platform for sharing links to your blog and advertising your products and services.<\/p>\n<p>In other words, you need to know what type of content is most relevant and appropriate for each network and consumers. Let&#039;s say you want to reach professionals from small and medium-sized businesses. In this case, it&#039;s a mistake to promote content aimed at large corporations. Therefore,\u00a0<a href=\"https:\/\/previews.elleven.digital\/acocearense\/en\/blog\/abrindo-o-negocio\/conheca-o-perfil-do-consumidor-de-seus-produtos-e-aumente-as-vendas\/\">know your audience<\/a>\u00a0and learn how to win it over on each social network.<\/p>\n<h2>Be consistent<\/h2>\n<p>Social media management is a task that should be performed by professionals who truly understand the subject and are dedicated to it. After all, it&#039;s hard work and requires consistency.<\/p>\n<p>This means that if you post something today and only update your profile again in two weeks, you&#039;re unlikely to achieve any results. Posting frequency is crucial to cementing your brand in your audience&#039;s mind and establishing a strong relationship with them.<\/p>\n<h2>Schedule your publications<\/h2>\n<p>To avoid missing any posts and save time, take advantage of social media planning tools that schedule posts in advance for you. This is especially important if your account is larger and has a high level of engagement. However, remember to check it frequently throughout the day to respond to any interaction from your audience.<\/p>\n<p>In other words, to achieve effective social media management, there&#039;s nothing better than prioritizing the quality of posts and delegating this task to qualified professionals. And to check whether your efforts are working, be sure to use tools that measure results.<\/p>\n<p>So, did you like our post and want to receive our content updates? Subscribe to our newsletter!<\/p>","protected":false},"excerpt":{"rendered":"<p>We have more than 140 million active users on social media, according to a study released in the first(\u2026)<\/p>","protected":false},"author":1,"featured_media":1234,"comment_status":"open","ping_status":"open","sticky":false,"template":"","format":"standard","meta":{"_acf_changed":false,"inline_featured_image":false,"footnotes":""},"categories":[27],"tags":[],"class_list":["post-1258","post","type-post","status-publish","format-standard","has-post-thumbnail","hentry","category-abrindo-o-negocio"],"acf":[],"yoast_head":"<!-- This site is optimized with the Yoast SEO plugin v25.9 - https:\/\/yoast.com\/wordpress\/plugins\/seo\/ -->\n<title>Gerenciamento de redes sociais: por que \u00e9 importante fazer? - Grupo A\u00e7o Cearense<\/title>\n<meta name=\"robots\" content=\"index, follow, max-snippet:-1, max-image-preview:large, max-video-preview:-1\" \/>\n<link rel=\"canonical\" href=\"https:\/\/previews.elleven.digital\/acocearense\/en\/gerenciamento-de-redes-sociais-por-que-e-importante-fazer\/\" \/>\n<meta property=\"og:locale\" content=\"en_US\" \/>\n<meta property=\"og:type\" content=\"article\" \/>\n<meta property=\"og:title\" content=\"Gerenciamento de redes sociais: por que \u00e9 importante fazer? - Grupo A\u00e7o Cearense\" \/>\n<meta property=\"og:description\" content=\"Temos mais de 140 milh\u00f5es de usu\u00e1rios ativos nas m\u00eddias sociais, segundo um\u00a0estudo\u00a0divulgado no primeiro(...)\" \/>\n<meta property=\"og:url\" content=\"https:\/\/previews.elleven.digital\/acocearense\/en\/gerenciamento-de-redes-sociais-por-que-e-importante-fazer\/\" \/>\n<meta property=\"og:site_name\" content=\"Grupo A\u00e7o Cearense\" \/>\n<meta property=\"article:published_time\" content=\"2019-12-10T13:24:38+00:00\" \/>\n<meta property=\"article:modified_time\" content=\"2025-05-07T13:24:57+00:00\" \/>\n<meta property=\"og:image\" content=\"https:\/\/previews.elleven.digital\/acocearense\/wp-content\/uploads\/2025\/05\/314169-gerenciamento-de-redes-sociais-por-que-e-importante-fazer-1090x720-1.jpg\" \/>\n\t<meta property=\"og:image:width\" content=\"1090\" \/>\n\t<meta property=\"og:image:height\" content=\"720\" \/>\n\t<meta property=\"og:image:type\" content=\"image\/jpeg\" \/>\n<meta name=\"author\" content=\"elleven\" \/>\n<meta name=\"twitter:card\" content=\"summary_large_image\" \/>\n<meta name=\"twitter:label1\" content=\"Written by\" \/>\n\t<meta name=\"twitter:data1\" content=\"elleven\" \/>\n\t<meta name=\"twitter:label2\" content=\"Est. reading time\" \/>\n\t<meta name=\"twitter:data2\" content=\"3 minutes\" \/>\n<script type=\"application\/ld+json\" class=\"yoast-schema-graph\">{\"@context\":\"https:\/\/schema.org\",\"@graph\":[{\"@type\":\"WebPage\",\"@id\":\"https:\/\/previews.elleven.digital\/acocearense\/gerenciamento-de-redes-sociais-por-que-e-importante-fazer\/\",\"url\":\"https:\/\/previews.elleven.digital\/acocearense\/gerenciamento-de-redes-sociais-por-que-e-importante-fazer\/\",\"name\":\"Gerenciamento de redes sociais: por que \u00e9 importante fazer? - Grupo A\u00e7o Cearense\",\"isPartOf\":{\"@id\":\"https:\/\/previews.elleven.digital\/acocearense\/#website\"},\"primaryImageOfPage\":{\"@id\":\"https:\/\/previews.elleven.digital\/acocearense\/gerenciamento-de-redes-sociais-por-que-e-importante-fazer\/#primaryimage\"},\"image\":{\"@id\":\"https:\/\/previews.elleven.digital\/acocearense\/gerenciamento-de-redes-sociais-por-que-e-importante-fazer\/#primaryimage\"},\"thumbnailUrl\":\"https:\/\/previews.elleven.digital\/acocearense\/wp-content\/uploads\/2025\/05\/314169-gerenciamento-de-redes-sociais-por-que-e-importante-fazer-1090x720-1.jpg\",\"datePublished\":\"2019-12-10T13:24:38+00:00\",\"dateModified\":\"2025-05-07T13:24:57+00:00\",\"author\":{\"@id\":\"https:\/\/previews.elleven.digital\/acocearense\/#\/schema\/person\/8e9165eb3c33e0860485c7c5fc06a701\"},\"breadcrumb\":{\"@id\":\"https:\/\/previews.elleven.digital\/acocearense\/gerenciamento-de-redes-sociais-por-que-e-importante-fazer\/#breadcrumb\"},\"inLanguage\":\"en-US\",\"potentialAction\":[{\"@type\":\"ReadAction\",\"target\":[\"https:\/\/previews.elleven.digital\/acocearense\/gerenciamento-de-redes-sociais-por-que-e-importante-fazer\/\"]}]},{\"@type\":\"ImageObject\",\"inLanguage\":\"en-US\",\"@id\":\"https:\/\/previews.elleven.digital\/acocearense\/gerenciamento-de-redes-sociais-por-que-e-importante-fazer\/#primaryimage\",\"url\":\"https:\/\/previews.elleven.digital\/acocearense\/wp-content\/uploads\/2025\/05\/314169-gerenciamento-de-redes-sociais-por-que-e-importante-fazer-1090x720-1.jpg\",\"contentUrl\":\"https:\/\/previews.elleven.digital\/acocearense\/wp-content\/uploads\/2025\/05\/314169-gerenciamento-de-redes-sociais-por-que-e-importante-fazer-1090x720-1.jpg\",\"width\":1090,\"height\":720},{\"@type\":\"BreadcrumbList\",\"@id\":\"https:\/\/previews.elleven.digital\/acocearense\/gerenciamento-de-redes-sociais-por-que-e-importante-fazer\/#breadcrumb\",\"itemListElement\":[{\"@type\":\"ListItem\",\"position\":1,\"name\":\"In\u00edcio\",\"item\":\"https:\/\/previews.elleven.digital\/acocearense\/\"},{\"@type\":\"ListItem\",\"position\":2,\"name\":\"Gerenciamento de redes sociais: por que \u00e9 importante fazer?\"}]},{\"@type\":\"WebSite\",\"@id\":\"https:\/\/previews.elleven.digital\/acocearense\/#website\",\"url\":\"https:\/\/previews.elleven.digital\/acocearense\/\",\"name\":\"A\u00e7o Cearense\",\"description\":\"H\u00e1 mais de 45 anos no mercado brasileiro do a\u00e7o.\",\"alternateName\":\"A\u00e7o Cearense\",\"potentialAction\":[{\"@type\":\"SearchAction\",\"target\":{\"@type\":\"EntryPoint\",\"urlTemplate\":\"https:\/\/previews.elleven.digital\/acocearense\/?s={search_term_string}\"},\"query-input\":{\"@type\":\"PropertyValueSpecification\",\"valueRequired\":true,\"valueName\":\"search_term_string\"}}],\"inLanguage\":\"en-US\"},{\"@type\":\"Person\",\"@id\":\"https:\/\/previews.elleven.digital\/acocearense\/#\/schema\/person\/8e9165eb3c33e0860485c7c5fc06a701\",\"name\":\"elleven\",\"image\":{\"@type\":\"ImageObject\",\"inLanguage\":\"en-US\",\"@id\":\"https:\/\/previews.elleven.digital\/acocearense\/#\/schema\/person\/image\/\",\"url\":\"https:\/\/secure.gravatar.com\/avatar\/2a6afb49d9ecfed5dbc6c9606ce318b8bd07c077835179bddfd5d8209c03cb29?s=96&d=mm&r=g\",\"contentUrl\":\"https:\/\/secure.gravatar.com\/avatar\/2a6afb49d9ecfed5dbc6c9606ce318b8bd07c077835179bddfd5d8209c03cb29?s=96&d=mm&r=g\",\"caption\":\"elleven\"},\"sameAs\":[\"http:\/\/localhost\/acocearense\"],\"url\":\"https:\/\/previews.elleven.digital\/acocearense\/en\/author\/elleven\/\"}]}<\/script>\n<!-- \/ Yoast SEO plugin. -->","yoast_head_json":{"title":"Gerenciamento de redes sociais: por que \u00e9 importante fazer? - Grupo A\u00e7o Cearense","robots":{"index":"index","follow":"follow","max-snippet":"max-snippet:-1","max-image-preview":"max-image-preview:large","max-video-preview":"max-video-preview:-1"},"canonical":"https:\/\/previews.elleven.digital\/acocearense\/en\/gerenciamento-de-redes-sociais-por-que-e-importante-fazer\/","og_locale":"en_US","og_type":"article","og_title":"Gerenciamento de redes sociais: por que \u00e9 importante fazer? - Grupo A\u00e7o Cearense","og_description":"Temos mais de 140 milh\u00f5es de usu\u00e1rios ativos nas m\u00eddias sociais, segundo um\u00a0estudo\u00a0divulgado no primeiro(...)","og_url":"https:\/\/previews.elleven.digital\/acocearense\/en\/gerenciamento-de-redes-sociais-por-que-e-importante-fazer\/","og_site_name":"Grupo A\u00e7o Cearense","article_published_time":"2019-12-10T13:24:38+00:00","article_modified_time":"2025-05-07T13:24:57+00:00","og_image":[{"width":1090,"height":720,"url":"https:\/\/previews.elleven.digital\/acocearense\/wp-content\/uploads\/2025\/05\/314169-gerenciamento-de-redes-sociais-por-que-e-importante-fazer-1090x720-1.jpg","type":"image\/jpeg"}],"author":"elleven","twitter_card":"summary_large_image","twitter_misc":{"Written by":"elleven","Est. reading time":"3 minutes"},"schema":{"@context":"https:\/\/schema.org","@graph":[{"@type":"WebPage","@id":"https:\/\/previews.elleven.digital\/acocearense\/gerenciamento-de-redes-sociais-por-que-e-importante-fazer\/","url":"https:\/\/previews.elleven.digital\/acocearense\/gerenciamento-de-redes-sociais-por-que-e-importante-fazer\/","name":"Gerenciamento de redes sociais: por que \u00e9 importante fazer? - Grupo A\u00e7o Cearense","isPartOf":{"@id":"https:\/\/previews.elleven.digital\/acocearense\/#website"},"primaryImageOfPage":{"@id":"https:\/\/previews.elleven.digital\/acocearense\/gerenciamento-de-redes-sociais-por-que-e-importante-fazer\/#primaryimage"},"image":{"@id":"https:\/\/previews.elleven.digital\/acocearense\/gerenciamento-de-redes-sociais-por-que-e-importante-fazer\/#primaryimage"},"thumbnailUrl":"https:\/\/previews.elleven.digital\/acocearense\/wp-content\/uploads\/2025\/05\/314169-gerenciamento-de-redes-sociais-por-que-e-importante-fazer-1090x720-1.jpg","datePublished":"2019-12-10T13:24:38+00:00","dateModified":"2025-05-07T13:24:57+00:00","author":{"@id":"https:\/\/previews.elleven.digital\/acocearense\/#\/schema\/person\/8e9165eb3c33e0860485c7c5fc06a701"},"breadcrumb":{"@id":"https:\/\/previews.elleven.digital\/acocearense\/gerenciamento-de-redes-sociais-por-que-e-importante-fazer\/#breadcrumb"},"inLanguage":"en-US","potentialAction":[{"@type":"ReadAction","target":["https:\/\/previews.elleven.digital\/acocearense\/gerenciamento-de-redes-sociais-por-que-e-importante-fazer\/"]}]},{"@type":"ImageObject","inLanguage":"en-US","@id":"https:\/\/previews.elleven.digital\/acocearense\/gerenciamento-de-redes-sociais-por-que-e-importante-fazer\/#primaryimage","url":"https:\/\/previews.elleven.digital\/acocearense\/wp-content\/uploads\/2025\/05\/314169-gerenciamento-de-redes-sociais-por-que-e-importante-fazer-1090x720-1.jpg","contentUrl":"https:\/\/previews.elleven.digital\/acocearense\/wp-content\/uploads\/2025\/05\/314169-gerenciamento-de-redes-sociais-por-que-e-importante-fazer-1090x720-1.jpg","width":1090,"height":720},{"@type":"BreadcrumbList","@id":"https:\/\/previews.elleven.digital\/acocearense\/gerenciamento-de-redes-sociais-por-que-e-importante-fazer\/#breadcrumb","itemListElement":[{"@type":"ListItem","position":1,"name":"In\u00edcio","item":"https:\/\/previews.elleven.digital\/acocearense\/"},{"@type":"ListItem","position":2,"name":"Gerenciamento de redes sociais: por que \u00e9 importante fazer?"}]},{"@type":"WebSite","@id":"https:\/\/previews.elleven.digital\/acocearense\/#website","url":"https:\/\/previews.elleven.digital\/acocearense\/","name":"Cear\u00e1 Steel","description":"We have been in the Brazilian steel market for over 45 years.","alternateName":"A\u00e7o Cearense","potentialAction":[{"@type":"SearchAction","target":{"@type":"EntryPoint","urlTemplate":"https:\/\/previews.elleven.digital\/acocearense\/?s={search_term_string}"},"query-input":{"@type":"PropertyValueSpecification","valueRequired":true,"valueName":"search_term_string"}}],"inLanguage":"en-US"},{"@type":"Person","@id":"https:\/\/previews.elleven.digital\/acocearense\/#\/schema\/person\/8e9165eb3c33e0860485c7c5fc06a701","name":"elleven","image":{"@type":"ImageObject","inLanguage":"en-US","@id":"https:\/\/previews.elleven.digital\/acocearense\/#\/schema\/person\/image\/","url":"https:\/\/secure.gravatar.com\/avatar\/2a6afb49d9ecfed5dbc6c9606ce318b8bd07c077835179bddfd5d8209c03cb29?s=96&d=mm&r=g","contentUrl":"https:\/\/secure.gravatar.com\/avatar\/2a6afb49d9ecfed5dbc6c9606ce318b8bd07c077835179bddfd5d8209c03cb29?s=96&d=mm&r=g","caption":"elleven"},"sameAs":["http:\/\/localhost\/acocearense"],"url":"https:\/\/previews.elleven.digital\/acocearense\/en\/author\/elleven\/"}]}},"_links":{"self":[{"href":"https:\/\/previews.elleven.digital\/acocearense\/en\/wp-json\/wp\/v2\/posts\/1258","targetHints":{"allow":["GET"]}}],"collection":[{"href":"https:\/\/previews.elleven.digital\/acocearense\/en\/wp-json\/wp\/v2\/posts"}],"about":[{"href":"https:\/\/previews.elleven.digital\/acocearense\/en\/wp-json\/wp\/v2\/types\/post"}],"author":[{"embeddable":true,"href":"https:\/\/previews.elleven.digital\/acocearense\/en\/wp-json\/wp\/v2\/users\/1"}],"replies":[{"embeddable":true,"href":"https:\/\/previews.elleven.digital\/acocearense\/en\/wp-json\/wp\/v2\/comments?post=1258"}],"version-history":[{"count":1,"href":"https:\/\/previews.elleven.digital\/acocearense\/en\/wp-json\/wp\/v2\/posts\/1258\/revisions"}],"predecessor-version":[{"id":1259,"href":"https:\/\/previews.elleven.digital\/acocearense\/en\/wp-json\/wp\/v2\/posts\/1258\/revisions\/1259"}],"wp:featuredmedia":[{"embeddable":true,"href":"https:\/\/previews.elleven.digital\/acocearense\/en\/wp-json\/wp\/v2\/media\/1234"}],"wp:attachment":[{"href":"https:\/\/previews.elleven.digital\/acocearense\/en\/wp-json\/wp\/v2\/media?parent=1258"}],"wp:term":[{"taxonomy":"category","embeddable":true,"href":"https:\/\/previews.elleven.digital\/acocearense\/en\/wp-json\/wp\/v2\/categories?post=1258"},{"taxonomy":"post_tag","embeddable":true,"href":"https:\/\/previews.elleven.digital\/acocearense\/en\/wp-json\/wp\/v2\/tags?post=1258"}],"curies":[{"name":"wp","href":"https:\/\/api.w.org\/{rel}","templated":true}]}}