{"id":1038,"date":"2018-01-09T09:29:31","date_gmt":"2018-01-09T11:29:31","guid":{"rendered":"https:\/\/previews.elleven.digital\/acocearense\/?p=1038"},"modified":"2025-05-07T09:29:54","modified_gmt":"2025-05-07T12:29:54","slug":"confira-o-panorama-do-mercado-para-a-construcao-civil-em-2018","status":"publish","type":"post","link":"https:\/\/previews.elleven.digital\/acocearense\/en\/confira-o-panorama-do-mercado-para-a-construcao-civil-em-2018\/","title":{"rendered":"Check out the market overview for the construction industry in 2018"},"content":{"rendered":"<p>In a time of uncertainty and major economic and political upheaval, the market is hoping for a resumption of growth that can offset losses.<\/p>\n<p>Still with a considerable degree of anxiety, many businesspeople discuss the current situation in the country and try to anticipate what will happen to the construction industry in\u00a0<a href=\"https:\/\/previews.elleven.digital\/acocearense\/en\/blog\/vender-mais\/dicas-para-fazer-o-planejamento-financeiro-da-sua-loja-de-ferro-e-aco-para-2018\/\" target=\"_blank\" rel=\"noopener noreferrer\">2018<\/a>.<\/p>\n<p>Even though no one can truly say what will happen, it is possible to evaluate what has happened and speculate about the short-term future based on some signs perceived in the national context.<\/p>\n<h2>The recent past<\/h2>\n<p>Over the past four years, the construction market has seen a significant decline. Following the downward trend in the economy, the situation has become complicated, and many companies have faced difficult times.<\/p>\n<p>Among several factors, three factors marked years of low business volume and significant investor fears. The first was the weakening of mortgage access programs. After a period marked by a renewed reduction in the housing deficit, the pace of growth slowed.<\/p>\n<p>Another relevant aspect was the increase in\u00a0<a href=\"https:\/\/previews.elleven.digital\/acocearense\/en\/blog\/gestao\/lider-de-equipe-como-lidar-com-a-demissao-e-dispensa-de-funcionarios\/\" target=\"_blank\" rel=\"noopener noreferrer\">unemployment<\/a>With less money circulating and a lot of uncertainty, families across the country have seen their incomes shrink.<\/p>\n<p>All of this leads to the third point: the decline in the number of new projects. Lacking confidence in the consumer market and facing declining demand, entrepreneurs decided to reduce their investment in construction sites. Many shifted their resources to other financial options and funds.<\/p>\n<h2>The future outlook for construction in 2018<\/h2>\n<p>After a period of intense political turmoil, albeit without ideological debate, the current situation is less uncertain. It&#039;s important to remember that 2018 is an election year, so it&#039;s natural that many companies are still assessing the situation to define medium-term labor policies.<\/p>\n<p>In any case, the drop in interest rates has been an encouraging factor for the construction market. This is because banks will likely reduce the rates applied to real estate loans, which is good for the productive sectors, buyers, and also for increasing sales.\u00a0<a href=\"https:\/\/previews.elleven.digital\/acocearense\/en\/blog\/vender-mais\/dicas-de-vendas-como-lidar-com-objecoes-de-clientes\/\" target=\"_blank\" rel=\"noopener noreferrer\">sales<\/a>.<\/p>\n<p>The reduction in interest rates also has another significant impact: the reduction in the profitability of financial products. With lower profits, keeping money invested in banks, the economy is likely to start moving again.<\/p>\n<p>Important figures and entities such as, for example, Pedro Fernandes (president of the Brazilian Real Estate Market Association); Aur\u00e9lio Luiz de Oliveira J\u00fanior (president of the Civil Construction Industry Union of the Western Region of the State of S\u00e3o Paulo); Edson Martins Ant\u00f4nio (director of operations at Athena Constru\u00e7\u00f5es); the Research Institute Foundation and the Brazilian Association of Real Estate Developers; in general, believe that the market has begun to react favorably, and expectations are for improvements in 2018.<\/p>\n<p>Everything indicates that, even without a very sharp increase, the construction sector in 2018 will be able to achieve much more favorable results than those achieved in recent years.<\/p>\n<p>And you, what&#039;s your outlook and plans for this year? Any projects you need to take off the shelf? Do you need to review your budget or make any adjustments?\u00a0<a href=\"http:\/\/www.grupoacocearense.com.br\/contato\" target=\"_blank\" rel=\"noopener noreferrer\">Contact us<\/a>\u00a0so we can help you make 2018 a more productive year.<\/p>","protected":false},"excerpt":{"rendered":"<p>In a time of uncertainty and major economic and political movements; the market expects(\u2026)<\/p>","protected":false},"author":1,"featured_media":1011,"comment_status":"open","ping_status":"open","sticky":false,"template":"","format":"standard","meta":{"_acf_changed":false,"inline_featured_image":false,"footnotes":""},"categories":[32],"tags":[],"class_list":["post-1038","post","type-post","status-publish","format-standard","has-post-thumbnail","hentry","category-vender-mais"],"acf":[],"yoast_head":"<!-- This site is optimized with the Yoast SEO plugin v25.9 - https:\/\/yoast.com\/wordpress\/plugins\/seo\/ -->\n<title>Confira o panorama do mercado para a constru\u00e7\u00e3o civil em 2018 - Grupo A\u00e7o Cearense<\/title>\n<meta name=\"robots\" content=\"index, follow, max-snippet:-1, max-image-preview:large, max-video-preview:-1\" \/>\n<link rel=\"canonical\" href=\"https:\/\/previews.elleven.digital\/acocearense\/en\/confira-o-panorama-do-mercado-para-a-construcao-civil-em-2018\/\" \/>\n<meta property=\"og:locale\" content=\"en_US\" \/>\n<meta property=\"og:type\" content=\"article\" \/>\n<meta property=\"og:title\" content=\"Confira o panorama do mercado para a constru\u00e7\u00e3o civil em 2018 - Grupo A\u00e7o Cearense\" \/>\n<meta property=\"og:description\" content=\"Em um tempo de incertezas e de grandes movimenta\u00e7\u00f5es econ\u00f4micas e pol\u00edticas; o mercado espera(...)\" \/>\n<meta property=\"og:url\" content=\"https:\/\/previews.elleven.digital\/acocearense\/en\/confira-o-panorama-do-mercado-para-a-construcao-civil-em-2018\/\" \/>\n<meta property=\"og:site_name\" content=\"Grupo A\u00e7o Cearense\" \/>\n<meta property=\"article:published_time\" content=\"2018-01-09T11:29:31+00:00\" \/>\n<meta property=\"article:modified_time\" content=\"2025-05-07T12:29:54+00:00\" \/>\n<meta property=\"og:image\" content=\"https:\/\/previews.elleven.digital\/acocearense\/wp-content\/uploads\/2025\/05\/159132-confira-o-panorama-do-mercado-para-a-construcao-civil-em-2018.jpg\" \/>\n\t<meta property=\"og:image:width\" content=\"1000\" \/>\n\t<meta property=\"og:image:height\" content=\"667\" \/>\n\t<meta property=\"og:image:type\" content=\"image\/jpeg\" \/>\n<meta name=\"author\" content=\"elleven\" \/>\n<meta name=\"twitter:card\" content=\"summary_large_image\" \/>\n<meta name=\"twitter:label1\" content=\"Written by\" \/>\n\t<meta name=\"twitter:data1\" content=\"elleven\" \/>\n\t<meta name=\"twitter:label2\" content=\"Est. reading time\" \/>\n\t<meta name=\"twitter:data2\" content=\"4 minutes\" \/>\n<script type=\"application\/ld+json\" class=\"yoast-schema-graph\">{\"@context\":\"https:\/\/schema.org\",\"@graph\":[{\"@type\":\"WebPage\",\"@id\":\"https:\/\/previews.elleven.digital\/acocearense\/confira-o-panorama-do-mercado-para-a-construcao-civil-em-2018\/\",\"url\":\"https:\/\/previews.elleven.digital\/acocearense\/confira-o-panorama-do-mercado-para-a-construcao-civil-em-2018\/\",\"name\":\"Confira o panorama do mercado para a constru\u00e7\u00e3o civil em 2018 - Grupo A\u00e7o Cearense\",\"isPartOf\":{\"@id\":\"https:\/\/previews.elleven.digital\/acocearense\/#website\"},\"primaryImageOfPage\":{\"@id\":\"https:\/\/previews.elleven.digital\/acocearense\/confira-o-panorama-do-mercado-para-a-construcao-civil-em-2018\/#primaryimage\"},\"image\":{\"@id\":\"https:\/\/previews.elleven.digital\/acocearense\/confira-o-panorama-do-mercado-para-a-construcao-civil-em-2018\/#primaryimage\"},\"thumbnailUrl\":\"https:\/\/previews.elleven.digital\/acocearense\/wp-content\/uploads\/2025\/05\/159132-confira-o-panorama-do-mercado-para-a-construcao-civil-em-2018.jpg\",\"datePublished\":\"2018-01-09T11:29:31+00:00\",\"dateModified\":\"2025-05-07T12:29:54+00:00\",\"author\":{\"@id\":\"https:\/\/previews.elleven.digital\/acocearense\/#\/schema\/person\/8e9165eb3c33e0860485c7c5fc06a701\"},\"breadcrumb\":{\"@id\":\"https:\/\/previews.elleven.digital\/acocearense\/confira-o-panorama-do-mercado-para-a-construcao-civil-em-2018\/#breadcrumb\"},\"inLanguage\":\"en-US\",\"potentialAction\":[{\"@type\":\"ReadAction\",\"target\":[\"https:\/\/previews.elleven.digital\/acocearense\/confira-o-panorama-do-mercado-para-a-construcao-civil-em-2018\/\"]}]},{\"@type\":\"ImageObject\",\"inLanguage\":\"en-US\",\"@id\":\"https:\/\/previews.elleven.digital\/acocearense\/confira-o-panorama-do-mercado-para-a-construcao-civil-em-2018\/#primaryimage\",\"url\":\"https:\/\/previews.elleven.digital\/acocearense\/wp-content\/uploads\/2025\/05\/159132-confira-o-panorama-do-mercado-para-a-construcao-civil-em-2018.jpg\",\"contentUrl\":\"https:\/\/previews.elleven.digital\/acocearense\/wp-content\/uploads\/2025\/05\/159132-confira-o-panorama-do-mercado-para-a-construcao-civil-em-2018.jpg\",\"width\":1000,\"height\":667},{\"@type\":\"BreadcrumbList\",\"@id\":\"https:\/\/previews.elleven.digital\/acocearense\/confira-o-panorama-do-mercado-para-a-construcao-civil-em-2018\/#breadcrumb\",\"itemListElement\":[{\"@type\":\"ListItem\",\"position\":1,\"name\":\"In\u00edcio\",\"item\":\"https:\/\/previews.elleven.digital\/acocearense\/\"},{\"@type\":\"ListItem\",\"position\":2,\"name\":\"Confira o panorama do mercado para a constru\u00e7\u00e3o civil em 2018\"}]},{\"@type\":\"WebSite\",\"@id\":\"https:\/\/previews.elleven.digital\/acocearense\/#website\",\"url\":\"https:\/\/previews.elleven.digital\/acocearense\/\",\"name\":\"A\u00e7o Cearense\",\"description\":\"H\u00e1 mais de 45 anos no mercado brasileiro do a\u00e7o.\",\"alternateName\":\"A\u00e7o Cearense\",\"potentialAction\":[{\"@type\":\"SearchAction\",\"target\":{\"@type\":\"EntryPoint\",\"urlTemplate\":\"https:\/\/previews.elleven.digital\/acocearense\/?s={search_term_string}\"},\"query-input\":{\"@type\":\"PropertyValueSpecification\",\"valueRequired\":true,\"valueName\":\"search_term_string\"}}],\"inLanguage\":\"en-US\"},{\"@type\":\"Person\",\"@id\":\"https:\/\/previews.elleven.digital\/acocearense\/#\/schema\/person\/8e9165eb3c33e0860485c7c5fc06a701\",\"name\":\"elleven\",\"image\":{\"@type\":\"ImageObject\",\"inLanguage\":\"en-US\",\"@id\":\"https:\/\/previews.elleven.digital\/acocearense\/#\/schema\/person\/image\/\",\"url\":\"https:\/\/secure.gravatar.com\/avatar\/2a6afb49d9ecfed5dbc6c9606ce318b8bd07c077835179bddfd5d8209c03cb29?s=96&d=mm&r=g\",\"contentUrl\":\"https:\/\/secure.gravatar.com\/avatar\/2a6afb49d9ecfed5dbc6c9606ce318b8bd07c077835179bddfd5d8209c03cb29?s=96&d=mm&r=g\",\"caption\":\"elleven\"},\"sameAs\":[\"http:\/\/localhost\/acocearense\"],\"url\":\"https:\/\/previews.elleven.digital\/acocearense\/en\/author\/elleven\/\"}]}<\/script>\n<!-- \/ Yoast SEO plugin. -->","yoast_head_json":{"title":"Confira o panorama do mercado para a constru\u00e7\u00e3o civil em 2018 - Grupo A\u00e7o Cearense","robots":{"index":"index","follow":"follow","max-snippet":"max-snippet:-1","max-image-preview":"max-image-preview:large","max-video-preview":"max-video-preview:-1"},"canonical":"https:\/\/previews.elleven.digital\/acocearense\/en\/confira-o-panorama-do-mercado-para-a-construcao-civil-em-2018\/","og_locale":"en_US","og_type":"article","og_title":"Confira o panorama do mercado para a constru\u00e7\u00e3o civil em 2018 - Grupo A\u00e7o Cearense","og_description":"Em um tempo de incertezas e de grandes movimenta\u00e7\u00f5es econ\u00f4micas e pol\u00edticas; o mercado espera(...)","og_url":"https:\/\/previews.elleven.digital\/acocearense\/en\/confira-o-panorama-do-mercado-para-a-construcao-civil-em-2018\/","og_site_name":"Grupo A\u00e7o Cearense","article_published_time":"2018-01-09T11:29:31+00:00","article_modified_time":"2025-05-07T12:29:54+00:00","og_image":[{"width":1000,"height":667,"url":"https:\/\/previews.elleven.digital\/acocearense\/wp-content\/uploads\/2025\/05\/159132-confira-o-panorama-do-mercado-para-a-construcao-civil-em-2018.jpg","type":"image\/jpeg"}],"author":"elleven","twitter_card":"summary_large_image","twitter_misc":{"Written by":"elleven","Est. reading time":"4 minutes"},"schema":{"@context":"https:\/\/schema.org","@graph":[{"@type":"WebPage","@id":"https:\/\/previews.elleven.digital\/acocearense\/confira-o-panorama-do-mercado-para-a-construcao-civil-em-2018\/","url":"https:\/\/previews.elleven.digital\/acocearense\/confira-o-panorama-do-mercado-para-a-construcao-civil-em-2018\/","name":"Confira o panorama do mercado para a constru\u00e7\u00e3o civil em 2018 - Grupo A\u00e7o Cearense","isPartOf":{"@id":"https:\/\/previews.elleven.digital\/acocearense\/#website"},"primaryImageOfPage":{"@id":"https:\/\/previews.elleven.digital\/acocearense\/confira-o-panorama-do-mercado-para-a-construcao-civil-em-2018\/#primaryimage"},"image":{"@id":"https:\/\/previews.elleven.digital\/acocearense\/confira-o-panorama-do-mercado-para-a-construcao-civil-em-2018\/#primaryimage"},"thumbnailUrl":"https:\/\/previews.elleven.digital\/acocearense\/wp-content\/uploads\/2025\/05\/159132-confira-o-panorama-do-mercado-para-a-construcao-civil-em-2018.jpg","datePublished":"2018-01-09T11:29:31+00:00","dateModified":"2025-05-07T12:29:54+00:00","author":{"@id":"https:\/\/previews.elleven.digital\/acocearense\/#\/schema\/person\/8e9165eb3c33e0860485c7c5fc06a701"},"breadcrumb":{"@id":"https:\/\/previews.elleven.digital\/acocearense\/confira-o-panorama-do-mercado-para-a-construcao-civil-em-2018\/#breadcrumb"},"inLanguage":"en-US","potentialAction":[{"@type":"ReadAction","target":["https:\/\/previews.elleven.digital\/acocearense\/confira-o-panorama-do-mercado-para-a-construcao-civil-em-2018\/"]}]},{"@type":"ImageObject","inLanguage":"en-US","@id":"https:\/\/previews.elleven.digital\/acocearense\/confira-o-panorama-do-mercado-para-a-construcao-civil-em-2018\/#primaryimage","url":"https:\/\/previews.elleven.digital\/acocearense\/wp-content\/uploads\/2025\/05\/159132-confira-o-panorama-do-mercado-para-a-construcao-civil-em-2018.jpg","contentUrl":"https:\/\/previews.elleven.digital\/acocearense\/wp-content\/uploads\/2025\/05\/159132-confira-o-panorama-do-mercado-para-a-construcao-civil-em-2018.jpg","width":1000,"height":667},{"@type":"BreadcrumbList","@id":"https:\/\/previews.elleven.digital\/acocearense\/confira-o-panorama-do-mercado-para-a-construcao-civil-em-2018\/#breadcrumb","itemListElement":[{"@type":"ListItem","position":1,"name":"In\u00edcio","item":"https:\/\/previews.elleven.digital\/acocearense\/"},{"@type":"ListItem","position":2,"name":"Confira o panorama do mercado para a constru\u00e7\u00e3o civil em 2018"}]},{"@type":"WebSite","@id":"https:\/\/previews.elleven.digital\/acocearense\/#website","url":"https:\/\/previews.elleven.digital\/acocearense\/","name":"Cear\u00e1 Steel","description":"We have been in the Brazilian steel market for over 45 years.","alternateName":"A\u00e7o Cearense","potentialAction":[{"@type":"SearchAction","target":{"@type":"EntryPoint","urlTemplate":"https:\/\/previews.elleven.digital\/acocearense\/?s={search_term_string}"},"query-input":{"@type":"PropertyValueSpecification","valueRequired":true,"valueName":"search_term_string"}}],"inLanguage":"en-US"},{"@type":"Person","@id":"https:\/\/previews.elleven.digital\/acocearense\/#\/schema\/person\/8e9165eb3c33e0860485c7c5fc06a701","name":"elleven","image":{"@type":"ImageObject","inLanguage":"en-US","@id":"https:\/\/previews.elleven.digital\/acocearense\/#\/schema\/person\/image\/","url":"https:\/\/secure.gravatar.com\/avatar\/2a6afb49d9ecfed5dbc6c9606ce318b8bd07c077835179bddfd5d8209c03cb29?s=96&d=mm&r=g","contentUrl":"https:\/\/secure.gravatar.com\/avatar\/2a6afb49d9ecfed5dbc6c9606ce318b8bd07c077835179bddfd5d8209c03cb29?s=96&d=mm&r=g","caption":"elleven"},"sameAs":["http:\/\/localhost\/acocearense"],"url":"https:\/\/previews.elleven.digital\/acocearense\/en\/author\/elleven\/"}]}},"_links":{"self":[{"href":"https:\/\/previews.elleven.digital\/acocearense\/en\/wp-json\/wp\/v2\/posts\/1038","targetHints":{"allow":["GET"]}}],"collection":[{"href":"https:\/\/previews.elleven.digital\/acocearense\/en\/wp-json\/wp\/v2\/posts"}],"about":[{"href":"https:\/\/previews.elleven.digital\/acocearense\/en\/wp-json\/wp\/v2\/types\/post"}],"author":[{"embeddable":true,"href":"https:\/\/previews.elleven.digital\/acocearense\/en\/wp-json\/wp\/v2\/users\/1"}],"replies":[{"embeddable":true,"href":"https:\/\/previews.elleven.digital\/acocearense\/en\/wp-json\/wp\/v2\/comments?post=1038"}],"version-history":[{"count":1,"href":"https:\/\/previews.elleven.digital\/acocearense\/en\/wp-json\/wp\/v2\/posts\/1038\/revisions"}],"predecessor-version":[{"id":1039,"href":"https:\/\/previews.elleven.digital\/acocearense\/en\/wp-json\/wp\/v2\/posts\/1038\/revisions\/1039"}],"wp:featuredmedia":[{"embeddable":true,"href":"https:\/\/previews.elleven.digital\/acocearense\/en\/wp-json\/wp\/v2\/media\/1011"}],"wp:attachment":[{"href":"https:\/\/previews.elleven.digital\/acocearense\/en\/wp-json\/wp\/v2\/media?parent=1038"}],"wp:term":[{"taxonomy":"category","embeddable":true,"href":"https:\/\/previews.elleven.digital\/acocearense\/en\/wp-json\/wp\/v2\/categories?post=1038"},{"taxonomy":"post_tag","embeddable":true,"href":"https:\/\/previews.elleven.digital\/acocearense\/en\/wp-json\/wp\/v2\/tags?post=1038"}],"curies":[{"name":"wp","href":"https:\/\/api.w.org\/{rel}","templated":true}]}}