{"id":2166,"date":"2023-12-11T17:45:18","date_gmt":"2023-12-11T20:45:18","guid":{"rendered":"https:\/\/previews.elleven.digital\/acocearense\/?post_type=noticia&#038;p=2166"},"modified":"2025-05-07T17:45:44","modified_gmt":"2025-05-07T20:45:44","slug":"grupo-aco-cearense-participa-da-18a-expolog","status":"publish","type":"noticia","link":"https:\/\/previews.elleven.digital\/acocearense\/en\/noticia\/grupo-aco-cearense-participa-da-18a-expolog\/","title":{"rendered":"A\u00e7o Cearense Group participates in the 18th Expolog"},"content":{"rendered":"<p>The 18th Expolog \u2013 International Logistics Fair \u2013 took place on November 22nd and 23rd, showcasing major logistics players, representative entities, and new technologies, as well as serving as a showcase for Brazilian logistics. The A\u00e7o Cearense Group participated in the hybrid event, along with the Association of Companies of the Pec\u00e9m Industrial and Port Complex (Aecipp). The event showcased the unique features of A\u00e7o Cearense Log\u00edstica, the Group&#039;s new company focused exclusively on logistics services, unifying the entire service chain and operating across all of the Group&#039;s companies.<\/p>\n<h3>Cearense Steel Logistics<\/h3>\n<p>To further optimize the customer experience and believing in the potential to surprise the market with its way of being and doing business, A\u00e7o Cearense Log\u00edstica was launched to the market in July 2023 with the expertise of fractional and pulverized delivery throughout Brazil.<\/p>\n<p>&nbsp;<\/p>\n<p>The new company&#039;s culture is based on customer centricity, and with this in mind, it has increasingly refined operations through technology and process optimization to deliver the best customer experience and management. In this sense, A\u00e7o Cearense Log\u00edstica operates in alignment with the company&#039;s culture, enhancing the Group&#039;s delivery performance, which currently moves more than 3,400 vehicles monthly.<\/p>\n<p>&nbsp;<\/p>\n<p>&quot;The creation of A\u00e7o Cearense Log\u00edstica reinforces our commitment to providing excellent service to our customers, bringing greater synergy to the Group&#039;s delivery processes. We are investing in an increasingly solid structure and highly qualified professionals, aiming to enhance our operations to grow and deliver value to customers and society,&quot; says Edgard Corr\u00eaa, director of supplies and logistics for the A\u00e7o Cearense Group, which also comprises A\u00e7o Cearense Comercial (CE), A\u00e7o Cearense Industrial (CE), SINOBRAS (PA), SINOBRAS Florestal (TO), and the A\u00e7o Cearense Institute (CE). The company maintains a base of over 15,000 suppliers and 16,000 customers. Furthermore, it purchases 60% of its purchases in Brazil, in the North and Northeast regions, equivalent to R$$5 billion, boosting the economy in the regions where it operates.<\/p>","protected":false},"featured_media":2150,"template":"","meta":{"_acf_changed":false,"inline_featured_image":false},"categoria-noticia":[],"class_list":["post-2166","noticia","type-noticia","status-publish","has-post-thumbnail","hentry"],"acf":{"link":""},"yoast_head":"<!-- This site is optimized with the Yoast SEO plugin v25.9 - https:\/\/yoast.com\/wordpress\/plugins\/seo\/ -->\n<title>Grupo A\u00e7o Cearense participa da 18\u00aa Expolog - Grupo A\u00e7o Cearense<\/title>\n<meta name=\"robots\" content=\"index, follow, max-snippet:-1, max-image-preview:large, max-video-preview:-1\" \/>\n<link rel=\"canonical\" href=\"https:\/\/previews.elleven.digital\/acocearense\/en\/noticia\/grupo-aco-cearense-participa-da-18a-expolog\/\" \/>\n<meta property=\"og:locale\" content=\"en_US\" \/>\n<meta property=\"og:type\" content=\"article\" \/>\n<meta property=\"og:title\" content=\"Grupo A\u00e7o Cearense participa da 18\u00aa Expolog - Grupo A\u00e7o Cearense\" \/>\n<meta property=\"og:description\" content=\"Nos dias 22 e 23 de novembro ocorreu a 18\u00aa Expolog\u00a0 \u2013 Feira Internacional de(...)\" \/>\n<meta property=\"og:url\" content=\"https:\/\/previews.elleven.digital\/acocearense\/en\/noticia\/grupo-aco-cearense-participa-da-18a-expolog\/\" \/>\n<meta property=\"og:site_name\" content=\"Grupo A\u00e7o Cearense\" \/>\n<meta property=\"article:modified_time\" content=\"2025-05-07T20:45:44+00:00\" \/>\n<meta property=\"og:image\" content=\"https:\/\/previews.elleven.digital\/acocearense\/wp-content\/uploads\/2025\/05\/feed_Expolog-2023_800x600.jpg\" \/>\n\t<meta property=\"og:image:width\" content=\"1920\" \/>\n\t<meta property=\"og:image:height\" content=\"1440\" \/>\n\t<meta property=\"og:image:type\" content=\"image\/jpeg\" \/>\n<meta name=\"twitter:card\" content=\"summary_large_image\" \/>\n<meta name=\"twitter:label1\" content=\"Est. reading time\" \/>\n\t<meta name=\"twitter:data1\" content=\"3 minutes\" \/>\n<script type=\"application\/ld+json\" class=\"yoast-schema-graph\">{\"@context\":\"https:\/\/schema.org\",\"@graph\":[{\"@type\":\"WebPage\",\"@id\":\"https:\/\/previews.elleven.digital\/acocearense\/noticia\/grupo-aco-cearense-participa-da-18a-expolog\/\",\"url\":\"https:\/\/previews.elleven.digital\/acocearense\/noticia\/grupo-aco-cearense-participa-da-18a-expolog\/\",\"name\":\"Grupo A\u00e7o Cearense participa da 18\u00aa Expolog - Grupo A\u00e7o Cearense\",\"isPartOf\":{\"@id\":\"https:\/\/previews.elleven.digital\/acocearense\/#website\"},\"primaryImageOfPage\":{\"@id\":\"https:\/\/previews.elleven.digital\/acocearense\/noticia\/grupo-aco-cearense-participa-da-18a-expolog\/#primaryimage\"},\"image\":{\"@id\":\"https:\/\/previews.elleven.digital\/acocearense\/noticia\/grupo-aco-cearense-participa-da-18a-expolog\/#primaryimage\"},\"thumbnailUrl\":\"https:\/\/previews.elleven.digital\/acocearense\/wp-content\/uploads\/2025\/05\/feed_Expolog-2023_800x600.jpg\",\"datePublished\":\"2023-12-11T20:45:18+00:00\",\"dateModified\":\"2025-05-07T20:45:44+00:00\",\"breadcrumb\":{\"@id\":\"https:\/\/previews.elleven.digital\/acocearense\/noticia\/grupo-aco-cearense-participa-da-18a-expolog\/#breadcrumb\"},\"inLanguage\":\"en-US\",\"potentialAction\":[{\"@type\":\"ReadAction\",\"target\":[\"https:\/\/previews.elleven.digital\/acocearense\/noticia\/grupo-aco-cearense-participa-da-18a-expolog\/\"]}]},{\"@type\":\"ImageObject\",\"inLanguage\":\"en-US\",\"@id\":\"https:\/\/previews.elleven.digital\/acocearense\/noticia\/grupo-aco-cearense-participa-da-18a-expolog\/#primaryimage\",\"url\":\"https:\/\/previews.elleven.digital\/acocearense\/wp-content\/uploads\/2025\/05\/feed_Expolog-2023_800x600.jpg\",\"contentUrl\":\"https:\/\/previews.elleven.digital\/acocearense\/wp-content\/uploads\/2025\/05\/feed_Expolog-2023_800x600.jpg\",\"width\":1920,\"height\":1440},{\"@type\":\"BreadcrumbList\",\"@id\":\"https:\/\/previews.elleven.digital\/acocearense\/noticia\/grupo-aco-cearense-participa-da-18a-expolog\/#breadcrumb\",\"itemListElement\":[{\"@type\":\"ListItem\",\"position\":1,\"name\":\"In\u00edcio\",\"item\":\"https:\/\/previews.elleven.digital\/acocearense\/\"},{\"@type\":\"ListItem\",\"position\":2,\"name\":\"Not\u00edcias\",\"item\":\"https:\/\/previews.elleven.digital\/acocearense\/noticias\/\"},{\"@type\":\"ListItem\",\"position\":3,\"name\":\"Grupo A\u00e7o Cearense participa da 18\u00aa Expolog\"}]},{\"@type\":\"WebSite\",\"@id\":\"https:\/\/previews.elleven.digital\/acocearense\/#website\",\"url\":\"https:\/\/previews.elleven.digital\/acocearense\/\",\"name\":\"A\u00e7o Cearense\",\"description\":\"H\u00e1 mais de 45 anos no mercado brasileiro do a\u00e7o.\",\"alternateName\":\"A\u00e7o Cearense\",\"potentialAction\":[{\"@type\":\"SearchAction\",\"target\":{\"@type\":\"EntryPoint\",\"urlTemplate\":\"https:\/\/previews.elleven.digital\/acocearense\/?s={search_term_string}\"},\"query-input\":{\"@type\":\"PropertyValueSpecification\",\"valueRequired\":true,\"valueName\":\"search_term_string\"}}],\"inLanguage\":\"en-US\"}]}<\/script>\n<!-- \/ Yoast SEO plugin. -->","yoast_head_json":{"title":"Grupo A\u00e7o Cearense participa da 18\u00aa Expolog - Grupo A\u00e7o Cearense","robots":{"index":"index","follow":"follow","max-snippet":"max-snippet:-1","max-image-preview":"max-image-preview:large","max-video-preview":"max-video-preview:-1"},"canonical":"https:\/\/previews.elleven.digital\/acocearense\/en\/noticia\/grupo-aco-cearense-participa-da-18a-expolog\/","og_locale":"en_US","og_type":"article","og_title":"Grupo A\u00e7o Cearense participa da 18\u00aa Expolog - Grupo A\u00e7o Cearense","og_description":"Nos dias 22 e 23 de novembro ocorreu a 18\u00aa Expolog\u00a0 \u2013 Feira Internacional de(...)","og_url":"https:\/\/previews.elleven.digital\/acocearense\/en\/noticia\/grupo-aco-cearense-participa-da-18a-expolog\/","og_site_name":"Grupo A\u00e7o Cearense","article_modified_time":"2025-05-07T20:45:44+00:00","og_image":[{"width":1920,"height":1440,"url":"https:\/\/previews.elleven.digital\/acocearense\/wp-content\/uploads\/2025\/05\/feed_Expolog-2023_800x600.jpg","type":"image\/jpeg"}],"twitter_card":"summary_large_image","twitter_misc":{"Est. reading time":"3 minutes"},"schema":{"@context":"https:\/\/schema.org","@graph":[{"@type":"WebPage","@id":"https:\/\/previews.elleven.digital\/acocearense\/noticia\/grupo-aco-cearense-participa-da-18a-expolog\/","url":"https:\/\/previews.elleven.digital\/acocearense\/noticia\/grupo-aco-cearense-participa-da-18a-expolog\/","name":"Grupo A\u00e7o Cearense participa da 18\u00aa Expolog - Grupo A\u00e7o Cearense","isPartOf":{"@id":"https:\/\/previews.elleven.digital\/acocearense\/#website"},"primaryImageOfPage":{"@id":"https:\/\/previews.elleven.digital\/acocearense\/noticia\/grupo-aco-cearense-participa-da-18a-expolog\/#primaryimage"},"image":{"@id":"https:\/\/previews.elleven.digital\/acocearense\/noticia\/grupo-aco-cearense-participa-da-18a-expolog\/#primaryimage"},"thumbnailUrl":"https:\/\/previews.elleven.digital\/acocearense\/wp-content\/uploads\/2025\/05\/feed_Expolog-2023_800x600.jpg","datePublished":"2023-12-11T20:45:18+00:00","dateModified":"2025-05-07T20:45:44+00:00","breadcrumb":{"@id":"https:\/\/previews.elleven.digital\/acocearense\/noticia\/grupo-aco-cearense-participa-da-18a-expolog\/#breadcrumb"},"inLanguage":"en-US","potentialAction":[{"@type":"ReadAction","target":["https:\/\/previews.elleven.digital\/acocearense\/noticia\/grupo-aco-cearense-participa-da-18a-expolog\/"]}]},{"@type":"ImageObject","inLanguage":"en-US","@id":"https:\/\/previews.elleven.digital\/acocearense\/noticia\/grupo-aco-cearense-participa-da-18a-expolog\/#primaryimage","url":"https:\/\/previews.elleven.digital\/acocearense\/wp-content\/uploads\/2025\/05\/feed_Expolog-2023_800x600.jpg","contentUrl":"https:\/\/previews.elleven.digital\/acocearense\/wp-content\/uploads\/2025\/05\/feed_Expolog-2023_800x600.jpg","width":1920,"height":1440},{"@type":"BreadcrumbList","@id":"https:\/\/previews.elleven.digital\/acocearense\/noticia\/grupo-aco-cearense-participa-da-18a-expolog\/#breadcrumb","itemListElement":[{"@type":"ListItem","position":1,"name":"In\u00edcio","item":"https:\/\/previews.elleven.digital\/acocearense\/"},{"@type":"ListItem","position":2,"name":"Not\u00edcias","item":"https:\/\/previews.elleven.digital\/acocearense\/noticias\/"},{"@type":"ListItem","position":3,"name":"Grupo A\u00e7o Cearense participa da 18\u00aa Expolog"}]},{"@type":"WebSite","@id":"https:\/\/previews.elleven.digital\/acocearense\/#website","url":"https:\/\/previews.elleven.digital\/acocearense\/","name":"Cear\u00e1 Steel","description":"We have been in the Brazilian steel market for over 45 years.","alternateName":"A\u00e7o Cearense","potentialAction":[{"@type":"SearchAction","target":{"@type":"EntryPoint","urlTemplate":"https:\/\/previews.elleven.digital\/acocearense\/?s={search_term_string}"},"query-input":{"@type":"PropertyValueSpecification","valueRequired":true,"valueName":"search_term_string"}}],"inLanguage":"en-US"}]}},"_links":{"self":[{"href":"https:\/\/previews.elleven.digital\/acocearense\/en\/wp-json\/wp\/v2\/noticia\/2166","targetHints":{"allow":["GET"]}}],"collection":[{"href":"https:\/\/previews.elleven.digital\/acocearense\/en\/wp-json\/wp\/v2\/noticia"}],"about":[{"href":"https:\/\/previews.elleven.digital\/acocearense\/en\/wp-json\/wp\/v2\/types\/noticia"}],"wp:featuredmedia":[{"embeddable":true,"href":"https:\/\/previews.elleven.digital\/acocearense\/en\/wp-json\/wp\/v2\/media\/2150"}],"wp:attachment":[{"href":"https:\/\/previews.elleven.digital\/acocearense\/en\/wp-json\/wp\/v2\/media?parent=2166"}],"wp:term":[{"taxonomy":"categoria-noticia","embeddable":true,"href":"https:\/\/previews.elleven.digital\/acocearense\/en\/wp-json\/wp\/v2\/categoria-noticia?post=2166"}],"curies":[{"name":"wp","href":"https:\/\/api.w.org\/{rel}","templated":true}]}}