{"id":2165,"date":"2023-12-11T17:44:48","date_gmt":"2023-12-11T20:44:48","guid":{"rendered":"https:\/\/previews.elleven.digital\/acocearense\/?post_type=noticia&#038;p=2165"},"modified":"2025-05-07T17:45:10","modified_gmt":"2025-05-07T20:45:10","slug":"grupo-aco-cearense-fala-sobre-o-projeto-favela-3d-no-conexao-ods","status":"publish","type":"noticia","link":"https:\/\/previews.elleven.digital\/acocearense\/en\/noticia\/grupo-aco-cearense-fala-sobre-o-projeto-favela-3d-no-conexao-ods\/","title":{"rendered":"A\u00e7o Cearense Group talks about the Favela 3D project at Conex\u00e3o ODS"},"content":{"rendered":"<p>The UN Global Compact in Brazil held the SDG Connection event in October, an initiative that promoted discussions related to the 2030 Agenda&#039;s Sustainable Development Goals (SDGs), social and environmental issues, corporate governance, and how to advance social impact. Aline Ferreira, vice president of sales and finance at Grupo A\u00e7o Cearense, participated in the event on the 20th, speaking about the Favela 3D Project (digital, dignified, and developed) in Fortaleza. Grupo A\u00e7o Cearense set up a booth at the event, and attendees were able to participate in games and win prizes. The event was attended by a large number of company employees.<\/p>\n<p>Favela 3D is organized by the NGOs Gerando Falc\u00f5es and Pensando Bem, led by Edu Lyra and Rut\u00eanio Flor\u00eancio, respectively, and supported by the Instituto A\u00e7o Cearense, chaired by Rosemeire Matos. The initiative aims to develop initiatives focused on social urbanism and overcoming poverty in Beco C\u00e9u, located in the Vila Velha neighborhood of Fortaleza. The proposal is to systematically eradicate poverty, working based on an impact mandala that encompasses different areas, such as housing, health, education, citizenship, culture, early childhood, the environment, income generation, sports, and leisure.<\/p>\n<p><strong>We must think about tomorrow<\/strong><\/p>\n<p>The UN Global Compact in Brazil, in partnership with Somos Um, a non-profit organization that exists to reduce social inequalities and create opportunities through impact businesses, all debates and panels were designed to discuss actions and means to achieve sustainable development goals and promote social transformations throughout Brazil, expanding the debate beyond the Southeast region. The entire program took place at Beach Park, a tourist complex in Aquiraz, Cear\u00e1, which is one of the companies participating in the UN Global Compact in Brazil. Internationally renowned figures, such as Nobel Peace Prize winner Muhammad Yunus and Raj Sisodia, co-founder of Conscious Capitalism, were among the guests at the three-day event on ESG topics.<\/p>\n<p>The event was closed to guests, but had full coverage from the Verdes Mares System, which had a studio inside the event, where interviews and live inserts were conducted. The event was broadcast live on\u00a0<a href=\"https:\/\/www.youtube.com\/watch?v=Df17rUsZs30\">YouTube<\/a>, through the Di\u00e1rio do Nordeste channel.<\/p>","protected":false},"featured_media":2151,"template":"","meta":{"_acf_changed":false,"inline_featured_image":false},"categoria-noticia":[],"class_list":["post-2165","noticia","type-noticia","status-publish","has-post-thumbnail","hentry"],"acf":{"link":""},"yoast_head":"<!-- This site is optimized with the Yoast SEO plugin v25.9 - https:\/\/yoast.com\/wordpress\/plugins\/seo\/ -->\n<title>Grupo A\u00e7o Cearense fala sobre o projeto Favela 3D no Conex\u00e3o ODS - Grupo A\u00e7o Cearense<\/title>\n<meta name=\"robots\" content=\"index, follow, max-snippet:-1, max-image-preview:large, max-video-preview:-1\" \/>\n<link rel=\"canonical\" href=\"https:\/\/previews.elleven.digital\/acocearense\/en\/noticia\/grupo-aco-cearense-fala-sobre-o-projeto-favela-3d-no-conexao-ods\/\" \/>\n<meta property=\"og:locale\" content=\"en_US\" \/>\n<meta property=\"og:type\" content=\"article\" \/>\n<meta property=\"og:title\" content=\"Grupo A\u00e7o Cearense fala sobre o projeto Favela 3D no Conex\u00e3o ODS - Grupo A\u00e7o Cearense\" \/>\n<meta property=\"og:description\" content=\"O Pacto Global da ONU no Brasil realizou o evento Conex\u00e3o ODS, iniciativa que aconteceu(...)\" \/>\n<meta property=\"og:url\" content=\"https:\/\/previews.elleven.digital\/acocearense\/en\/noticia\/grupo-aco-cearense-fala-sobre-o-projeto-favela-3d-no-conexao-ods\/\" \/>\n<meta property=\"og:site_name\" content=\"Grupo A\u00e7o Cearense\" \/>\n<meta property=\"article:modified_time\" content=\"2025-05-07T20:45:10+00:00\" \/>\n<meta property=\"og:image\" content=\"https:\/\/previews.elleven.digital\/acocearense\/wp-content\/uploads\/2025\/05\/Capa-ODS-2023_2-768x576-1.jpg\" \/>\n\t<meta property=\"og:image:width\" content=\"768\" \/>\n\t<meta property=\"og:image:height\" content=\"576\" \/>\n\t<meta property=\"og:image:type\" content=\"image\/jpeg\" \/>\n<meta name=\"twitter:card\" content=\"summary_large_image\" \/>\n<meta name=\"twitter:label1\" content=\"Est. reading time\" \/>\n\t<meta name=\"twitter:data1\" content=\"1 minute\" \/>\n<script type=\"application\/ld+json\" class=\"yoast-schema-graph\">{\"@context\":\"https:\/\/schema.org\",\"@graph\":[{\"@type\":\"WebPage\",\"@id\":\"https:\/\/previews.elleven.digital\/acocearense\/noticia\/grupo-aco-cearense-fala-sobre-o-projeto-favela-3d-no-conexao-ods\/\",\"url\":\"https:\/\/previews.elleven.digital\/acocearense\/noticia\/grupo-aco-cearense-fala-sobre-o-projeto-favela-3d-no-conexao-ods\/\",\"name\":\"Grupo A\u00e7o Cearense fala sobre o projeto Favela 3D no Conex\u00e3o ODS - Grupo A\u00e7o Cearense\",\"isPartOf\":{\"@id\":\"https:\/\/previews.elleven.digital\/acocearense\/#website\"},\"primaryImageOfPage\":{\"@id\":\"https:\/\/previews.elleven.digital\/acocearense\/noticia\/grupo-aco-cearense-fala-sobre-o-projeto-favela-3d-no-conexao-ods\/#primaryimage\"},\"image\":{\"@id\":\"https:\/\/previews.elleven.digital\/acocearense\/noticia\/grupo-aco-cearense-fala-sobre-o-projeto-favela-3d-no-conexao-ods\/#primaryimage\"},\"thumbnailUrl\":\"https:\/\/previews.elleven.digital\/acocearense\/wp-content\/uploads\/2025\/05\/Capa-ODS-2023_2-768x576-1.jpg\",\"datePublished\":\"2023-12-11T20:44:48+00:00\",\"dateModified\":\"2025-05-07T20:45:10+00:00\",\"breadcrumb\":{\"@id\":\"https:\/\/previews.elleven.digital\/acocearense\/noticia\/grupo-aco-cearense-fala-sobre-o-projeto-favela-3d-no-conexao-ods\/#breadcrumb\"},\"inLanguage\":\"en-US\",\"potentialAction\":[{\"@type\":\"ReadAction\",\"target\":[\"https:\/\/previews.elleven.digital\/acocearense\/noticia\/grupo-aco-cearense-fala-sobre-o-projeto-favela-3d-no-conexao-ods\/\"]}]},{\"@type\":\"ImageObject\",\"inLanguage\":\"en-US\",\"@id\":\"https:\/\/previews.elleven.digital\/acocearense\/noticia\/grupo-aco-cearense-fala-sobre-o-projeto-favela-3d-no-conexao-ods\/#primaryimage\",\"url\":\"https:\/\/previews.elleven.digital\/acocearense\/wp-content\/uploads\/2025\/05\/Capa-ODS-2023_2-768x576-1.jpg\",\"contentUrl\":\"https:\/\/previews.elleven.digital\/acocearense\/wp-content\/uploads\/2025\/05\/Capa-ODS-2023_2-768x576-1.jpg\",\"width\":768,\"height\":576},{\"@type\":\"BreadcrumbList\",\"@id\":\"https:\/\/previews.elleven.digital\/acocearense\/noticia\/grupo-aco-cearense-fala-sobre-o-projeto-favela-3d-no-conexao-ods\/#breadcrumb\",\"itemListElement\":[{\"@type\":\"ListItem\",\"position\":1,\"name\":\"In\u00edcio\",\"item\":\"https:\/\/previews.elleven.digital\/acocearense\/\"},{\"@type\":\"ListItem\",\"position\":2,\"name\":\"Not\u00edcias\",\"item\":\"https:\/\/previews.elleven.digital\/acocearense\/noticias\/\"},{\"@type\":\"ListItem\",\"position\":3,\"name\":\"Grupo A\u00e7o Cearense fala sobre o projeto Favela 3D no Conex\u00e3o ODS\"}]},{\"@type\":\"WebSite\",\"@id\":\"https:\/\/previews.elleven.digital\/acocearense\/#website\",\"url\":\"https:\/\/previews.elleven.digital\/acocearense\/\",\"name\":\"A\u00e7o Cearense\",\"description\":\"H\u00e1 mais de 45 anos no mercado brasileiro do a\u00e7o.\",\"alternateName\":\"A\u00e7o Cearense\",\"potentialAction\":[{\"@type\":\"SearchAction\",\"target\":{\"@type\":\"EntryPoint\",\"urlTemplate\":\"https:\/\/previews.elleven.digital\/acocearense\/?s={search_term_string}\"},\"query-input\":{\"@type\":\"PropertyValueSpecification\",\"valueRequired\":true,\"valueName\":\"search_term_string\"}}],\"inLanguage\":\"en-US\"}]}<\/script>\n<!-- \/ Yoast SEO plugin. -->","yoast_head_json":{"title":"Grupo A\u00e7o Cearense fala sobre o projeto Favela 3D no Conex\u00e3o ODS - Grupo A\u00e7o Cearense","robots":{"index":"index","follow":"follow","max-snippet":"max-snippet:-1","max-image-preview":"max-image-preview:large","max-video-preview":"max-video-preview:-1"},"canonical":"https:\/\/previews.elleven.digital\/acocearense\/en\/noticia\/grupo-aco-cearense-fala-sobre-o-projeto-favela-3d-no-conexao-ods\/","og_locale":"en_US","og_type":"article","og_title":"Grupo A\u00e7o Cearense fala sobre o projeto Favela 3D no Conex\u00e3o ODS - Grupo A\u00e7o Cearense","og_description":"O Pacto Global da ONU no Brasil realizou o evento Conex\u00e3o ODS, iniciativa que aconteceu(...)","og_url":"https:\/\/previews.elleven.digital\/acocearense\/en\/noticia\/grupo-aco-cearense-fala-sobre-o-projeto-favela-3d-no-conexao-ods\/","og_site_name":"Grupo A\u00e7o Cearense","article_modified_time":"2025-05-07T20:45:10+00:00","og_image":[{"width":768,"height":576,"url":"https:\/\/previews.elleven.digital\/acocearense\/wp-content\/uploads\/2025\/05\/Capa-ODS-2023_2-768x576-1.jpg","type":"image\/jpeg"}],"twitter_card":"summary_large_image","twitter_misc":{"Est. reading time":"1 minute"},"schema":{"@context":"https:\/\/schema.org","@graph":[{"@type":"WebPage","@id":"https:\/\/previews.elleven.digital\/acocearense\/noticia\/grupo-aco-cearense-fala-sobre-o-projeto-favela-3d-no-conexao-ods\/","url":"https:\/\/previews.elleven.digital\/acocearense\/noticia\/grupo-aco-cearense-fala-sobre-o-projeto-favela-3d-no-conexao-ods\/","name":"Grupo A\u00e7o Cearense fala sobre o projeto Favela 3D no Conex\u00e3o ODS - Grupo A\u00e7o Cearense","isPartOf":{"@id":"https:\/\/previews.elleven.digital\/acocearense\/#website"},"primaryImageOfPage":{"@id":"https:\/\/previews.elleven.digital\/acocearense\/noticia\/grupo-aco-cearense-fala-sobre-o-projeto-favela-3d-no-conexao-ods\/#primaryimage"},"image":{"@id":"https:\/\/previews.elleven.digital\/acocearense\/noticia\/grupo-aco-cearense-fala-sobre-o-projeto-favela-3d-no-conexao-ods\/#primaryimage"},"thumbnailUrl":"https:\/\/previews.elleven.digital\/acocearense\/wp-content\/uploads\/2025\/05\/Capa-ODS-2023_2-768x576-1.jpg","datePublished":"2023-12-11T20:44:48+00:00","dateModified":"2025-05-07T20:45:10+00:00","breadcrumb":{"@id":"https:\/\/previews.elleven.digital\/acocearense\/noticia\/grupo-aco-cearense-fala-sobre-o-projeto-favela-3d-no-conexao-ods\/#breadcrumb"},"inLanguage":"en-US","potentialAction":[{"@type":"ReadAction","target":["https:\/\/previews.elleven.digital\/acocearense\/noticia\/grupo-aco-cearense-fala-sobre-o-projeto-favela-3d-no-conexao-ods\/"]}]},{"@type":"ImageObject","inLanguage":"en-US","@id":"https:\/\/previews.elleven.digital\/acocearense\/noticia\/grupo-aco-cearense-fala-sobre-o-projeto-favela-3d-no-conexao-ods\/#primaryimage","url":"https:\/\/previews.elleven.digital\/acocearense\/wp-content\/uploads\/2025\/05\/Capa-ODS-2023_2-768x576-1.jpg","contentUrl":"https:\/\/previews.elleven.digital\/acocearense\/wp-content\/uploads\/2025\/05\/Capa-ODS-2023_2-768x576-1.jpg","width":768,"height":576},{"@type":"BreadcrumbList","@id":"https:\/\/previews.elleven.digital\/acocearense\/noticia\/grupo-aco-cearense-fala-sobre-o-projeto-favela-3d-no-conexao-ods\/#breadcrumb","itemListElement":[{"@type":"ListItem","position":1,"name":"In\u00edcio","item":"https:\/\/previews.elleven.digital\/acocearense\/"},{"@type":"ListItem","position":2,"name":"Not\u00edcias","item":"https:\/\/previews.elleven.digital\/acocearense\/noticias\/"},{"@type":"ListItem","position":3,"name":"Grupo A\u00e7o Cearense fala sobre o projeto Favela 3D no Conex\u00e3o ODS"}]},{"@type":"WebSite","@id":"https:\/\/previews.elleven.digital\/acocearense\/#website","url":"https:\/\/previews.elleven.digital\/acocearense\/","name":"Cear\u00e1 Steel","description":"We have been in the Brazilian steel market for over 45 years.","alternateName":"A\u00e7o Cearense","potentialAction":[{"@type":"SearchAction","target":{"@type":"EntryPoint","urlTemplate":"https:\/\/previews.elleven.digital\/acocearense\/?s={search_term_string}"},"query-input":{"@type":"PropertyValueSpecification","valueRequired":true,"valueName":"search_term_string"}}],"inLanguage":"en-US"}]}},"_links":{"self":[{"href":"https:\/\/previews.elleven.digital\/acocearense\/en\/wp-json\/wp\/v2\/noticia\/2165","targetHints":{"allow":["GET"]}}],"collection":[{"href":"https:\/\/previews.elleven.digital\/acocearense\/en\/wp-json\/wp\/v2\/noticia"}],"about":[{"href":"https:\/\/previews.elleven.digital\/acocearense\/en\/wp-json\/wp\/v2\/types\/noticia"}],"wp:featuredmedia":[{"embeddable":true,"href":"https:\/\/previews.elleven.digital\/acocearense\/en\/wp-json\/wp\/v2\/media\/2151"}],"wp:attachment":[{"href":"https:\/\/previews.elleven.digital\/acocearense\/en\/wp-json\/wp\/v2\/media?parent=2165"}],"wp:term":[{"taxonomy":"categoria-noticia","embeddable":true,"href":"https:\/\/previews.elleven.digital\/acocearense\/en\/wp-json\/wp\/v2\/categoria-noticia?post=2165"}],"curies":[{"name":"wp","href":"https:\/\/api.w.org\/{rel}","templated":true}]}}