{"id":2163,"date":"2023-06-06T17:43:17","date_gmt":"2023-06-06T20:43:17","guid":{"rendered":"https:\/\/previews.elleven.digital\/acocearense\/?post_type=noticia&#038;p=2163"},"modified":"2025-05-07T17:43:57","modified_gmt":"2025-05-07T20:43:57","slug":"vilmar-ferreira-presidente-do-grupo-aco-cearense-recebe-medalha-da-abolicao","status":"publish","type":"noticia","link":"https:\/\/previews.elleven.digital\/acocearense\/en\/noticia\/vilmar-ferreira-presidente-do-grupo-aco-cearense-recebe-medalha-da-abolicao\/","title":{"rendered":"Vilmar Ferreira, president of the A\u00e7o Cearense Group, receives the Abolition Medal"},"content":{"rendered":"<p dir=\"ltr\">On May 19, Vilmar Ferreira, president of the Cear\u00e1 Steel Group, received the 2023 Abolition Medal from the Cear\u00e1 State Government, an award that will be presented by Governor Elmano de Freitas and Lieutenant Governor Jade Romero. In addition to Ferreira, the state&#039;s highest honor will also be bestowed on: Dom Jos\u00e9 Aparecido Tosi Marques, Archbishop of Fortaleza; Katia Magalh\u00e3es Arruda, Minister of the Superior Labor Court (TST); and Eudoro Walter de Santana, former Congressman.<\/p>\n<p dir=\"ltr\">Born in Marco, northern Cear\u00e1, Vilmar Ferreira has 43 years of solid experience in the steel and metallurgy sectors. He combined his history with professional management, following modern corporate governance principles, and built the A\u00e7o Cearense Group based on values, ethical principles, and faith in God. Today, he owns four companies and one institute located in Cear\u00e1, Par\u00e1, and Tocantins: A\u00e7o Cearense Comercial, A\u00e7o Cearense Industrial, SINOBRAS, SINOBRAS Florestal, and the A\u00e7o Cearense Institute, generating 4,000 direct jobs and approximately 20,000 indirect jobs, with revenue of R$6.5 billion. As a way of giving back to society and honoring its values and origins, the group invests in social initiatives focused on education, health, culture, sports, and entrepreneurship, benefiting more than 294,000 people.<\/p>","protected":false},"featured_media":2153,"template":"","meta":{"_acf_changed":false,"inline_featured_image":false},"categoria-noticia":[],"class_list":["post-2163","noticia","type-noticia","status-publish","has-post-thumbnail","hentry"],"acf":{"link":""},"yoast_head":"<!-- This site is optimized with the Yoast SEO plugin v25.9 - https:\/\/yoast.com\/wordpress\/plugins\/seo\/ -->\n<title>Vilmar Ferreira, presidente do Grupo A\u00e7o Cearense, recebe Medalha da Aboli\u00e7\u00e3o - Grupo A\u00e7o Cearense<\/title>\n<meta name=\"robots\" content=\"index, follow, max-snippet:-1, max-image-preview:large, max-video-preview:-1\" \/>\n<link rel=\"canonical\" href=\"https:\/\/previews.elleven.digital\/acocearense\/en\/noticia\/vilmar-ferreira-presidente-do-grupo-aco-cearense-recebe-medalha-da-abolicao\/\" \/>\n<meta property=\"og:locale\" content=\"en_US\" \/>\n<meta property=\"og:type\" content=\"article\" \/>\n<meta property=\"og:title\" content=\"Vilmar Ferreira, presidente do Grupo A\u00e7o Cearense, recebe Medalha da Aboli\u00e7\u00e3o - Grupo A\u00e7o Cearense\" \/>\n<meta property=\"og:description\" content=\"O presidente do Grupo A\u00e7o Cearense, Vilmar Ferreira, recebeu no dia 19\/05, do Governo do(...)\" \/>\n<meta property=\"og:url\" content=\"https:\/\/previews.elleven.digital\/acocearense\/en\/noticia\/vilmar-ferreira-presidente-do-grupo-aco-cearense-recebe-medalha-da-abolicao\/\" \/>\n<meta property=\"og:site_name\" content=\"Grupo A\u00e7o Cearense\" \/>\n<meta property=\"article:modified_time\" content=\"2025-05-07T20:43:57+00:00\" \/>\n<meta property=\"og:image\" content=\"https:\/\/previews.elleven.digital\/acocearense\/wp-content\/uploads\/2025\/05\/69A4228_2-768x576-1.jpg\" \/>\n\t<meta property=\"og:image:width\" content=\"768\" \/>\n\t<meta property=\"og:image:height\" content=\"576\" \/>\n\t<meta property=\"og:image:type\" content=\"image\/jpeg\" \/>\n<meta name=\"twitter:card\" content=\"summary_large_image\" \/>\n<meta name=\"twitter:label1\" content=\"Est. reading time\" \/>\n\t<meta name=\"twitter:data1\" content=\"2 minutes\" \/>\n<script type=\"application\/ld+json\" class=\"yoast-schema-graph\">{\"@context\":\"https:\/\/schema.org\",\"@graph\":[{\"@type\":\"WebPage\",\"@id\":\"https:\/\/previews.elleven.digital\/acocearense\/noticia\/vilmar-ferreira-presidente-do-grupo-aco-cearense-recebe-medalha-da-abolicao\/\",\"url\":\"https:\/\/previews.elleven.digital\/acocearense\/noticia\/vilmar-ferreira-presidente-do-grupo-aco-cearense-recebe-medalha-da-abolicao\/\",\"name\":\"Vilmar Ferreira, presidente do Grupo A\u00e7o Cearense, recebe Medalha da Aboli\u00e7\u00e3o - Grupo A\u00e7o Cearense\",\"isPartOf\":{\"@id\":\"https:\/\/previews.elleven.digital\/acocearense\/#website\"},\"primaryImageOfPage\":{\"@id\":\"https:\/\/previews.elleven.digital\/acocearense\/noticia\/vilmar-ferreira-presidente-do-grupo-aco-cearense-recebe-medalha-da-abolicao\/#primaryimage\"},\"image\":{\"@id\":\"https:\/\/previews.elleven.digital\/acocearense\/noticia\/vilmar-ferreira-presidente-do-grupo-aco-cearense-recebe-medalha-da-abolicao\/#primaryimage\"},\"thumbnailUrl\":\"https:\/\/previews.elleven.digital\/acocearense\/wp-content\/uploads\/2025\/05\/69A4228_2-768x576-1.jpg\",\"datePublished\":\"2023-06-06T20:43:17+00:00\",\"dateModified\":\"2025-05-07T20:43:57+00:00\",\"breadcrumb\":{\"@id\":\"https:\/\/previews.elleven.digital\/acocearense\/noticia\/vilmar-ferreira-presidente-do-grupo-aco-cearense-recebe-medalha-da-abolicao\/#breadcrumb\"},\"inLanguage\":\"en-US\",\"potentialAction\":[{\"@type\":\"ReadAction\",\"target\":[\"https:\/\/previews.elleven.digital\/acocearense\/noticia\/vilmar-ferreira-presidente-do-grupo-aco-cearense-recebe-medalha-da-abolicao\/\"]}]},{\"@type\":\"ImageObject\",\"inLanguage\":\"en-US\",\"@id\":\"https:\/\/previews.elleven.digital\/acocearense\/noticia\/vilmar-ferreira-presidente-do-grupo-aco-cearense-recebe-medalha-da-abolicao\/#primaryimage\",\"url\":\"https:\/\/previews.elleven.digital\/acocearense\/wp-content\/uploads\/2025\/05\/69A4228_2-768x576-1.jpg\",\"contentUrl\":\"https:\/\/previews.elleven.digital\/acocearense\/wp-content\/uploads\/2025\/05\/69A4228_2-768x576-1.jpg\",\"width\":768,\"height\":576},{\"@type\":\"BreadcrumbList\",\"@id\":\"https:\/\/previews.elleven.digital\/acocearense\/noticia\/vilmar-ferreira-presidente-do-grupo-aco-cearense-recebe-medalha-da-abolicao\/#breadcrumb\",\"itemListElement\":[{\"@type\":\"ListItem\",\"position\":1,\"name\":\"In\u00edcio\",\"item\":\"https:\/\/previews.elleven.digital\/acocearense\/\"},{\"@type\":\"ListItem\",\"position\":2,\"name\":\"Not\u00edcias\",\"item\":\"https:\/\/previews.elleven.digital\/acocearense\/noticias\/\"},{\"@type\":\"ListItem\",\"position\":3,\"name\":\"Vilmar Ferreira, presidente do Grupo A\u00e7o Cearense, recebe Medalha da Aboli\u00e7\u00e3o\"}]},{\"@type\":\"WebSite\",\"@id\":\"https:\/\/previews.elleven.digital\/acocearense\/#website\",\"url\":\"https:\/\/previews.elleven.digital\/acocearense\/\",\"name\":\"A\u00e7o Cearense\",\"description\":\"H\u00e1 mais de 45 anos no mercado brasileiro do a\u00e7o.\",\"alternateName\":\"A\u00e7o Cearense\",\"potentialAction\":[{\"@type\":\"SearchAction\",\"target\":{\"@type\":\"EntryPoint\",\"urlTemplate\":\"https:\/\/previews.elleven.digital\/acocearense\/?s={search_term_string}\"},\"query-input\":{\"@type\":\"PropertyValueSpecification\",\"valueRequired\":true,\"valueName\":\"search_term_string\"}}],\"inLanguage\":\"en-US\"}]}<\/script>\n<!-- \/ Yoast SEO plugin. -->","yoast_head_json":{"title":"Vilmar Ferreira, presidente do Grupo A\u00e7o Cearense, recebe Medalha da Aboli\u00e7\u00e3o - Grupo A\u00e7o Cearense","robots":{"index":"index","follow":"follow","max-snippet":"max-snippet:-1","max-image-preview":"max-image-preview:large","max-video-preview":"max-video-preview:-1"},"canonical":"https:\/\/previews.elleven.digital\/acocearense\/en\/noticia\/vilmar-ferreira-presidente-do-grupo-aco-cearense-recebe-medalha-da-abolicao\/","og_locale":"en_US","og_type":"article","og_title":"Vilmar Ferreira, presidente do Grupo A\u00e7o Cearense, recebe Medalha da Aboli\u00e7\u00e3o - Grupo A\u00e7o Cearense","og_description":"O presidente do Grupo A\u00e7o Cearense, Vilmar Ferreira, recebeu no dia 19\/05, do Governo do(...)","og_url":"https:\/\/previews.elleven.digital\/acocearense\/en\/noticia\/vilmar-ferreira-presidente-do-grupo-aco-cearense-recebe-medalha-da-abolicao\/","og_site_name":"Grupo A\u00e7o Cearense","article_modified_time":"2025-05-07T20:43:57+00:00","og_image":[{"width":768,"height":576,"url":"https:\/\/previews.elleven.digital\/acocearense\/wp-content\/uploads\/2025\/05\/69A4228_2-768x576-1.jpg","type":"image\/jpeg"}],"twitter_card":"summary_large_image","twitter_misc":{"Est. reading time":"2 minutes"},"schema":{"@context":"https:\/\/schema.org","@graph":[{"@type":"WebPage","@id":"https:\/\/previews.elleven.digital\/acocearense\/noticia\/vilmar-ferreira-presidente-do-grupo-aco-cearense-recebe-medalha-da-abolicao\/","url":"https:\/\/previews.elleven.digital\/acocearense\/noticia\/vilmar-ferreira-presidente-do-grupo-aco-cearense-recebe-medalha-da-abolicao\/","name":"Vilmar Ferreira, presidente do Grupo A\u00e7o Cearense, recebe Medalha da Aboli\u00e7\u00e3o - Grupo A\u00e7o Cearense","isPartOf":{"@id":"https:\/\/previews.elleven.digital\/acocearense\/#website"},"primaryImageOfPage":{"@id":"https:\/\/previews.elleven.digital\/acocearense\/noticia\/vilmar-ferreira-presidente-do-grupo-aco-cearense-recebe-medalha-da-abolicao\/#primaryimage"},"image":{"@id":"https:\/\/previews.elleven.digital\/acocearense\/noticia\/vilmar-ferreira-presidente-do-grupo-aco-cearense-recebe-medalha-da-abolicao\/#primaryimage"},"thumbnailUrl":"https:\/\/previews.elleven.digital\/acocearense\/wp-content\/uploads\/2025\/05\/69A4228_2-768x576-1.jpg","datePublished":"2023-06-06T20:43:17+00:00","dateModified":"2025-05-07T20:43:57+00:00","breadcrumb":{"@id":"https:\/\/previews.elleven.digital\/acocearense\/noticia\/vilmar-ferreira-presidente-do-grupo-aco-cearense-recebe-medalha-da-abolicao\/#breadcrumb"},"inLanguage":"en-US","potentialAction":[{"@type":"ReadAction","target":["https:\/\/previews.elleven.digital\/acocearense\/noticia\/vilmar-ferreira-presidente-do-grupo-aco-cearense-recebe-medalha-da-abolicao\/"]}]},{"@type":"ImageObject","inLanguage":"en-US","@id":"https:\/\/previews.elleven.digital\/acocearense\/noticia\/vilmar-ferreira-presidente-do-grupo-aco-cearense-recebe-medalha-da-abolicao\/#primaryimage","url":"https:\/\/previews.elleven.digital\/acocearense\/wp-content\/uploads\/2025\/05\/69A4228_2-768x576-1.jpg","contentUrl":"https:\/\/previews.elleven.digital\/acocearense\/wp-content\/uploads\/2025\/05\/69A4228_2-768x576-1.jpg","width":768,"height":576},{"@type":"BreadcrumbList","@id":"https:\/\/previews.elleven.digital\/acocearense\/noticia\/vilmar-ferreira-presidente-do-grupo-aco-cearense-recebe-medalha-da-abolicao\/#breadcrumb","itemListElement":[{"@type":"ListItem","position":1,"name":"In\u00edcio","item":"https:\/\/previews.elleven.digital\/acocearense\/"},{"@type":"ListItem","position":2,"name":"Not\u00edcias","item":"https:\/\/previews.elleven.digital\/acocearense\/noticias\/"},{"@type":"ListItem","position":3,"name":"Vilmar Ferreira, presidente do Grupo A\u00e7o Cearense, recebe Medalha da Aboli\u00e7\u00e3o"}]},{"@type":"WebSite","@id":"https:\/\/previews.elleven.digital\/acocearense\/#website","url":"https:\/\/previews.elleven.digital\/acocearense\/","name":"Cear\u00e1 Steel","description":"We have been in the Brazilian steel market for over 45 years.","alternateName":"A\u00e7o Cearense","potentialAction":[{"@type":"SearchAction","target":{"@type":"EntryPoint","urlTemplate":"https:\/\/previews.elleven.digital\/acocearense\/?s={search_term_string}"},"query-input":{"@type":"PropertyValueSpecification","valueRequired":true,"valueName":"search_term_string"}}],"inLanguage":"en-US"}]}},"_links":{"self":[{"href":"https:\/\/previews.elleven.digital\/acocearense\/en\/wp-json\/wp\/v2\/noticia\/2163","targetHints":{"allow":["GET"]}}],"collection":[{"href":"https:\/\/previews.elleven.digital\/acocearense\/en\/wp-json\/wp\/v2\/noticia"}],"about":[{"href":"https:\/\/previews.elleven.digital\/acocearense\/en\/wp-json\/wp\/v2\/types\/noticia"}],"wp:featuredmedia":[{"embeddable":true,"href":"https:\/\/previews.elleven.digital\/acocearense\/en\/wp-json\/wp\/v2\/media\/2153"}],"wp:attachment":[{"href":"https:\/\/previews.elleven.digital\/acocearense\/en\/wp-json\/wp\/v2\/media?parent=2163"}],"wp:term":[{"taxonomy":"categoria-noticia","embeddable":true,"href":"https:\/\/previews.elleven.digital\/acocearense\/en\/wp-json\/wp\/v2\/categoria-noticia?post=2163"}],"curies":[{"name":"wp","href":"https:\/\/api.w.org\/{rel}","templated":true}]}}