{"id":2134,"date":"2021-08-11T17:30:27","date_gmt":"2021-08-11T20:30:27","guid":{"rendered":"https:\/\/previews.elleven.digital\/acocearense\/?post_type=noticia&#038;p=2134"},"modified":"2025-05-07T17:30:59","modified_gmt":"2025-05-07T20:30:59","slug":"com-11-anos-de-historia-instituto-aco-cearense-ja-investiu-mais-de-r-17-milhoes-em-acoes-sociais","status":"publish","type":"noticia","link":"https:\/\/previews.elleven.digital\/acocearense\/en\/noticia\/com-11-anos-de-historia-instituto-aco-cearense-ja-investiu-mais-de-r-17-milhoes-em-acoes-sociais\/","title":{"rendered":"With 11 years of history, Instituto A\u00e7o Cearense has already invested more than R$17 million in social actions."},"content":{"rendered":"<p><i>In 2021, 83 institutions have already been included<\/i><\/p>\n<p>Promoting social initiatives that transform the lives of those in need is the mission of the Instituto A\u00e7o Cearense, founded 11 years ago by Grupo A\u00e7o Cearense. Since its inception through July of this year, the organization has invested more than R$17 million in social projects and supported 216 institutions in Cear\u00e1, Par\u00e1, and Tocantins, improving the lives of more than 132,000 people.<\/p>\n<p>In 2021, the Instituto A\u00e7o Cearense, in addition to monthly donations, also donated basic food baskets, supplies, hospital equipment and infrastructure, masks, school kits, COVID-19 tests, medicines, cleaning supplies, and personal hygiene products to underserved communities and 32 institutions, with an investment of over R$1,400,000. With the pandemic, the Institute intensified its efforts, working diligently with organizations that serve people in socially vulnerable situations.<\/p>\n<p>For the Institute&#039;s president, Rosemeire Matos, it&#039;s essential to continue focusing on social projects that help people during this even more difficult time. &quot;Our work intensified in 2020, and we&#039;re continuing these initiatives this year. We want to work even harder for those who need our help.&quot;<\/p>\n<p>The Instituto A\u00e7o Cearense also carries out important work in the social area, supporting third sector entities that are engaged in sports, entrepreneurship and assistance to children, youth and the elderly.<\/p>\n<p>To learn more and join this chain of goodness, just follow the institute&#039;s Instagram page\u00a0<a href=\"https:\/\/www.instagram.com\/institutoacocearense\/\" target=\"_blank\" rel=\"noopener\">@institutoacocearense<\/a>\u00a0or access the website:\u00a0<a href=\"https:\/\/institutoacocearense.com.br\/\">https:\/\/institutoacocearense.com.br<\/a>.<\/p>","protected":false},"featured_media":2131,"template":"","meta":{"_acf_changed":false,"inline_featured_image":false},"categoria-noticia":[],"class_list":["post-2134","noticia","type-noticia","status-publish","has-post-thumbnail","hentry"],"acf":{"link":""},"yoast_head":"<!-- This site is optimized with the Yoast SEO plugin v25.9 - https:\/\/yoast.com\/wordpress\/plugins\/seo\/ -->\n<title>Com 11 anos de hist\u00f3ria, Instituto A\u00e7o Cearense j\u00e1 investiu mais de R$ 17 milh\u00f5es em a\u00e7\u00f5es sociais - Grupo A\u00e7o Cearense<\/title>\n<meta name=\"robots\" content=\"index, follow, max-snippet:-1, max-image-preview:large, max-video-preview:-1\" \/>\n<link rel=\"canonical\" href=\"https:\/\/previews.elleven.digital\/acocearense\/en\/noticia\/com-11-anos-de-historia-instituto-aco-cearense-ja-investiu-mais-de-r-17-milhoes-em-acoes-sociais\/\" \/>\n<meta property=\"og:locale\" content=\"en_US\" \/>\n<meta property=\"og:type\" content=\"article\" \/>\n<meta property=\"og:title\" content=\"Com 11 anos de hist\u00f3ria, Instituto A\u00e7o Cearense j\u00e1 investiu mais de R$ 17 milh\u00f5es em a\u00e7\u00f5es sociais - Grupo A\u00e7o Cearense\" \/>\n<meta property=\"og:description\" content=\"Em 2021, 83 institui\u00e7\u00f5es j\u00e1 foram contempladas Promover iniciativas sociais para transforma\u00e7\u00e3o de vidas de(...)\" \/>\n<meta property=\"og:url\" content=\"https:\/\/previews.elleven.digital\/acocearense\/en\/noticia\/com-11-anos-de-historia-instituto-aco-cearense-ja-investiu-mais-de-r-17-milhoes-em-acoes-sociais\/\" \/>\n<meta property=\"og:site_name\" content=\"Grupo A\u00e7o Cearense\" \/>\n<meta property=\"article:modified_time\" content=\"2025-05-07T20:30:59+00:00\" \/>\n<meta property=\"og:image\" content=\"https:\/\/previews.elleven.digital\/acocearense\/wp-content\/uploads\/2025\/05\/Com-11-anos-de-historia-Instituto-Aco-Cearense-ja-investiu-mais-de-R-17-milhoes-em-acoes-sociais-768x576-1.png\" \/>\n\t<meta property=\"og:image:width\" content=\"768\" \/>\n\t<meta property=\"og:image:height\" content=\"576\" \/>\n\t<meta property=\"og:image:type\" content=\"image\/png\" \/>\n<meta name=\"twitter:card\" content=\"summary_large_image\" \/>\n<meta name=\"twitter:label1\" content=\"Est. reading time\" \/>\n\t<meta name=\"twitter:data1\" content=\"2 minutes\" \/>\n<script type=\"application\/ld+json\" class=\"yoast-schema-graph\">{\"@context\":\"https:\/\/schema.org\",\"@graph\":[{\"@type\":\"WebPage\",\"@id\":\"https:\/\/previews.elleven.digital\/acocearense\/noticia\/com-11-anos-de-historia-instituto-aco-cearense-ja-investiu-mais-de-r-17-milhoes-em-acoes-sociais\/\",\"url\":\"https:\/\/previews.elleven.digital\/acocearense\/noticia\/com-11-anos-de-historia-instituto-aco-cearense-ja-investiu-mais-de-r-17-milhoes-em-acoes-sociais\/\",\"name\":\"Com 11 anos de hist\u00f3ria, Instituto A\u00e7o Cearense j\u00e1 investiu mais de R$ 17 milh\u00f5es em a\u00e7\u00f5es sociais - Grupo A\u00e7o Cearense\",\"isPartOf\":{\"@id\":\"https:\/\/previews.elleven.digital\/acocearense\/#website\"},\"primaryImageOfPage\":{\"@id\":\"https:\/\/previews.elleven.digital\/acocearense\/noticia\/com-11-anos-de-historia-instituto-aco-cearense-ja-investiu-mais-de-r-17-milhoes-em-acoes-sociais\/#primaryimage\"},\"image\":{\"@id\":\"https:\/\/previews.elleven.digital\/acocearense\/noticia\/com-11-anos-de-historia-instituto-aco-cearense-ja-investiu-mais-de-r-17-milhoes-em-acoes-sociais\/#primaryimage\"},\"thumbnailUrl\":\"https:\/\/previews.elleven.digital\/acocearense\/wp-content\/uploads\/2025\/05\/Com-11-anos-de-historia-Instituto-Aco-Cearense-ja-investiu-mais-de-R-17-milhoes-em-acoes-sociais-768x576-1.png\",\"datePublished\":\"2021-08-11T20:30:27+00:00\",\"dateModified\":\"2025-05-07T20:30:59+00:00\",\"breadcrumb\":{\"@id\":\"https:\/\/previews.elleven.digital\/acocearense\/noticia\/com-11-anos-de-historia-instituto-aco-cearense-ja-investiu-mais-de-r-17-milhoes-em-acoes-sociais\/#breadcrumb\"},\"inLanguage\":\"en-US\",\"potentialAction\":[{\"@type\":\"ReadAction\",\"target\":[\"https:\/\/previews.elleven.digital\/acocearense\/noticia\/com-11-anos-de-historia-instituto-aco-cearense-ja-investiu-mais-de-r-17-milhoes-em-acoes-sociais\/\"]}]},{\"@type\":\"ImageObject\",\"inLanguage\":\"en-US\",\"@id\":\"https:\/\/previews.elleven.digital\/acocearense\/noticia\/com-11-anos-de-historia-instituto-aco-cearense-ja-investiu-mais-de-r-17-milhoes-em-acoes-sociais\/#primaryimage\",\"url\":\"https:\/\/previews.elleven.digital\/acocearense\/wp-content\/uploads\/2025\/05\/Com-11-anos-de-historia-Instituto-Aco-Cearense-ja-investiu-mais-de-R-17-milhoes-em-acoes-sociais-768x576-1.png\",\"contentUrl\":\"https:\/\/previews.elleven.digital\/acocearense\/wp-content\/uploads\/2025\/05\/Com-11-anos-de-historia-Instituto-Aco-Cearense-ja-investiu-mais-de-R-17-milhoes-em-acoes-sociais-768x576-1.png\",\"width\":768,\"height\":576},{\"@type\":\"BreadcrumbList\",\"@id\":\"https:\/\/previews.elleven.digital\/acocearense\/noticia\/com-11-anos-de-historia-instituto-aco-cearense-ja-investiu-mais-de-r-17-milhoes-em-acoes-sociais\/#breadcrumb\",\"itemListElement\":[{\"@type\":\"ListItem\",\"position\":1,\"name\":\"In\u00edcio\",\"item\":\"https:\/\/previews.elleven.digital\/acocearense\/\"},{\"@type\":\"ListItem\",\"position\":2,\"name\":\"Not\u00edcias\",\"item\":\"https:\/\/previews.elleven.digital\/acocearense\/noticias\/\"},{\"@type\":\"ListItem\",\"position\":3,\"name\":\"Com 11 anos de hist\u00f3ria, Instituto A\u00e7o Cearense j\u00e1 investiu mais de R$ 17 milh\u00f5es em a\u00e7\u00f5es sociais\"}]},{\"@type\":\"WebSite\",\"@id\":\"https:\/\/previews.elleven.digital\/acocearense\/#website\",\"url\":\"https:\/\/previews.elleven.digital\/acocearense\/\",\"name\":\"A\u00e7o Cearense\",\"description\":\"H\u00e1 mais de 45 anos no mercado brasileiro do a\u00e7o.\",\"alternateName\":\"A\u00e7o Cearense\",\"potentialAction\":[{\"@type\":\"SearchAction\",\"target\":{\"@type\":\"EntryPoint\",\"urlTemplate\":\"https:\/\/previews.elleven.digital\/acocearense\/?s={search_term_string}\"},\"query-input\":{\"@type\":\"PropertyValueSpecification\",\"valueRequired\":true,\"valueName\":\"search_term_string\"}}],\"inLanguage\":\"en-US\"}]}<\/script>\n<!-- \/ Yoast SEO plugin. -->","yoast_head_json":{"title":"Com 11 anos de hist\u00f3ria, Instituto A\u00e7o Cearense j\u00e1 investiu mais de R$ 17 milh\u00f5es em a\u00e7\u00f5es sociais - Grupo A\u00e7o Cearense","robots":{"index":"index","follow":"follow","max-snippet":"max-snippet:-1","max-image-preview":"max-image-preview:large","max-video-preview":"max-video-preview:-1"},"canonical":"https:\/\/previews.elleven.digital\/acocearense\/en\/noticia\/com-11-anos-de-historia-instituto-aco-cearense-ja-investiu-mais-de-r-17-milhoes-em-acoes-sociais\/","og_locale":"en_US","og_type":"article","og_title":"Com 11 anos de hist\u00f3ria, Instituto A\u00e7o Cearense j\u00e1 investiu mais de R$ 17 milh\u00f5es em a\u00e7\u00f5es sociais - Grupo A\u00e7o Cearense","og_description":"Em 2021, 83 institui\u00e7\u00f5es j\u00e1 foram contempladas Promover iniciativas sociais para transforma\u00e7\u00e3o de vidas de(...)","og_url":"https:\/\/previews.elleven.digital\/acocearense\/en\/noticia\/com-11-anos-de-historia-instituto-aco-cearense-ja-investiu-mais-de-r-17-milhoes-em-acoes-sociais\/","og_site_name":"Grupo A\u00e7o Cearense","article_modified_time":"2025-05-07T20:30:59+00:00","og_image":[{"width":768,"height":576,"url":"https:\/\/previews.elleven.digital\/acocearense\/wp-content\/uploads\/2025\/05\/Com-11-anos-de-historia-Instituto-Aco-Cearense-ja-investiu-mais-de-R-17-milhoes-em-acoes-sociais-768x576-1.png","type":"image\/png"}],"twitter_card":"summary_large_image","twitter_misc":{"Est. reading time":"2 minutes"},"schema":{"@context":"https:\/\/schema.org","@graph":[{"@type":"WebPage","@id":"https:\/\/previews.elleven.digital\/acocearense\/noticia\/com-11-anos-de-historia-instituto-aco-cearense-ja-investiu-mais-de-r-17-milhoes-em-acoes-sociais\/","url":"https:\/\/previews.elleven.digital\/acocearense\/noticia\/com-11-anos-de-historia-instituto-aco-cearense-ja-investiu-mais-de-r-17-milhoes-em-acoes-sociais\/","name":"Com 11 anos de hist\u00f3ria, Instituto A\u00e7o Cearense j\u00e1 investiu mais de R$ 17 milh\u00f5es em a\u00e7\u00f5es sociais - Grupo A\u00e7o Cearense","isPartOf":{"@id":"https:\/\/previews.elleven.digital\/acocearense\/#website"},"primaryImageOfPage":{"@id":"https:\/\/previews.elleven.digital\/acocearense\/noticia\/com-11-anos-de-historia-instituto-aco-cearense-ja-investiu-mais-de-r-17-milhoes-em-acoes-sociais\/#primaryimage"},"image":{"@id":"https:\/\/previews.elleven.digital\/acocearense\/noticia\/com-11-anos-de-historia-instituto-aco-cearense-ja-investiu-mais-de-r-17-milhoes-em-acoes-sociais\/#primaryimage"},"thumbnailUrl":"https:\/\/previews.elleven.digital\/acocearense\/wp-content\/uploads\/2025\/05\/Com-11-anos-de-historia-Instituto-Aco-Cearense-ja-investiu-mais-de-R-17-milhoes-em-acoes-sociais-768x576-1.png","datePublished":"2021-08-11T20:30:27+00:00","dateModified":"2025-05-07T20:30:59+00:00","breadcrumb":{"@id":"https:\/\/previews.elleven.digital\/acocearense\/noticia\/com-11-anos-de-historia-instituto-aco-cearense-ja-investiu-mais-de-r-17-milhoes-em-acoes-sociais\/#breadcrumb"},"inLanguage":"en-US","potentialAction":[{"@type":"ReadAction","target":["https:\/\/previews.elleven.digital\/acocearense\/noticia\/com-11-anos-de-historia-instituto-aco-cearense-ja-investiu-mais-de-r-17-milhoes-em-acoes-sociais\/"]}]},{"@type":"ImageObject","inLanguage":"en-US","@id":"https:\/\/previews.elleven.digital\/acocearense\/noticia\/com-11-anos-de-historia-instituto-aco-cearense-ja-investiu-mais-de-r-17-milhoes-em-acoes-sociais\/#primaryimage","url":"https:\/\/previews.elleven.digital\/acocearense\/wp-content\/uploads\/2025\/05\/Com-11-anos-de-historia-Instituto-Aco-Cearense-ja-investiu-mais-de-R-17-milhoes-em-acoes-sociais-768x576-1.png","contentUrl":"https:\/\/previews.elleven.digital\/acocearense\/wp-content\/uploads\/2025\/05\/Com-11-anos-de-historia-Instituto-Aco-Cearense-ja-investiu-mais-de-R-17-milhoes-em-acoes-sociais-768x576-1.png","width":768,"height":576},{"@type":"BreadcrumbList","@id":"https:\/\/previews.elleven.digital\/acocearense\/noticia\/com-11-anos-de-historia-instituto-aco-cearense-ja-investiu-mais-de-r-17-milhoes-em-acoes-sociais\/#breadcrumb","itemListElement":[{"@type":"ListItem","position":1,"name":"In\u00edcio","item":"https:\/\/previews.elleven.digital\/acocearense\/"},{"@type":"ListItem","position":2,"name":"Not\u00edcias","item":"https:\/\/previews.elleven.digital\/acocearense\/noticias\/"},{"@type":"ListItem","position":3,"name":"Com 11 anos de hist\u00f3ria, Instituto A\u00e7o Cearense j\u00e1 investiu mais de R$ 17 milh\u00f5es em a\u00e7\u00f5es sociais"}]},{"@type":"WebSite","@id":"https:\/\/previews.elleven.digital\/acocearense\/#website","url":"https:\/\/previews.elleven.digital\/acocearense\/","name":"Cear\u00e1 Steel","description":"We have been in the Brazilian steel market for over 45 years.","alternateName":"A\u00e7o Cearense","potentialAction":[{"@type":"SearchAction","target":{"@type":"EntryPoint","urlTemplate":"https:\/\/previews.elleven.digital\/acocearense\/?s={search_term_string}"},"query-input":{"@type":"PropertyValueSpecification","valueRequired":true,"valueName":"search_term_string"}}],"inLanguage":"en-US"}]}},"_links":{"self":[{"href":"https:\/\/previews.elleven.digital\/acocearense\/en\/wp-json\/wp\/v2\/noticia\/2134","targetHints":{"allow":["GET"]}}],"collection":[{"href":"https:\/\/previews.elleven.digital\/acocearense\/en\/wp-json\/wp\/v2\/noticia"}],"about":[{"href":"https:\/\/previews.elleven.digital\/acocearense\/en\/wp-json\/wp\/v2\/types\/noticia"}],"wp:featuredmedia":[{"embeddable":true,"href":"https:\/\/previews.elleven.digital\/acocearense\/en\/wp-json\/wp\/v2\/media\/2131"}],"wp:attachment":[{"href":"https:\/\/previews.elleven.digital\/acocearense\/en\/wp-json\/wp\/v2\/media?parent=2134"}],"wp:term":[{"taxonomy":"categoria-noticia","embeddable":true,"href":"https:\/\/previews.elleven.digital\/acocearense\/en\/wp-json\/wp\/v2\/categoria-noticia?post=2134"}],"curies":[{"name":"wp","href":"https:\/\/api.w.org\/{rel}","templated":true}]}}