{"id":2117,"date":"2021-06-01T17:22:21","date_gmt":"2021-06-01T20:22:21","guid":{"rendered":"https:\/\/previews.elleven.digital\/acocearense\/?post_type=noticia&#038;p=2117"},"modified":"2025-05-07T17:22:53","modified_gmt":"2025-05-07T20:22:53","slug":"campanha-do-instituto-aco-cearense-arrecada-mais-de-62-toneladas-de-alimentos-para-familias-carentes","status":"publish","type":"noticia","link":"https:\/\/previews.elleven.digital\/acocearense\/en\/noticia\/campanha-do-instituto-aco-cearense-arrecada-mais-de-62-toneladas-de-alimentos-para-familias-carentes\/","title":{"rendered":"The Instituto A\u00e7o Cearense campaign raises more than 62 tons of food for needy families."},"content":{"rendered":"<p>The Instituto A\u00e7o Cearense has been carrying out numerous initiatives to improve the lives of people living in socially vulnerable situations during the COVID-19 pandemic. Several campaigns have been held to donate medicine, oxygen cylinders, masks, and personal hygiene products. However, food insecurity has been one of the most pressing issues in recent months, and for this reason, the organization launched the &quot;From Heart to Heart \u2013 No to Hunger&quot; campaign, collecting more than 62 tons of food for needy families.<\/p>\n<p>In addition to the Institute&#039;s own donation, the campaign also mobilized all employees of the group&#039;s companies, as well as partners and customers. With the funds raised, the food baskets will contribute to the fight against hunger for 4,970 families participating in projects supported by the Instituto A\u00e7o Cearense. These selected projects are located in Cear\u00e1, Par\u00e1, and Tocantins, states where the Group&#039;s companies operate: A\u00e7o Cearense Industrial, A\u00e7o Cearense Comercial, SINOBRAS, and SINOBRAS Florestal.<\/p>\n<p>According to Rosemeire Matos, president of the Instituto A\u00e7o Cearense, the campaign&#039;s success is due to the solidarity of those who believe in the Institute&#039;s work. &quot;We are very grateful to everyone who contributed in any way, whether by donating or helping to publicize the campaign. We know the situation of these people is delicate and that those who are hungry are in a hurry. The Instituto A\u00e7o Cearense has a long history of successful campaigns thanks to everyone who believes in and contributes to our projects. Today, we are helping 4,970 families, and this was only possible thanks to the solidarity of everyone who joined us in this cause,&quot; she emphasizes.<\/p>\n<p><img loading=\"lazy\" decoding=\"async\" class=\"size-full wp-image-10400 aligncenter\" src=\"https:\/\/previews.elleven.digital\/acocearense\/wp-content\/uploads\/2021\/06\/Campanha-do-Instituto-Aco-Cearense-arrecada-mais-de-62-toneladas-de-alimentos-para-familias-carentes-2.png\" sizes=\"auto, (max-width: 800px) 100vw, 800px\" srcset=\"https:\/\/previews.elleven.digital\/acocearense\/wp-content\/uploads\/2021\/06\/Campanha-do-Instituto-Aco-Cearense-arrecada-mais-de-62-toneladas-de-alimentos-para-familias-carentes-2.png 800w, https:\/\/previews.elleven.digital\/acocearense\/wp-content\/uploads\/2021\/06\/Campanha-do-Instituto-Aco-Cearense-arrecada-mais-de-62-toneladas-de-alimentos-para-familias-carentes-2-300x225.png 300w, https:\/\/previews.elleven.digital\/acocearense\/wp-content\/uploads\/2021\/06\/Campanha-do-Instituto-Aco-Cearense-arrecada-mais-de-62-toneladas-de-alimentos-para-familias-carentes-2-768x576.png 768w\" alt=\"Campanha do Instituto A\u00e7o Cearense arrecada mais de 62 toneladas de alimentos para fam\u00edlias carentes\" width=\"800\" height=\"600\" \/><\/p>","protected":false},"featured_media":2112,"template":"","meta":{"_acf_changed":false,"inline_featured_image":false},"categoria-noticia":[],"class_list":["post-2117","noticia","type-noticia","status-publish","has-post-thumbnail","hentry"],"acf":{"link":""},"yoast_head":"<!-- This site is optimized with the Yoast SEO plugin v25.9 - https:\/\/yoast.com\/wordpress\/plugins\/seo\/ -->\n<title>Campanha do Instituto A\u00e7o Cearense arrecada mais de 62 toneladas de alimentos para fam\u00edlias carentes - Grupo A\u00e7o Cearense<\/title>\n<meta name=\"robots\" content=\"index, follow, max-snippet:-1, max-image-preview:large, max-video-preview:-1\" \/>\n<link rel=\"canonical\" href=\"https:\/\/previews.elleven.digital\/acocearense\/en\/noticia\/campanha-do-instituto-aco-cearense-arrecada-mais-de-62-toneladas-de-alimentos-para-familias-carentes\/\" \/>\n<meta property=\"og:locale\" content=\"en_US\" \/>\n<meta property=\"og:type\" content=\"article\" \/>\n<meta property=\"og:title\" content=\"Campanha do Instituto A\u00e7o Cearense arrecada mais de 62 toneladas de alimentos para fam\u00edlias carentes - Grupo A\u00e7o Cearense\" \/>\n<meta property=\"og:description\" content=\"O Instituto A\u00e7o Cearense vem realizando in\u00fameras a\u00e7\u00f5es para melhorar a condi\u00e7\u00e3o das pessoas que(...)\" \/>\n<meta property=\"og:url\" content=\"https:\/\/previews.elleven.digital\/acocearense\/en\/noticia\/campanha-do-instituto-aco-cearense-arrecada-mais-de-62-toneladas-de-alimentos-para-familias-carentes\/\" \/>\n<meta property=\"og:site_name\" content=\"Grupo A\u00e7o Cearense\" \/>\n<meta property=\"article:modified_time\" content=\"2025-05-07T20:22:53+00:00\" \/>\n<meta property=\"og:image\" content=\"https:\/\/previews.elleven.digital\/acocearense\/wp-content\/uploads\/2025\/05\/Instituto-Aco-Cearense-doa-recursos-para-beneficiar-saude-publica-e-alimentacao-de-familias-carentes-768x575-2.jpg\" \/>\n\t<meta property=\"og:image:width\" content=\"768\" \/>\n\t<meta property=\"og:image:height\" content=\"575\" \/>\n\t<meta property=\"og:image:type\" content=\"image\/jpeg\" \/>\n<meta name=\"twitter:card\" content=\"summary_large_image\" \/>\n<meta name=\"twitter:label1\" content=\"Est. reading time\" \/>\n\t<meta name=\"twitter:data1\" content=\"2 minutes\" \/>\n<script type=\"application\/ld+json\" class=\"yoast-schema-graph\">{\"@context\":\"https:\/\/schema.org\",\"@graph\":[{\"@type\":\"WebPage\",\"@id\":\"https:\/\/previews.elleven.digital\/acocearense\/noticia\/campanha-do-instituto-aco-cearense-arrecada-mais-de-62-toneladas-de-alimentos-para-familias-carentes\/\",\"url\":\"https:\/\/previews.elleven.digital\/acocearense\/noticia\/campanha-do-instituto-aco-cearense-arrecada-mais-de-62-toneladas-de-alimentos-para-familias-carentes\/\",\"name\":\"Campanha do Instituto A\u00e7o Cearense arrecada mais de 62 toneladas de alimentos para fam\u00edlias carentes - Grupo A\u00e7o Cearense\",\"isPartOf\":{\"@id\":\"https:\/\/previews.elleven.digital\/acocearense\/#website\"},\"primaryImageOfPage\":{\"@id\":\"https:\/\/previews.elleven.digital\/acocearense\/noticia\/campanha-do-instituto-aco-cearense-arrecada-mais-de-62-toneladas-de-alimentos-para-familias-carentes\/#primaryimage\"},\"image\":{\"@id\":\"https:\/\/previews.elleven.digital\/acocearense\/noticia\/campanha-do-instituto-aco-cearense-arrecada-mais-de-62-toneladas-de-alimentos-para-familias-carentes\/#primaryimage\"},\"thumbnailUrl\":\"https:\/\/previews.elleven.digital\/acocearense\/wp-content\/uploads\/2025\/05\/Instituto-Aco-Cearense-doa-recursos-para-beneficiar-saude-publica-e-alimentacao-de-familias-carentes-768x575-2.jpg\",\"datePublished\":\"2021-06-01T20:22:21+00:00\",\"dateModified\":\"2025-05-07T20:22:53+00:00\",\"breadcrumb\":{\"@id\":\"https:\/\/previews.elleven.digital\/acocearense\/noticia\/campanha-do-instituto-aco-cearense-arrecada-mais-de-62-toneladas-de-alimentos-para-familias-carentes\/#breadcrumb\"},\"inLanguage\":\"en-US\",\"potentialAction\":[{\"@type\":\"ReadAction\",\"target\":[\"https:\/\/previews.elleven.digital\/acocearense\/noticia\/campanha-do-instituto-aco-cearense-arrecada-mais-de-62-toneladas-de-alimentos-para-familias-carentes\/\"]}]},{\"@type\":\"ImageObject\",\"inLanguage\":\"en-US\",\"@id\":\"https:\/\/previews.elleven.digital\/acocearense\/noticia\/campanha-do-instituto-aco-cearense-arrecada-mais-de-62-toneladas-de-alimentos-para-familias-carentes\/#primaryimage\",\"url\":\"https:\/\/previews.elleven.digital\/acocearense\/wp-content\/uploads\/2025\/05\/Instituto-Aco-Cearense-doa-recursos-para-beneficiar-saude-publica-e-alimentacao-de-familias-carentes-768x575-2.jpg\",\"contentUrl\":\"https:\/\/previews.elleven.digital\/acocearense\/wp-content\/uploads\/2025\/05\/Instituto-Aco-Cearense-doa-recursos-para-beneficiar-saude-publica-e-alimentacao-de-familias-carentes-768x575-2.jpg\",\"width\":768,\"height\":575},{\"@type\":\"BreadcrumbList\",\"@id\":\"https:\/\/previews.elleven.digital\/acocearense\/noticia\/campanha-do-instituto-aco-cearense-arrecada-mais-de-62-toneladas-de-alimentos-para-familias-carentes\/#breadcrumb\",\"itemListElement\":[{\"@type\":\"ListItem\",\"position\":1,\"name\":\"In\u00edcio\",\"item\":\"https:\/\/previews.elleven.digital\/acocearense\/\"},{\"@type\":\"ListItem\",\"position\":2,\"name\":\"Not\u00edcias\",\"item\":\"https:\/\/previews.elleven.digital\/acocearense\/noticias\/\"},{\"@type\":\"ListItem\",\"position\":3,\"name\":\"Campanha do Instituto A\u00e7o Cearense arrecada mais de 62 toneladas de alimentos para fam\u00edlias carentes\"}]},{\"@type\":\"WebSite\",\"@id\":\"https:\/\/previews.elleven.digital\/acocearense\/#website\",\"url\":\"https:\/\/previews.elleven.digital\/acocearense\/\",\"name\":\"A\u00e7o Cearense\",\"description\":\"H\u00e1 mais de 45 anos no mercado brasileiro do a\u00e7o.\",\"alternateName\":\"A\u00e7o Cearense\",\"potentialAction\":[{\"@type\":\"SearchAction\",\"target\":{\"@type\":\"EntryPoint\",\"urlTemplate\":\"https:\/\/previews.elleven.digital\/acocearense\/?s={search_term_string}\"},\"query-input\":{\"@type\":\"PropertyValueSpecification\",\"valueRequired\":true,\"valueName\":\"search_term_string\"}}],\"inLanguage\":\"en-US\"}]}<\/script>\n<!-- \/ Yoast SEO plugin. -->","yoast_head_json":{"title":"Campanha do Instituto A\u00e7o Cearense arrecada mais de 62 toneladas de alimentos para fam\u00edlias carentes - Grupo A\u00e7o Cearense","robots":{"index":"index","follow":"follow","max-snippet":"max-snippet:-1","max-image-preview":"max-image-preview:large","max-video-preview":"max-video-preview:-1"},"canonical":"https:\/\/previews.elleven.digital\/acocearense\/en\/noticia\/campanha-do-instituto-aco-cearense-arrecada-mais-de-62-toneladas-de-alimentos-para-familias-carentes\/","og_locale":"en_US","og_type":"article","og_title":"Campanha do Instituto A\u00e7o Cearense arrecada mais de 62 toneladas de alimentos para fam\u00edlias carentes - Grupo A\u00e7o Cearense","og_description":"O Instituto A\u00e7o Cearense vem realizando in\u00fameras a\u00e7\u00f5es para melhorar a condi\u00e7\u00e3o das pessoas que(...)","og_url":"https:\/\/previews.elleven.digital\/acocearense\/en\/noticia\/campanha-do-instituto-aco-cearense-arrecada-mais-de-62-toneladas-de-alimentos-para-familias-carentes\/","og_site_name":"Grupo A\u00e7o Cearense","article_modified_time":"2025-05-07T20:22:53+00:00","og_image":[{"width":768,"height":575,"url":"https:\/\/previews.elleven.digital\/acocearense\/wp-content\/uploads\/2025\/05\/Instituto-Aco-Cearense-doa-recursos-para-beneficiar-saude-publica-e-alimentacao-de-familias-carentes-768x575-2.jpg","type":"image\/jpeg"}],"twitter_card":"summary_large_image","twitter_misc":{"Est. reading time":"2 minutes"},"schema":{"@context":"https:\/\/schema.org","@graph":[{"@type":"WebPage","@id":"https:\/\/previews.elleven.digital\/acocearense\/noticia\/campanha-do-instituto-aco-cearense-arrecada-mais-de-62-toneladas-de-alimentos-para-familias-carentes\/","url":"https:\/\/previews.elleven.digital\/acocearense\/noticia\/campanha-do-instituto-aco-cearense-arrecada-mais-de-62-toneladas-de-alimentos-para-familias-carentes\/","name":"Campanha do Instituto A\u00e7o Cearense arrecada mais de 62 toneladas de alimentos para fam\u00edlias carentes - Grupo A\u00e7o Cearense","isPartOf":{"@id":"https:\/\/previews.elleven.digital\/acocearense\/#website"},"primaryImageOfPage":{"@id":"https:\/\/previews.elleven.digital\/acocearense\/noticia\/campanha-do-instituto-aco-cearense-arrecada-mais-de-62-toneladas-de-alimentos-para-familias-carentes\/#primaryimage"},"image":{"@id":"https:\/\/previews.elleven.digital\/acocearense\/noticia\/campanha-do-instituto-aco-cearense-arrecada-mais-de-62-toneladas-de-alimentos-para-familias-carentes\/#primaryimage"},"thumbnailUrl":"https:\/\/previews.elleven.digital\/acocearense\/wp-content\/uploads\/2025\/05\/Instituto-Aco-Cearense-doa-recursos-para-beneficiar-saude-publica-e-alimentacao-de-familias-carentes-768x575-2.jpg","datePublished":"2021-06-01T20:22:21+00:00","dateModified":"2025-05-07T20:22:53+00:00","breadcrumb":{"@id":"https:\/\/previews.elleven.digital\/acocearense\/noticia\/campanha-do-instituto-aco-cearense-arrecada-mais-de-62-toneladas-de-alimentos-para-familias-carentes\/#breadcrumb"},"inLanguage":"en-US","potentialAction":[{"@type":"ReadAction","target":["https:\/\/previews.elleven.digital\/acocearense\/noticia\/campanha-do-instituto-aco-cearense-arrecada-mais-de-62-toneladas-de-alimentos-para-familias-carentes\/"]}]},{"@type":"ImageObject","inLanguage":"en-US","@id":"https:\/\/previews.elleven.digital\/acocearense\/noticia\/campanha-do-instituto-aco-cearense-arrecada-mais-de-62-toneladas-de-alimentos-para-familias-carentes\/#primaryimage","url":"https:\/\/previews.elleven.digital\/acocearense\/wp-content\/uploads\/2025\/05\/Instituto-Aco-Cearense-doa-recursos-para-beneficiar-saude-publica-e-alimentacao-de-familias-carentes-768x575-2.jpg","contentUrl":"https:\/\/previews.elleven.digital\/acocearense\/wp-content\/uploads\/2025\/05\/Instituto-Aco-Cearense-doa-recursos-para-beneficiar-saude-publica-e-alimentacao-de-familias-carentes-768x575-2.jpg","width":768,"height":575},{"@type":"BreadcrumbList","@id":"https:\/\/previews.elleven.digital\/acocearense\/noticia\/campanha-do-instituto-aco-cearense-arrecada-mais-de-62-toneladas-de-alimentos-para-familias-carentes\/#breadcrumb","itemListElement":[{"@type":"ListItem","position":1,"name":"In\u00edcio","item":"https:\/\/previews.elleven.digital\/acocearense\/"},{"@type":"ListItem","position":2,"name":"Not\u00edcias","item":"https:\/\/previews.elleven.digital\/acocearense\/noticias\/"},{"@type":"ListItem","position":3,"name":"Campanha do Instituto A\u00e7o Cearense arrecada mais de 62 toneladas de alimentos para fam\u00edlias carentes"}]},{"@type":"WebSite","@id":"https:\/\/previews.elleven.digital\/acocearense\/#website","url":"https:\/\/previews.elleven.digital\/acocearense\/","name":"Cear\u00e1 Steel","description":"We have been in the Brazilian steel market for over 45 years.","alternateName":"A\u00e7o Cearense","potentialAction":[{"@type":"SearchAction","target":{"@type":"EntryPoint","urlTemplate":"https:\/\/previews.elleven.digital\/acocearense\/?s={search_term_string}"},"query-input":{"@type":"PropertyValueSpecification","valueRequired":true,"valueName":"search_term_string"}}],"inLanguage":"en-US"}]}},"_links":{"self":[{"href":"https:\/\/previews.elleven.digital\/acocearense\/en\/wp-json\/wp\/v2\/noticia\/2117","targetHints":{"allow":["GET"]}}],"collection":[{"href":"https:\/\/previews.elleven.digital\/acocearense\/en\/wp-json\/wp\/v2\/noticia"}],"about":[{"href":"https:\/\/previews.elleven.digital\/acocearense\/en\/wp-json\/wp\/v2\/types\/noticia"}],"wp:featuredmedia":[{"embeddable":true,"href":"https:\/\/previews.elleven.digital\/acocearense\/en\/wp-json\/wp\/v2\/media\/2112"}],"wp:attachment":[{"href":"https:\/\/previews.elleven.digital\/acocearense\/en\/wp-json\/wp\/v2\/media?parent=2117"}],"wp:term":[{"taxonomy":"categoria-noticia","embeddable":true,"href":"https:\/\/previews.elleven.digital\/acocearense\/en\/wp-json\/wp\/v2\/categoria-noticia?post=2117"}],"curies":[{"name":"wp","href":"https:\/\/api.w.org\/{rel}","templated":true}]}}