{"id":2116,"date":"2021-05-14T17:21:54","date_gmt":"2021-05-14T20:21:54","guid":{"rendered":"https:\/\/previews.elleven.digital\/acocearense\/?post_type=noticia&#038;p=2116"},"modified":"2025-05-07T17:22:17","modified_gmt":"2025-05-07T20:22:17","slug":"de-coracao-para-coracao-campanha-do-instituto-aco-cearense-para-ajudar-familias-carentes-chega-na-reta-final","status":"publish","type":"noticia","link":"https:\/\/previews.elleven.digital\/acocearense\/en\/noticia\/de-coracao-para-coracao-campanha-do-instituto-aco-cearense-para-ajudar-familias-carentes-chega-na-reta-final\/","title":{"rendered":"From heart to heart: Instituto A\u00e7o Cearense&#039;s campaign to help needy families reaches its final stretch"},"content":{"rendered":"<p>The &quot;From Heart to Heart \u2013 No to Hunger&quot; campaign is raising funds to purchase basic food baskets that will be donated to needy families in the states of Cear\u00e1, Par\u00e1, and Tocantins, where the Group&#039;s companies are located: A\u00e7o Cearense Industrial, A\u00e7o Cearense Comercial, SINOBRAS, and SINOBRAS Florestal. To this end, the institution has intensified the campaign in recent days to benefit as many people as possible.<\/p>\n<p>Rosemeire Matos, president of the Instituto A\u00e7o Cearense, explains that in addition to the health crisis, many people are experiencing a severe food insecurity crisis, which led the Institute to create the campaign. &quot;We&#039;ve been running social projects for 11 years, and since March 2020, we&#039;ve been intensifying our efforts due to the impact of the pandemic. We&#039;ve already donated oxygen cylinders, tons of food, masks, school kits, COVID-19 tests, medicines, cleaning supplies, and personal hygiene products. Now, we&#039;re raising awareness so that together we can help more people,&quot; she emphasizes.<\/p>\n<p>To participate is very simple, just access the website\u00a0<a href=\"https:\/\/institutoacocearense.com.br\/\" target=\"_blank\" rel=\"noopener\">institutoacocearense.com.br<\/a>\u00a0and donate via Pix or bank transfer. Donations can be made until May 20th. The Instituto A\u00e7o Cearense will also include an additional financial contribution for the purchase of more basic food baskets.<\/p>\n<h2>Forms of donation<\/h2>\n<p><strong>PIX:<\/strong>\u00a011725750000147 (CNPJ key)<\/p>\n<p><strong>Transfer:<\/strong>\u00a0Cear\u00e1 Steel Institute \u2013 CNPJ: 11.725.750\/0001-47<br \/>\nBanco do Brasil \u2013 Branch: 03434-7 Account: 106.283-2<\/p>","protected":false},"featured_media":2111,"template":"","meta":{"_acf_changed":false,"inline_featured_image":false},"categoria-noticia":[],"class_list":["post-2116","noticia","type-noticia","status-publish","has-post-thumbnail","hentry"],"acf":{"link":""},"yoast_head":"<!-- This site is optimized with the Yoast SEO plugin v25.9 - https:\/\/yoast.com\/wordpress\/plugins\/seo\/ -->\n<title>De cora\u00e7\u00e3o para cora\u00e7\u00e3o: Campanha do Instituto A\u00e7o Cearense para ajudar fam\u00edlias carentes chega na reta final - Grupo A\u00e7o Cearense<\/title>\n<meta name=\"robots\" content=\"index, follow, max-snippet:-1, max-image-preview:large, max-video-preview:-1\" \/>\n<link rel=\"canonical\" href=\"https:\/\/previews.elleven.digital\/acocearense\/en\/noticia\/de-coracao-para-coracao-campanha-do-instituto-aco-cearense-para-ajudar-familias-carentes-chega-na-reta-final\/\" \/>\n<meta property=\"og:locale\" content=\"en_US\" \/>\n<meta property=\"og:type\" content=\"article\" \/>\n<meta property=\"og:title\" content=\"De cora\u00e7\u00e3o para cora\u00e7\u00e3o: Campanha do Instituto A\u00e7o Cearense para ajudar fam\u00edlias carentes chega na reta final - Grupo A\u00e7o Cearense\" \/>\n<meta property=\"og:description\" content=\"A campanha \u201cDe Cora\u00e7\u00e3o para Cora\u00e7\u00e3o \u2013 Fome N\u00e3o\u201d est\u00e1 angariando fundos para a compra(...)\" \/>\n<meta property=\"og:url\" content=\"https:\/\/previews.elleven.digital\/acocearense\/en\/noticia\/de-coracao-para-coracao-campanha-do-instituto-aco-cearense-para-ajudar-familias-carentes-chega-na-reta-final\/\" \/>\n<meta property=\"og:site_name\" content=\"Grupo A\u00e7o Cearense\" \/>\n<meta property=\"article:modified_time\" content=\"2025-05-07T20:22:17+00:00\" \/>\n<meta property=\"og:image\" content=\"https:\/\/previews.elleven.digital\/acocearense\/wp-content\/uploads\/2025\/05\/Design-sem-nome-768x576-1.png\" \/>\n\t<meta property=\"og:image:width\" content=\"768\" \/>\n\t<meta property=\"og:image:height\" content=\"576\" \/>\n\t<meta property=\"og:image:type\" content=\"image\/png\" \/>\n<meta name=\"twitter:card\" content=\"summary_large_image\" \/>\n<meta name=\"twitter:label1\" content=\"Est. reading time\" \/>\n\t<meta name=\"twitter:data1\" content=\"1 minute\" \/>\n<script type=\"application\/ld+json\" class=\"yoast-schema-graph\">{\"@context\":\"https:\/\/schema.org\",\"@graph\":[{\"@type\":\"WebPage\",\"@id\":\"https:\/\/previews.elleven.digital\/acocearense\/noticia\/de-coracao-para-coracao-campanha-do-instituto-aco-cearense-para-ajudar-familias-carentes-chega-na-reta-final\/\",\"url\":\"https:\/\/previews.elleven.digital\/acocearense\/noticia\/de-coracao-para-coracao-campanha-do-instituto-aco-cearense-para-ajudar-familias-carentes-chega-na-reta-final\/\",\"name\":\"De cora\u00e7\u00e3o para cora\u00e7\u00e3o: Campanha do Instituto A\u00e7o Cearense para ajudar fam\u00edlias carentes chega na reta final - Grupo A\u00e7o Cearense\",\"isPartOf\":{\"@id\":\"https:\/\/previews.elleven.digital\/acocearense\/#website\"},\"primaryImageOfPage\":{\"@id\":\"https:\/\/previews.elleven.digital\/acocearense\/noticia\/de-coracao-para-coracao-campanha-do-instituto-aco-cearense-para-ajudar-familias-carentes-chega-na-reta-final\/#primaryimage\"},\"image\":{\"@id\":\"https:\/\/previews.elleven.digital\/acocearense\/noticia\/de-coracao-para-coracao-campanha-do-instituto-aco-cearense-para-ajudar-familias-carentes-chega-na-reta-final\/#primaryimage\"},\"thumbnailUrl\":\"https:\/\/previews.elleven.digital\/acocearense\/wp-content\/uploads\/2025\/05\/Design-sem-nome-768x576-1.png\",\"datePublished\":\"2021-05-14T20:21:54+00:00\",\"dateModified\":\"2025-05-07T20:22:17+00:00\",\"breadcrumb\":{\"@id\":\"https:\/\/previews.elleven.digital\/acocearense\/noticia\/de-coracao-para-coracao-campanha-do-instituto-aco-cearense-para-ajudar-familias-carentes-chega-na-reta-final\/#breadcrumb\"},\"inLanguage\":\"en-US\",\"potentialAction\":[{\"@type\":\"ReadAction\",\"target\":[\"https:\/\/previews.elleven.digital\/acocearense\/noticia\/de-coracao-para-coracao-campanha-do-instituto-aco-cearense-para-ajudar-familias-carentes-chega-na-reta-final\/\"]}]},{\"@type\":\"ImageObject\",\"inLanguage\":\"en-US\",\"@id\":\"https:\/\/previews.elleven.digital\/acocearense\/noticia\/de-coracao-para-coracao-campanha-do-instituto-aco-cearense-para-ajudar-familias-carentes-chega-na-reta-final\/#primaryimage\",\"url\":\"https:\/\/previews.elleven.digital\/acocearense\/wp-content\/uploads\/2025\/05\/Design-sem-nome-768x576-1.png\",\"contentUrl\":\"https:\/\/previews.elleven.digital\/acocearense\/wp-content\/uploads\/2025\/05\/Design-sem-nome-768x576-1.png\",\"width\":768,\"height\":576},{\"@type\":\"BreadcrumbList\",\"@id\":\"https:\/\/previews.elleven.digital\/acocearense\/noticia\/de-coracao-para-coracao-campanha-do-instituto-aco-cearense-para-ajudar-familias-carentes-chega-na-reta-final\/#breadcrumb\",\"itemListElement\":[{\"@type\":\"ListItem\",\"position\":1,\"name\":\"In\u00edcio\",\"item\":\"https:\/\/previews.elleven.digital\/acocearense\/\"},{\"@type\":\"ListItem\",\"position\":2,\"name\":\"Not\u00edcias\",\"item\":\"https:\/\/previews.elleven.digital\/acocearense\/noticias\/\"},{\"@type\":\"ListItem\",\"position\":3,\"name\":\"De cora\u00e7\u00e3o para cora\u00e7\u00e3o: Campanha do Instituto A\u00e7o Cearense para ajudar fam\u00edlias carentes chega na reta final\"}]},{\"@type\":\"WebSite\",\"@id\":\"https:\/\/previews.elleven.digital\/acocearense\/#website\",\"url\":\"https:\/\/previews.elleven.digital\/acocearense\/\",\"name\":\"A\u00e7o Cearense\",\"description\":\"H\u00e1 mais de 45 anos no mercado brasileiro do a\u00e7o.\",\"alternateName\":\"A\u00e7o Cearense\",\"potentialAction\":[{\"@type\":\"SearchAction\",\"target\":{\"@type\":\"EntryPoint\",\"urlTemplate\":\"https:\/\/previews.elleven.digital\/acocearense\/?s={search_term_string}\"},\"query-input\":{\"@type\":\"PropertyValueSpecification\",\"valueRequired\":true,\"valueName\":\"search_term_string\"}}],\"inLanguage\":\"en-US\"}]}<\/script>\n<!-- \/ Yoast SEO plugin. -->","yoast_head_json":{"title":"De cora\u00e7\u00e3o para cora\u00e7\u00e3o: Campanha do Instituto A\u00e7o Cearense para ajudar fam\u00edlias carentes chega na reta final - Grupo A\u00e7o Cearense","robots":{"index":"index","follow":"follow","max-snippet":"max-snippet:-1","max-image-preview":"max-image-preview:large","max-video-preview":"max-video-preview:-1"},"canonical":"https:\/\/previews.elleven.digital\/acocearense\/en\/noticia\/de-coracao-para-coracao-campanha-do-instituto-aco-cearense-para-ajudar-familias-carentes-chega-na-reta-final\/","og_locale":"en_US","og_type":"article","og_title":"De cora\u00e7\u00e3o para cora\u00e7\u00e3o: Campanha do Instituto A\u00e7o Cearense para ajudar fam\u00edlias carentes chega na reta final - Grupo A\u00e7o Cearense","og_description":"A campanha \u201cDe Cora\u00e7\u00e3o para Cora\u00e7\u00e3o \u2013 Fome N\u00e3o\u201d est\u00e1 angariando fundos para a compra(...)","og_url":"https:\/\/previews.elleven.digital\/acocearense\/en\/noticia\/de-coracao-para-coracao-campanha-do-instituto-aco-cearense-para-ajudar-familias-carentes-chega-na-reta-final\/","og_site_name":"Grupo A\u00e7o Cearense","article_modified_time":"2025-05-07T20:22:17+00:00","og_image":[{"width":768,"height":576,"url":"https:\/\/previews.elleven.digital\/acocearense\/wp-content\/uploads\/2025\/05\/Design-sem-nome-768x576-1.png","type":"image\/png"}],"twitter_card":"summary_large_image","twitter_misc":{"Est. reading time":"1 minute"},"schema":{"@context":"https:\/\/schema.org","@graph":[{"@type":"WebPage","@id":"https:\/\/previews.elleven.digital\/acocearense\/noticia\/de-coracao-para-coracao-campanha-do-instituto-aco-cearense-para-ajudar-familias-carentes-chega-na-reta-final\/","url":"https:\/\/previews.elleven.digital\/acocearense\/noticia\/de-coracao-para-coracao-campanha-do-instituto-aco-cearense-para-ajudar-familias-carentes-chega-na-reta-final\/","name":"De cora\u00e7\u00e3o para cora\u00e7\u00e3o: Campanha do Instituto A\u00e7o Cearense para ajudar fam\u00edlias carentes chega na reta final - Grupo A\u00e7o Cearense","isPartOf":{"@id":"https:\/\/previews.elleven.digital\/acocearense\/#website"},"primaryImageOfPage":{"@id":"https:\/\/previews.elleven.digital\/acocearense\/noticia\/de-coracao-para-coracao-campanha-do-instituto-aco-cearense-para-ajudar-familias-carentes-chega-na-reta-final\/#primaryimage"},"image":{"@id":"https:\/\/previews.elleven.digital\/acocearense\/noticia\/de-coracao-para-coracao-campanha-do-instituto-aco-cearense-para-ajudar-familias-carentes-chega-na-reta-final\/#primaryimage"},"thumbnailUrl":"https:\/\/previews.elleven.digital\/acocearense\/wp-content\/uploads\/2025\/05\/Design-sem-nome-768x576-1.png","datePublished":"2021-05-14T20:21:54+00:00","dateModified":"2025-05-07T20:22:17+00:00","breadcrumb":{"@id":"https:\/\/previews.elleven.digital\/acocearense\/noticia\/de-coracao-para-coracao-campanha-do-instituto-aco-cearense-para-ajudar-familias-carentes-chega-na-reta-final\/#breadcrumb"},"inLanguage":"en-US","potentialAction":[{"@type":"ReadAction","target":["https:\/\/previews.elleven.digital\/acocearense\/noticia\/de-coracao-para-coracao-campanha-do-instituto-aco-cearense-para-ajudar-familias-carentes-chega-na-reta-final\/"]}]},{"@type":"ImageObject","inLanguage":"en-US","@id":"https:\/\/previews.elleven.digital\/acocearense\/noticia\/de-coracao-para-coracao-campanha-do-instituto-aco-cearense-para-ajudar-familias-carentes-chega-na-reta-final\/#primaryimage","url":"https:\/\/previews.elleven.digital\/acocearense\/wp-content\/uploads\/2025\/05\/Design-sem-nome-768x576-1.png","contentUrl":"https:\/\/previews.elleven.digital\/acocearense\/wp-content\/uploads\/2025\/05\/Design-sem-nome-768x576-1.png","width":768,"height":576},{"@type":"BreadcrumbList","@id":"https:\/\/previews.elleven.digital\/acocearense\/noticia\/de-coracao-para-coracao-campanha-do-instituto-aco-cearense-para-ajudar-familias-carentes-chega-na-reta-final\/#breadcrumb","itemListElement":[{"@type":"ListItem","position":1,"name":"In\u00edcio","item":"https:\/\/previews.elleven.digital\/acocearense\/"},{"@type":"ListItem","position":2,"name":"Not\u00edcias","item":"https:\/\/previews.elleven.digital\/acocearense\/noticias\/"},{"@type":"ListItem","position":3,"name":"De cora\u00e7\u00e3o para cora\u00e7\u00e3o: Campanha do Instituto A\u00e7o Cearense para ajudar fam\u00edlias carentes chega na reta final"}]},{"@type":"WebSite","@id":"https:\/\/previews.elleven.digital\/acocearense\/#website","url":"https:\/\/previews.elleven.digital\/acocearense\/","name":"Cear\u00e1 Steel","description":"We have been in the Brazilian steel market for over 45 years.","alternateName":"A\u00e7o Cearense","potentialAction":[{"@type":"SearchAction","target":{"@type":"EntryPoint","urlTemplate":"https:\/\/previews.elleven.digital\/acocearense\/?s={search_term_string}"},"query-input":{"@type":"PropertyValueSpecification","valueRequired":true,"valueName":"search_term_string"}}],"inLanguage":"en-US"}]}},"_links":{"self":[{"href":"https:\/\/previews.elleven.digital\/acocearense\/en\/wp-json\/wp\/v2\/noticia\/2116","targetHints":{"allow":["GET"]}}],"collection":[{"href":"https:\/\/previews.elleven.digital\/acocearense\/en\/wp-json\/wp\/v2\/noticia"}],"about":[{"href":"https:\/\/previews.elleven.digital\/acocearense\/en\/wp-json\/wp\/v2\/types\/noticia"}],"wp:featuredmedia":[{"embeddable":true,"href":"https:\/\/previews.elleven.digital\/acocearense\/en\/wp-json\/wp\/v2\/media\/2111"}],"wp:attachment":[{"href":"https:\/\/previews.elleven.digital\/acocearense\/en\/wp-json\/wp\/v2\/media?parent=2116"}],"wp:term":[{"taxonomy":"categoria-noticia","embeddable":true,"href":"https:\/\/previews.elleven.digital\/acocearense\/en\/wp-json\/wp\/v2\/categoria-noticia?post=2116"}],"curies":[{"name":"wp","href":"https:\/\/api.w.org\/{rel}","templated":true}]}}