{"id":2114,"date":"2021-04-23T17:20:52","date_gmt":"2021-04-23T20:20:52","guid":{"rendered":"https:\/\/previews.elleven.digital\/acocearense\/?post_type=noticia&#038;p=2114"},"modified":"2025-05-07T17:21:20","modified_gmt":"2025-05-07T20:21:20","slug":"sinobras-recebe-visita-do-novo-secretario-de-desenvolvimento-economico-do-para","status":"publish","type":"noticia","link":"https:\/\/previews.elleven.digital\/acocearense\/en\/noticia\/sinobras-recebe-visita-do-novo-secretario-de-desenvolvimento-economico-do-para\/","title":{"rendered":"SINOBRAS receives visit from the new Secretary of Economic Development of Par\u00e1"},"content":{"rendered":"<p>SINOBRAS \u2013 Sider\u00fargica Norte Brasil SA, a company of the A\u00e7o Cearense Group, received this Friday morning (23) a visit from the new Secretary of State for Economic Development, Mining and Energy (Sedeme), Jos\u00e9 Fernando Gomes J\u00fanior, and his entourage. Ian Corr\u00eaa, Vice President of Operations of the Group, and Clayton Labes, Director of Sustainability at SINOBRAS, presented to the Secretary the company&#039;s expansion project \u201cSINOBRAS phase 2\u201d and the needs for its progress.<\/p>\n<p>During the meeting, Secretary Jos\u00e9 Fernando Gomes J\u00fanior reaffirmed Governor Helder Barbalho&#039;s commitment to the company&#039;s expansion and expressed his willingness to help in any way necessary.<\/p>\n<p>&quot;The expansion of SINOBRAS is very important for us and for Par\u00e1. It will generate a peak of 600 jobs during the implementation phase and 220 direct jobs during the operational phase. We will produce new products, CA 50 rebar in coils and wire rod, enabling us to attract new companies to the region to consume this raw material and generate more jobs and income. We are honored and very optimistic about this meeting and support,&quot; says Ian Corr\u00eaa, Vice President of Operations at Grupo A\u00e7o Cearense.<\/p>\n<p>The SINOBRAS Phase 2 expansion project, which had been halted since 2015, was resumed in October 2020. The project includes the installation of Rolling Mill 2, with a production capacity of 500,000 tons\/year of rolled steel coils; a new coil straightening warehouse; and a new substation and 230kV transmission line. This will increase SINOBRAS&#039;s annual production capacity of 380,000 tons of rolled steel to 880,000 tons\/year.<\/p>","protected":false},"featured_media":2109,"template":"","meta":{"_acf_changed":false,"inline_featured_image":false},"categoria-noticia":[],"class_list":["post-2114","noticia","type-noticia","status-publish","has-post-thumbnail","hentry"],"acf":{"link":""},"yoast_head":"<!-- This site is optimized with the Yoast SEO plugin v25.9 - https:\/\/yoast.com\/wordpress\/plugins\/seo\/ -->\n<title>SINOBRAS recebe visita do novo Secret\u00e1rio de Desenvolvimento Econ\u00f4mico do Par\u00e1 - Grupo A\u00e7o Cearense<\/title>\n<meta name=\"robots\" content=\"index, follow, max-snippet:-1, max-image-preview:large, max-video-preview:-1\" \/>\n<link rel=\"canonical\" href=\"https:\/\/previews.elleven.digital\/acocearense\/en\/noticia\/sinobras-recebe-visita-do-novo-secretario-de-desenvolvimento-economico-do-para\/\" \/>\n<meta property=\"og:locale\" content=\"en_US\" \/>\n<meta property=\"og:type\" content=\"article\" \/>\n<meta property=\"og:title\" content=\"SINOBRAS recebe visita do novo Secret\u00e1rio de Desenvolvimento Econ\u00f4mico do Par\u00e1 - Grupo A\u00e7o Cearense\" \/>\n<meta property=\"og:description\" content=\"A SINOBRAS \u2013 Sider\u00fargica Norte Brasil S.A., empresa do Grupo A\u00e7o Cearense, recebeu na manh\u00e3(...)\" \/>\n<meta property=\"og:url\" content=\"https:\/\/previews.elleven.digital\/acocearense\/en\/noticia\/sinobras-recebe-visita-do-novo-secretario-de-desenvolvimento-economico-do-para\/\" \/>\n<meta property=\"og:site_name\" content=\"Grupo A\u00e7o Cearense\" \/>\n<meta property=\"article:modified_time\" content=\"2025-05-07T20:21:20+00:00\" \/>\n<meta property=\"og:image\" content=\"https:\/\/previews.elleven.digital\/acocearense\/wp-content\/uploads\/2025\/05\/SINOBRAS-recebe-visita-do-novo-Secretario-de-Desenvolvimento-Economico-do-Para-768x576-1.png\" \/>\n\t<meta property=\"og:image:width\" content=\"768\" \/>\n\t<meta property=\"og:image:height\" content=\"576\" \/>\n\t<meta property=\"og:image:type\" content=\"image\/png\" \/>\n<meta name=\"twitter:card\" content=\"summary_large_image\" \/>\n<meta name=\"twitter:label1\" content=\"Est. reading time\" \/>\n\t<meta name=\"twitter:data1\" content=\"2 minutes\" \/>\n<script type=\"application\/ld+json\" class=\"yoast-schema-graph\">{\"@context\":\"https:\/\/schema.org\",\"@graph\":[{\"@type\":\"WebPage\",\"@id\":\"https:\/\/previews.elleven.digital\/acocearense\/noticia\/sinobras-recebe-visita-do-novo-secretario-de-desenvolvimento-economico-do-para\/\",\"url\":\"https:\/\/previews.elleven.digital\/acocearense\/noticia\/sinobras-recebe-visita-do-novo-secretario-de-desenvolvimento-economico-do-para\/\",\"name\":\"SINOBRAS recebe visita do novo Secret\u00e1rio de Desenvolvimento Econ\u00f4mico do Par\u00e1 - Grupo A\u00e7o Cearense\",\"isPartOf\":{\"@id\":\"https:\/\/previews.elleven.digital\/acocearense\/#website\"},\"primaryImageOfPage\":{\"@id\":\"https:\/\/previews.elleven.digital\/acocearense\/noticia\/sinobras-recebe-visita-do-novo-secretario-de-desenvolvimento-economico-do-para\/#primaryimage\"},\"image\":{\"@id\":\"https:\/\/previews.elleven.digital\/acocearense\/noticia\/sinobras-recebe-visita-do-novo-secretario-de-desenvolvimento-economico-do-para\/#primaryimage\"},\"thumbnailUrl\":\"https:\/\/previews.elleven.digital\/acocearense\/wp-content\/uploads\/2025\/05\/SINOBRAS-recebe-visita-do-novo-Secretario-de-Desenvolvimento-Economico-do-Para-768x576-1.png\",\"datePublished\":\"2021-04-23T20:20:52+00:00\",\"dateModified\":\"2025-05-07T20:21:20+00:00\",\"breadcrumb\":{\"@id\":\"https:\/\/previews.elleven.digital\/acocearense\/noticia\/sinobras-recebe-visita-do-novo-secretario-de-desenvolvimento-economico-do-para\/#breadcrumb\"},\"inLanguage\":\"en-US\",\"potentialAction\":[{\"@type\":\"ReadAction\",\"target\":[\"https:\/\/previews.elleven.digital\/acocearense\/noticia\/sinobras-recebe-visita-do-novo-secretario-de-desenvolvimento-economico-do-para\/\"]}]},{\"@type\":\"ImageObject\",\"inLanguage\":\"en-US\",\"@id\":\"https:\/\/previews.elleven.digital\/acocearense\/noticia\/sinobras-recebe-visita-do-novo-secretario-de-desenvolvimento-economico-do-para\/#primaryimage\",\"url\":\"https:\/\/previews.elleven.digital\/acocearense\/wp-content\/uploads\/2025\/05\/SINOBRAS-recebe-visita-do-novo-Secretario-de-Desenvolvimento-Economico-do-Para-768x576-1.png\",\"contentUrl\":\"https:\/\/previews.elleven.digital\/acocearense\/wp-content\/uploads\/2025\/05\/SINOBRAS-recebe-visita-do-novo-Secretario-de-Desenvolvimento-Economico-do-Para-768x576-1.png\",\"width\":768,\"height\":576},{\"@type\":\"BreadcrumbList\",\"@id\":\"https:\/\/previews.elleven.digital\/acocearense\/noticia\/sinobras-recebe-visita-do-novo-secretario-de-desenvolvimento-economico-do-para\/#breadcrumb\",\"itemListElement\":[{\"@type\":\"ListItem\",\"position\":1,\"name\":\"In\u00edcio\",\"item\":\"https:\/\/previews.elleven.digital\/acocearense\/\"},{\"@type\":\"ListItem\",\"position\":2,\"name\":\"Not\u00edcias\",\"item\":\"https:\/\/previews.elleven.digital\/acocearense\/noticias\/\"},{\"@type\":\"ListItem\",\"position\":3,\"name\":\"SINOBRAS recebe visita do novo Secret\u00e1rio de Desenvolvimento Econ\u00f4mico do Par\u00e1\"}]},{\"@type\":\"WebSite\",\"@id\":\"https:\/\/previews.elleven.digital\/acocearense\/#website\",\"url\":\"https:\/\/previews.elleven.digital\/acocearense\/\",\"name\":\"A\u00e7o Cearense\",\"description\":\"H\u00e1 mais de 45 anos no mercado brasileiro do a\u00e7o.\",\"alternateName\":\"A\u00e7o Cearense\",\"potentialAction\":[{\"@type\":\"SearchAction\",\"target\":{\"@type\":\"EntryPoint\",\"urlTemplate\":\"https:\/\/previews.elleven.digital\/acocearense\/?s={search_term_string}\"},\"query-input\":{\"@type\":\"PropertyValueSpecification\",\"valueRequired\":true,\"valueName\":\"search_term_string\"}}],\"inLanguage\":\"en-US\"}]}<\/script>\n<!-- \/ Yoast SEO plugin. -->","yoast_head_json":{"title":"SINOBRAS recebe visita do novo Secret\u00e1rio de Desenvolvimento Econ\u00f4mico do Par\u00e1 - Grupo A\u00e7o Cearense","robots":{"index":"index","follow":"follow","max-snippet":"max-snippet:-1","max-image-preview":"max-image-preview:large","max-video-preview":"max-video-preview:-1"},"canonical":"https:\/\/previews.elleven.digital\/acocearense\/en\/noticia\/sinobras-recebe-visita-do-novo-secretario-de-desenvolvimento-economico-do-para\/","og_locale":"en_US","og_type":"article","og_title":"SINOBRAS recebe visita do novo Secret\u00e1rio de Desenvolvimento Econ\u00f4mico do Par\u00e1 - Grupo A\u00e7o Cearense","og_description":"A SINOBRAS \u2013 Sider\u00fargica Norte Brasil S.A., empresa do Grupo A\u00e7o Cearense, recebeu na manh\u00e3(...)","og_url":"https:\/\/previews.elleven.digital\/acocearense\/en\/noticia\/sinobras-recebe-visita-do-novo-secretario-de-desenvolvimento-economico-do-para\/","og_site_name":"Grupo A\u00e7o Cearense","article_modified_time":"2025-05-07T20:21:20+00:00","og_image":[{"width":768,"height":576,"url":"https:\/\/previews.elleven.digital\/acocearense\/wp-content\/uploads\/2025\/05\/SINOBRAS-recebe-visita-do-novo-Secretario-de-Desenvolvimento-Economico-do-Para-768x576-1.png","type":"image\/png"}],"twitter_card":"summary_large_image","twitter_misc":{"Est. reading time":"2 minutes"},"schema":{"@context":"https:\/\/schema.org","@graph":[{"@type":"WebPage","@id":"https:\/\/previews.elleven.digital\/acocearense\/noticia\/sinobras-recebe-visita-do-novo-secretario-de-desenvolvimento-economico-do-para\/","url":"https:\/\/previews.elleven.digital\/acocearense\/noticia\/sinobras-recebe-visita-do-novo-secretario-de-desenvolvimento-economico-do-para\/","name":"SINOBRAS recebe visita do novo Secret\u00e1rio de Desenvolvimento Econ\u00f4mico do Par\u00e1 - Grupo A\u00e7o Cearense","isPartOf":{"@id":"https:\/\/previews.elleven.digital\/acocearense\/#website"},"primaryImageOfPage":{"@id":"https:\/\/previews.elleven.digital\/acocearense\/noticia\/sinobras-recebe-visita-do-novo-secretario-de-desenvolvimento-economico-do-para\/#primaryimage"},"image":{"@id":"https:\/\/previews.elleven.digital\/acocearense\/noticia\/sinobras-recebe-visita-do-novo-secretario-de-desenvolvimento-economico-do-para\/#primaryimage"},"thumbnailUrl":"https:\/\/previews.elleven.digital\/acocearense\/wp-content\/uploads\/2025\/05\/SINOBRAS-recebe-visita-do-novo-Secretario-de-Desenvolvimento-Economico-do-Para-768x576-1.png","datePublished":"2021-04-23T20:20:52+00:00","dateModified":"2025-05-07T20:21:20+00:00","breadcrumb":{"@id":"https:\/\/previews.elleven.digital\/acocearense\/noticia\/sinobras-recebe-visita-do-novo-secretario-de-desenvolvimento-economico-do-para\/#breadcrumb"},"inLanguage":"en-US","potentialAction":[{"@type":"ReadAction","target":["https:\/\/previews.elleven.digital\/acocearense\/noticia\/sinobras-recebe-visita-do-novo-secretario-de-desenvolvimento-economico-do-para\/"]}]},{"@type":"ImageObject","inLanguage":"en-US","@id":"https:\/\/previews.elleven.digital\/acocearense\/noticia\/sinobras-recebe-visita-do-novo-secretario-de-desenvolvimento-economico-do-para\/#primaryimage","url":"https:\/\/previews.elleven.digital\/acocearense\/wp-content\/uploads\/2025\/05\/SINOBRAS-recebe-visita-do-novo-Secretario-de-Desenvolvimento-Economico-do-Para-768x576-1.png","contentUrl":"https:\/\/previews.elleven.digital\/acocearense\/wp-content\/uploads\/2025\/05\/SINOBRAS-recebe-visita-do-novo-Secretario-de-Desenvolvimento-Economico-do-Para-768x576-1.png","width":768,"height":576},{"@type":"BreadcrumbList","@id":"https:\/\/previews.elleven.digital\/acocearense\/noticia\/sinobras-recebe-visita-do-novo-secretario-de-desenvolvimento-economico-do-para\/#breadcrumb","itemListElement":[{"@type":"ListItem","position":1,"name":"In\u00edcio","item":"https:\/\/previews.elleven.digital\/acocearense\/"},{"@type":"ListItem","position":2,"name":"Not\u00edcias","item":"https:\/\/previews.elleven.digital\/acocearense\/noticias\/"},{"@type":"ListItem","position":3,"name":"SINOBRAS recebe visita do novo Secret\u00e1rio de Desenvolvimento Econ\u00f4mico do Par\u00e1"}]},{"@type":"WebSite","@id":"https:\/\/previews.elleven.digital\/acocearense\/#website","url":"https:\/\/previews.elleven.digital\/acocearense\/","name":"Cear\u00e1 Steel","description":"We have been in the Brazilian steel market for over 45 years.","alternateName":"A\u00e7o Cearense","potentialAction":[{"@type":"SearchAction","target":{"@type":"EntryPoint","urlTemplate":"https:\/\/previews.elleven.digital\/acocearense\/?s={search_term_string}"},"query-input":{"@type":"PropertyValueSpecification","valueRequired":true,"valueName":"search_term_string"}}],"inLanguage":"en-US"}]}},"_links":{"self":[{"href":"https:\/\/previews.elleven.digital\/acocearense\/en\/wp-json\/wp\/v2\/noticia\/2114","targetHints":{"allow":["GET"]}}],"collection":[{"href":"https:\/\/previews.elleven.digital\/acocearense\/en\/wp-json\/wp\/v2\/noticia"}],"about":[{"href":"https:\/\/previews.elleven.digital\/acocearense\/en\/wp-json\/wp\/v2\/types\/noticia"}],"wp:featuredmedia":[{"embeddable":true,"href":"https:\/\/previews.elleven.digital\/acocearense\/en\/wp-json\/wp\/v2\/media\/2109"}],"wp:attachment":[{"href":"https:\/\/previews.elleven.digital\/acocearense\/en\/wp-json\/wp\/v2\/media?parent=2114"}],"wp:term":[{"taxonomy":"categoria-noticia","embeddable":true,"href":"https:\/\/previews.elleven.digital\/acocearense\/en\/wp-json\/wp\/v2\/categoria-noticia?post=2114"}],"curies":[{"name":"wp","href":"https:\/\/api.w.org\/{rel}","templated":true}]}}