{"id":2099,"date":"2021-04-09T17:14:22","date_gmt":"2021-04-09T20:14:22","guid":{"rendered":"https:\/\/previews.elleven.digital\/acocearense\/?post_type=noticia&#038;p=2099"},"modified":"2025-05-07T17:14:58","modified_gmt":"2025-05-07T20:14:58","slug":"9-de-abril-a-data-que-celebra-a-importancia-do-aco-para-o-pais","status":"publish","type":"noticia","link":"https:\/\/previews.elleven.digital\/acocearense\/en\/noticia\/9-de-abril-a-data-que-celebra-a-importancia-do-aco-para-o-pais\/","title":{"rendered":"April 9th, the date that celebrates the importance of steel for the country"},"content":{"rendered":"<p>April 9th is Steel Day, a day to celebrate one of the most important materials for modern society. Grupo A\u00e7o Cearense contributes to this history as one of the industry&#039;s most committed companies, a leading player in the North and Northeast regions of Brazil.<\/p>\n<p>Can you imagine a world without steel? Almost everything we imagine depends on this material. From construction materials to surgical materials, everything depends on it in its composition. The A\u00e7o Cearense Group, with over 40 years of experience, is today a leading player in the Brazilian metallurgical and steel industries. The Group is made up of four companies and an institute: A\u00e7o Cearense Comercial, A\u00e7o Cearense Industrial, SINOBRAS, SINOBRAS Florestal, and Instituto A\u00e7o Cearense. Throughout its history, it has expanded and diversified its operations, going from a small distributor to a large producer and distributor. With a production capacity of 1 (one) million tons\/year, it serves all Brazilian states and generates approximately 4,000 direct jobs, contributing to the construction of a sustainable country.<\/p>\n<p>&nbsp;<\/p>\n<p><img loading=\"lazy\" decoding=\"async\" class=\"size-full wp-image-10189 aligncenter\" src=\"https:\/\/previews.elleven.digital\/acocearense\/wp-content\/uploads\/2021\/04\/1.png\" sizes=\"auto, (max-width: 800px) 100vw, 800px\" srcset=\"https:\/\/previews.elleven.digital\/acocearense\/wp-content\/uploads\/2021\/04\/1.png 800w, https:\/\/previews.elleven.digital\/acocearense\/wp-content\/uploads\/2021\/04\/1-300x225.png 300w, https:\/\/previews.elleven.digital\/acocearense\/wp-content\/uploads\/2021\/04\/1-768x576.png 768w\" alt=\"9 de abril, a data que celebra a import\u00e2ncia do a\u00e7o para o pa\u00eds\" width=\"800\" height=\"600\" \/><\/p>","protected":false},"featured_media":2087,"template":"","meta":{"_acf_changed":false,"inline_featured_image":false},"categoria-noticia":[],"class_list":["post-2099","noticia","type-noticia","status-publish","has-post-thumbnail","hentry"],"acf":{"link":""},"yoast_head":"<!-- This site is optimized with the Yoast SEO plugin v25.9 - https:\/\/yoast.com\/wordpress\/plugins\/seo\/ -->\n<title>9 de abril, a data que celebra a import\u00e2ncia do a\u00e7o para o pa\u00eds - Grupo A\u00e7o Cearense<\/title>\n<meta name=\"robots\" content=\"index, follow, max-snippet:-1, max-image-preview:large, max-video-preview:-1\" \/>\n<link rel=\"canonical\" href=\"https:\/\/previews.elleven.digital\/acocearense\/en\/noticia\/9-de-abril-a-data-que-celebra-a-importancia-do-aco-para-o-pais\/\" \/>\n<meta property=\"og:locale\" content=\"en_US\" \/>\n<meta property=\"og:type\" content=\"article\" \/>\n<meta property=\"og:title\" content=\"9 de abril, a data que celebra a import\u00e2ncia do a\u00e7o para o pa\u00eds - Grupo A\u00e7o Cearense\" \/>\n<meta property=\"og:description\" content=\"No dia 9 de abril \u00e9 comemorado o Dia do A\u00e7o, uma data para celebrar(...)\" \/>\n<meta property=\"og:url\" content=\"https:\/\/previews.elleven.digital\/acocearense\/en\/noticia\/9-de-abril-a-data-que-celebra-a-importancia-do-aco-para-o-pais\/\" \/>\n<meta property=\"og:site_name\" content=\"Grupo A\u00e7o Cearense\" \/>\n<meta property=\"article:modified_time\" content=\"2025-05-07T20:14:58+00:00\" \/>\n<meta property=\"og:image\" content=\"https:\/\/previews.elleven.digital\/acocearense\/wp-content\/uploads\/2025\/05\/3-768x576-1.png\" \/>\n\t<meta property=\"og:image:width\" content=\"768\" \/>\n\t<meta property=\"og:image:height\" content=\"576\" \/>\n\t<meta property=\"og:image:type\" content=\"image\/png\" \/>\n<meta name=\"twitter:card\" content=\"summary_large_image\" \/>\n<meta name=\"twitter:label1\" content=\"Est. reading time\" \/>\n\t<meta name=\"twitter:data1\" content=\"2 minutes\" \/>\n<script type=\"application\/ld+json\" class=\"yoast-schema-graph\">{\"@context\":\"https:\/\/schema.org\",\"@graph\":[{\"@type\":\"WebPage\",\"@id\":\"https:\/\/previews.elleven.digital\/acocearense\/noticia\/9-de-abril-a-data-que-celebra-a-importancia-do-aco-para-o-pais\/\",\"url\":\"https:\/\/previews.elleven.digital\/acocearense\/noticia\/9-de-abril-a-data-que-celebra-a-importancia-do-aco-para-o-pais\/\",\"name\":\"9 de abril, a data que celebra a import\u00e2ncia do a\u00e7o para o pa\u00eds - Grupo A\u00e7o Cearense\",\"isPartOf\":{\"@id\":\"https:\/\/previews.elleven.digital\/acocearense\/#website\"},\"primaryImageOfPage\":{\"@id\":\"https:\/\/previews.elleven.digital\/acocearense\/noticia\/9-de-abril-a-data-que-celebra-a-importancia-do-aco-para-o-pais\/#primaryimage\"},\"image\":{\"@id\":\"https:\/\/previews.elleven.digital\/acocearense\/noticia\/9-de-abril-a-data-que-celebra-a-importancia-do-aco-para-o-pais\/#primaryimage\"},\"thumbnailUrl\":\"https:\/\/previews.elleven.digital\/acocearense\/wp-content\/uploads\/2025\/05\/3-768x576-1.png\",\"datePublished\":\"2021-04-09T20:14:22+00:00\",\"dateModified\":\"2025-05-07T20:14:58+00:00\",\"breadcrumb\":{\"@id\":\"https:\/\/previews.elleven.digital\/acocearense\/noticia\/9-de-abril-a-data-que-celebra-a-importancia-do-aco-para-o-pais\/#breadcrumb\"},\"inLanguage\":\"en-US\",\"potentialAction\":[{\"@type\":\"ReadAction\",\"target\":[\"https:\/\/previews.elleven.digital\/acocearense\/noticia\/9-de-abril-a-data-que-celebra-a-importancia-do-aco-para-o-pais\/\"]}]},{\"@type\":\"ImageObject\",\"inLanguage\":\"en-US\",\"@id\":\"https:\/\/previews.elleven.digital\/acocearense\/noticia\/9-de-abril-a-data-que-celebra-a-importancia-do-aco-para-o-pais\/#primaryimage\",\"url\":\"https:\/\/previews.elleven.digital\/acocearense\/wp-content\/uploads\/2025\/05\/3-768x576-1.png\",\"contentUrl\":\"https:\/\/previews.elleven.digital\/acocearense\/wp-content\/uploads\/2025\/05\/3-768x576-1.png\",\"width\":768,\"height\":576},{\"@type\":\"BreadcrumbList\",\"@id\":\"https:\/\/previews.elleven.digital\/acocearense\/noticia\/9-de-abril-a-data-que-celebra-a-importancia-do-aco-para-o-pais\/#breadcrumb\",\"itemListElement\":[{\"@type\":\"ListItem\",\"position\":1,\"name\":\"In\u00edcio\",\"item\":\"https:\/\/previews.elleven.digital\/acocearense\/\"},{\"@type\":\"ListItem\",\"position\":2,\"name\":\"Not\u00edcias\",\"item\":\"https:\/\/previews.elleven.digital\/acocearense\/noticias\/\"},{\"@type\":\"ListItem\",\"position\":3,\"name\":\"9 de abril, a data que celebra a import\u00e2ncia do a\u00e7o para o pa\u00eds\"}]},{\"@type\":\"WebSite\",\"@id\":\"https:\/\/previews.elleven.digital\/acocearense\/#website\",\"url\":\"https:\/\/previews.elleven.digital\/acocearense\/\",\"name\":\"A\u00e7o Cearense\",\"description\":\"H\u00e1 mais de 45 anos no mercado brasileiro do a\u00e7o.\",\"alternateName\":\"A\u00e7o Cearense\",\"potentialAction\":[{\"@type\":\"SearchAction\",\"target\":{\"@type\":\"EntryPoint\",\"urlTemplate\":\"https:\/\/previews.elleven.digital\/acocearense\/?s={search_term_string}\"},\"query-input\":{\"@type\":\"PropertyValueSpecification\",\"valueRequired\":true,\"valueName\":\"search_term_string\"}}],\"inLanguage\":\"en-US\"}]}<\/script>\n<!-- \/ Yoast SEO plugin. -->","yoast_head_json":{"title":"9 de abril, a data que celebra a import\u00e2ncia do a\u00e7o para o pa\u00eds - Grupo A\u00e7o Cearense","robots":{"index":"index","follow":"follow","max-snippet":"max-snippet:-1","max-image-preview":"max-image-preview:large","max-video-preview":"max-video-preview:-1"},"canonical":"https:\/\/previews.elleven.digital\/acocearense\/en\/noticia\/9-de-abril-a-data-que-celebra-a-importancia-do-aco-para-o-pais\/","og_locale":"en_US","og_type":"article","og_title":"9 de abril, a data que celebra a import\u00e2ncia do a\u00e7o para o pa\u00eds - Grupo A\u00e7o Cearense","og_description":"No dia 9 de abril \u00e9 comemorado o Dia do A\u00e7o, uma data para celebrar(...)","og_url":"https:\/\/previews.elleven.digital\/acocearense\/en\/noticia\/9-de-abril-a-data-que-celebra-a-importancia-do-aco-para-o-pais\/","og_site_name":"Grupo A\u00e7o Cearense","article_modified_time":"2025-05-07T20:14:58+00:00","og_image":[{"width":768,"height":576,"url":"https:\/\/previews.elleven.digital\/acocearense\/wp-content\/uploads\/2025\/05\/3-768x576-1.png","type":"image\/png"}],"twitter_card":"summary_large_image","twitter_misc":{"Est. reading time":"2 minutes"},"schema":{"@context":"https:\/\/schema.org","@graph":[{"@type":"WebPage","@id":"https:\/\/previews.elleven.digital\/acocearense\/noticia\/9-de-abril-a-data-que-celebra-a-importancia-do-aco-para-o-pais\/","url":"https:\/\/previews.elleven.digital\/acocearense\/noticia\/9-de-abril-a-data-que-celebra-a-importancia-do-aco-para-o-pais\/","name":"9 de abril, a data que celebra a import\u00e2ncia do a\u00e7o para o pa\u00eds - Grupo A\u00e7o Cearense","isPartOf":{"@id":"https:\/\/previews.elleven.digital\/acocearense\/#website"},"primaryImageOfPage":{"@id":"https:\/\/previews.elleven.digital\/acocearense\/noticia\/9-de-abril-a-data-que-celebra-a-importancia-do-aco-para-o-pais\/#primaryimage"},"image":{"@id":"https:\/\/previews.elleven.digital\/acocearense\/noticia\/9-de-abril-a-data-que-celebra-a-importancia-do-aco-para-o-pais\/#primaryimage"},"thumbnailUrl":"https:\/\/previews.elleven.digital\/acocearense\/wp-content\/uploads\/2025\/05\/3-768x576-1.png","datePublished":"2021-04-09T20:14:22+00:00","dateModified":"2025-05-07T20:14:58+00:00","breadcrumb":{"@id":"https:\/\/previews.elleven.digital\/acocearense\/noticia\/9-de-abril-a-data-que-celebra-a-importancia-do-aco-para-o-pais\/#breadcrumb"},"inLanguage":"en-US","potentialAction":[{"@type":"ReadAction","target":["https:\/\/previews.elleven.digital\/acocearense\/noticia\/9-de-abril-a-data-que-celebra-a-importancia-do-aco-para-o-pais\/"]}]},{"@type":"ImageObject","inLanguage":"en-US","@id":"https:\/\/previews.elleven.digital\/acocearense\/noticia\/9-de-abril-a-data-que-celebra-a-importancia-do-aco-para-o-pais\/#primaryimage","url":"https:\/\/previews.elleven.digital\/acocearense\/wp-content\/uploads\/2025\/05\/3-768x576-1.png","contentUrl":"https:\/\/previews.elleven.digital\/acocearense\/wp-content\/uploads\/2025\/05\/3-768x576-1.png","width":768,"height":576},{"@type":"BreadcrumbList","@id":"https:\/\/previews.elleven.digital\/acocearense\/noticia\/9-de-abril-a-data-que-celebra-a-importancia-do-aco-para-o-pais\/#breadcrumb","itemListElement":[{"@type":"ListItem","position":1,"name":"In\u00edcio","item":"https:\/\/previews.elleven.digital\/acocearense\/"},{"@type":"ListItem","position":2,"name":"Not\u00edcias","item":"https:\/\/previews.elleven.digital\/acocearense\/noticias\/"},{"@type":"ListItem","position":3,"name":"9 de abril, a data que celebra a import\u00e2ncia do a\u00e7o para o pa\u00eds"}]},{"@type":"WebSite","@id":"https:\/\/previews.elleven.digital\/acocearense\/#website","url":"https:\/\/previews.elleven.digital\/acocearense\/","name":"Cear\u00e1 Steel","description":"We have been in the Brazilian steel market for over 45 years.","alternateName":"A\u00e7o Cearense","potentialAction":[{"@type":"SearchAction","target":{"@type":"EntryPoint","urlTemplate":"https:\/\/previews.elleven.digital\/acocearense\/?s={search_term_string}"},"query-input":{"@type":"PropertyValueSpecification","valueRequired":true,"valueName":"search_term_string"}}],"inLanguage":"en-US"}]}},"_links":{"self":[{"href":"https:\/\/previews.elleven.digital\/acocearense\/en\/wp-json\/wp\/v2\/noticia\/2099","targetHints":{"allow":["GET"]}}],"collection":[{"href":"https:\/\/previews.elleven.digital\/acocearense\/en\/wp-json\/wp\/v2\/noticia"}],"about":[{"href":"https:\/\/previews.elleven.digital\/acocearense\/en\/wp-json\/wp\/v2\/types\/noticia"}],"wp:featuredmedia":[{"embeddable":true,"href":"https:\/\/previews.elleven.digital\/acocearense\/en\/wp-json\/wp\/v2\/media\/2087"}],"wp:attachment":[{"href":"https:\/\/previews.elleven.digital\/acocearense\/en\/wp-json\/wp\/v2\/media?parent=2099"}],"wp:term":[{"taxonomy":"categoria-noticia","embeddable":true,"href":"https:\/\/previews.elleven.digital\/acocearense\/en\/wp-json\/wp\/v2\/categoria-noticia?post=2099"}],"curies":[{"name":"wp","href":"https:\/\/api.w.org\/{rel}","templated":true}]}}