{"id":2082,"date":"2021-02-11T17:08:38","date_gmt":"2021-02-11T20:08:38","guid":{"rendered":"https:\/\/previews.elleven.digital\/acocearense\/?post_type=noticia&#038;p=2082"},"modified":"2025-05-07T17:09:00","modified_gmt":"2025-05-07T20:09:00","slug":"sinobras-recebe-visita-institucional-do-exercito-brasileiro","status":"publish","type":"noticia","link":"https:\/\/previews.elleven.digital\/acocearense\/en\/noticia\/sinobras-recebe-visita-institucional-do-exercito-brasileiro\/","title":{"rendered":"SINOBRAS receives institutional visit from the Brazilian Army"},"content":{"rendered":"<p>With the aim of strengthening institutional relations, SINOBRAS \u2013 Sider\u00fargica Norte Brasil SA received a visit, on the morning of last Wednesday (10\/02), from an Army delegation, represented by the Commander and Chief of Staff of the 23rd Jungle Infantry Brigade, General Moretto and Colonel Geraldo.<\/p>\n<p>The military personnel were welcomed by Industrial Director Milton Lima and Steel Mill Manager Alexandre Mendon\u00e7a. The strong relationship between SINOBRAS and the Brazilian Army is part of a partnership built throughout the steel mill&#039;s history and has grown stronger over the years, as one of the hosts explains. &quot;We support the army in several operations, such as the destruction of seized weapons by incinerating them in the Steel Mill&#039;s Electric Furnace. We also receive support whenever possible, as is the case with our Steel Race. It&#039;s a great pleasure to have them as our partner and to be able to contribute to the good of society,&quot; says Milton Lima.<\/p>\n<p><strong>More information for the Press:<\/strong><\/p>\n<ul>\n<li>AD2M Communication Engineering\n<ul>\n<li><a href=\"http:\/\/www.ad2m.com.br\/\">www.ad2m.com.br<\/a>\u00a0| (85) 3258.1001<\/li>\n<\/ul>\n<\/li>\n<li>Camila Grangeiro \u2013\u00a0<a href=\"mailto:camilagrangeiro@ad2m.com.br\">camilagrangeiro@ad2m.com.br<\/a>\u00a0| (85) 9.8157.4929 \/ (85) 9.9659.6890<\/li>\n<li>Manoella Monteiro \u2013\u00a0<a href=\"mailto:manoella@ad2m.com.br\">manoella@ad2m.com.br<\/a>| (85) 9.8851.9529<\/li>\n<li>Mauro Costa \u2013\u00a0<a href=\"mailto:maurocosta@ad2m.com.br\">maurocosta@ad2m.com.br<\/a>\u00a0| (85) 9.8879.8474<\/li>\n<\/ul>","protected":false},"featured_media":2064,"template":"","meta":{"_acf_changed":false,"inline_featured_image":false},"categoria-noticia":[],"class_list":["post-2082","noticia","type-noticia","status-publish","has-post-thumbnail","hentry"],"acf":{"link":""},"yoast_head":"<!-- This site is optimized with the Yoast SEO plugin v25.9 - https:\/\/yoast.com\/wordpress\/plugins\/seo\/ -->\n<title>SINOBRAS recebe visita institucional do Ex\u00e9rcito Brasileiro - Grupo A\u00e7o Cearense<\/title>\n<meta name=\"robots\" content=\"index, follow, max-snippet:-1, max-image-preview:large, max-video-preview:-1\" \/>\n<link rel=\"canonical\" href=\"https:\/\/previews.elleven.digital\/acocearense\/en\/noticia\/sinobras-recebe-visita-institucional-do-exercito-brasileiro\/\" \/>\n<meta property=\"og:locale\" content=\"en_US\" \/>\n<meta property=\"og:type\" content=\"article\" \/>\n<meta property=\"og:title\" content=\"SINOBRAS recebe visita institucional do Ex\u00e9rcito Brasileiro - Grupo A\u00e7o Cearense\" \/>\n<meta property=\"og:description\" content=\"Com o objetivo de fortalecer as rela\u00e7\u00f5es institucionais, a SINOBRAS \u2013 Sider\u00fargica Norte Brasil S.A.(...)\" \/>\n<meta property=\"og:url\" content=\"https:\/\/previews.elleven.digital\/acocearense\/en\/noticia\/sinobras-recebe-visita-institucional-do-exercito-brasileiro\/\" \/>\n<meta property=\"og:site_name\" content=\"Grupo A\u00e7o Cearense\" \/>\n<meta property=\"article:modified_time\" content=\"2025-05-07T20:09:00+00:00\" \/>\n<meta property=\"og:image\" content=\"https:\/\/previews.elleven.digital\/acocearense\/wp-content\/uploads\/2025\/05\/sinobras-exercito-brasileiro-768x576-1.jpg\" \/>\n\t<meta property=\"og:image:width\" content=\"768\" \/>\n\t<meta property=\"og:image:height\" content=\"576\" \/>\n\t<meta property=\"og:image:type\" content=\"image\/jpeg\" \/>\n<meta name=\"twitter:card\" content=\"summary_large_image\" \/>\n<meta name=\"twitter:label1\" content=\"Est. reading time\" \/>\n\t<meta name=\"twitter:data1\" content=\"2 minutes\" \/>\n<script type=\"application\/ld+json\" class=\"yoast-schema-graph\">{\"@context\":\"https:\/\/schema.org\",\"@graph\":[{\"@type\":\"WebPage\",\"@id\":\"https:\/\/previews.elleven.digital\/acocearense\/noticia\/sinobras-recebe-visita-institucional-do-exercito-brasileiro\/\",\"url\":\"https:\/\/previews.elleven.digital\/acocearense\/noticia\/sinobras-recebe-visita-institucional-do-exercito-brasileiro\/\",\"name\":\"SINOBRAS recebe visita institucional do Ex\u00e9rcito Brasileiro - Grupo A\u00e7o Cearense\",\"isPartOf\":{\"@id\":\"https:\/\/previews.elleven.digital\/acocearense\/#website\"},\"primaryImageOfPage\":{\"@id\":\"https:\/\/previews.elleven.digital\/acocearense\/noticia\/sinobras-recebe-visita-institucional-do-exercito-brasileiro\/#primaryimage\"},\"image\":{\"@id\":\"https:\/\/previews.elleven.digital\/acocearense\/noticia\/sinobras-recebe-visita-institucional-do-exercito-brasileiro\/#primaryimage\"},\"thumbnailUrl\":\"https:\/\/previews.elleven.digital\/acocearense\/wp-content\/uploads\/2025\/05\/sinobras-exercito-brasileiro-768x576-1.jpg\",\"datePublished\":\"2021-02-11T20:08:38+00:00\",\"dateModified\":\"2025-05-07T20:09:00+00:00\",\"breadcrumb\":{\"@id\":\"https:\/\/previews.elleven.digital\/acocearense\/noticia\/sinobras-recebe-visita-institucional-do-exercito-brasileiro\/#breadcrumb\"},\"inLanguage\":\"en-US\",\"potentialAction\":[{\"@type\":\"ReadAction\",\"target\":[\"https:\/\/previews.elleven.digital\/acocearense\/noticia\/sinobras-recebe-visita-institucional-do-exercito-brasileiro\/\"]}]},{\"@type\":\"ImageObject\",\"inLanguage\":\"en-US\",\"@id\":\"https:\/\/previews.elleven.digital\/acocearense\/noticia\/sinobras-recebe-visita-institucional-do-exercito-brasileiro\/#primaryimage\",\"url\":\"https:\/\/previews.elleven.digital\/acocearense\/wp-content\/uploads\/2025\/05\/sinobras-exercito-brasileiro-768x576-1.jpg\",\"contentUrl\":\"https:\/\/previews.elleven.digital\/acocearense\/wp-content\/uploads\/2025\/05\/sinobras-exercito-brasileiro-768x576-1.jpg\",\"width\":768,\"height\":576},{\"@type\":\"BreadcrumbList\",\"@id\":\"https:\/\/previews.elleven.digital\/acocearense\/noticia\/sinobras-recebe-visita-institucional-do-exercito-brasileiro\/#breadcrumb\",\"itemListElement\":[{\"@type\":\"ListItem\",\"position\":1,\"name\":\"In\u00edcio\",\"item\":\"https:\/\/previews.elleven.digital\/acocearense\/\"},{\"@type\":\"ListItem\",\"position\":2,\"name\":\"Not\u00edcias\",\"item\":\"https:\/\/previews.elleven.digital\/acocearense\/noticias\/\"},{\"@type\":\"ListItem\",\"position\":3,\"name\":\"SINOBRAS recebe visita institucional do Ex\u00e9rcito Brasileiro\"}]},{\"@type\":\"WebSite\",\"@id\":\"https:\/\/previews.elleven.digital\/acocearense\/#website\",\"url\":\"https:\/\/previews.elleven.digital\/acocearense\/\",\"name\":\"A\u00e7o Cearense\",\"description\":\"H\u00e1 mais de 45 anos no mercado brasileiro do a\u00e7o.\",\"alternateName\":\"A\u00e7o Cearense\",\"potentialAction\":[{\"@type\":\"SearchAction\",\"target\":{\"@type\":\"EntryPoint\",\"urlTemplate\":\"https:\/\/previews.elleven.digital\/acocearense\/?s={search_term_string}\"},\"query-input\":{\"@type\":\"PropertyValueSpecification\",\"valueRequired\":true,\"valueName\":\"search_term_string\"}}],\"inLanguage\":\"en-US\"}]}<\/script>\n<!-- \/ Yoast SEO plugin. -->","yoast_head_json":{"title":"SINOBRAS recebe visita institucional do Ex\u00e9rcito Brasileiro - Grupo A\u00e7o Cearense","robots":{"index":"index","follow":"follow","max-snippet":"max-snippet:-1","max-image-preview":"max-image-preview:large","max-video-preview":"max-video-preview:-1"},"canonical":"https:\/\/previews.elleven.digital\/acocearense\/en\/noticia\/sinobras-recebe-visita-institucional-do-exercito-brasileiro\/","og_locale":"en_US","og_type":"article","og_title":"SINOBRAS recebe visita institucional do Ex\u00e9rcito Brasileiro - Grupo A\u00e7o Cearense","og_description":"Com o objetivo de fortalecer as rela\u00e7\u00f5es institucionais, a SINOBRAS \u2013 Sider\u00fargica Norte Brasil S.A.(...)","og_url":"https:\/\/previews.elleven.digital\/acocearense\/en\/noticia\/sinobras-recebe-visita-institucional-do-exercito-brasileiro\/","og_site_name":"Grupo A\u00e7o Cearense","article_modified_time":"2025-05-07T20:09:00+00:00","og_image":[{"width":768,"height":576,"url":"https:\/\/previews.elleven.digital\/acocearense\/wp-content\/uploads\/2025\/05\/sinobras-exercito-brasileiro-768x576-1.jpg","type":"image\/jpeg"}],"twitter_card":"summary_large_image","twitter_misc":{"Est. reading time":"2 minutes"},"schema":{"@context":"https:\/\/schema.org","@graph":[{"@type":"WebPage","@id":"https:\/\/previews.elleven.digital\/acocearense\/noticia\/sinobras-recebe-visita-institucional-do-exercito-brasileiro\/","url":"https:\/\/previews.elleven.digital\/acocearense\/noticia\/sinobras-recebe-visita-institucional-do-exercito-brasileiro\/","name":"SINOBRAS recebe visita institucional do Ex\u00e9rcito Brasileiro - Grupo A\u00e7o Cearense","isPartOf":{"@id":"https:\/\/previews.elleven.digital\/acocearense\/#website"},"primaryImageOfPage":{"@id":"https:\/\/previews.elleven.digital\/acocearense\/noticia\/sinobras-recebe-visita-institucional-do-exercito-brasileiro\/#primaryimage"},"image":{"@id":"https:\/\/previews.elleven.digital\/acocearense\/noticia\/sinobras-recebe-visita-institucional-do-exercito-brasileiro\/#primaryimage"},"thumbnailUrl":"https:\/\/previews.elleven.digital\/acocearense\/wp-content\/uploads\/2025\/05\/sinobras-exercito-brasileiro-768x576-1.jpg","datePublished":"2021-02-11T20:08:38+00:00","dateModified":"2025-05-07T20:09:00+00:00","breadcrumb":{"@id":"https:\/\/previews.elleven.digital\/acocearense\/noticia\/sinobras-recebe-visita-institucional-do-exercito-brasileiro\/#breadcrumb"},"inLanguage":"en-US","potentialAction":[{"@type":"ReadAction","target":["https:\/\/previews.elleven.digital\/acocearense\/noticia\/sinobras-recebe-visita-institucional-do-exercito-brasileiro\/"]}]},{"@type":"ImageObject","inLanguage":"en-US","@id":"https:\/\/previews.elleven.digital\/acocearense\/noticia\/sinobras-recebe-visita-institucional-do-exercito-brasileiro\/#primaryimage","url":"https:\/\/previews.elleven.digital\/acocearense\/wp-content\/uploads\/2025\/05\/sinobras-exercito-brasileiro-768x576-1.jpg","contentUrl":"https:\/\/previews.elleven.digital\/acocearense\/wp-content\/uploads\/2025\/05\/sinobras-exercito-brasileiro-768x576-1.jpg","width":768,"height":576},{"@type":"BreadcrumbList","@id":"https:\/\/previews.elleven.digital\/acocearense\/noticia\/sinobras-recebe-visita-institucional-do-exercito-brasileiro\/#breadcrumb","itemListElement":[{"@type":"ListItem","position":1,"name":"In\u00edcio","item":"https:\/\/previews.elleven.digital\/acocearense\/"},{"@type":"ListItem","position":2,"name":"Not\u00edcias","item":"https:\/\/previews.elleven.digital\/acocearense\/noticias\/"},{"@type":"ListItem","position":3,"name":"SINOBRAS recebe visita institucional do Ex\u00e9rcito Brasileiro"}]},{"@type":"WebSite","@id":"https:\/\/previews.elleven.digital\/acocearense\/#website","url":"https:\/\/previews.elleven.digital\/acocearense\/","name":"Cear\u00e1 Steel","description":"We have been in the Brazilian steel market for over 45 years.","alternateName":"A\u00e7o Cearense","potentialAction":[{"@type":"SearchAction","target":{"@type":"EntryPoint","urlTemplate":"https:\/\/previews.elleven.digital\/acocearense\/?s={search_term_string}"},"query-input":{"@type":"PropertyValueSpecification","valueRequired":true,"valueName":"search_term_string"}}],"inLanguage":"en-US"}]}},"_links":{"self":[{"href":"https:\/\/previews.elleven.digital\/acocearense\/en\/wp-json\/wp\/v2\/noticia\/2082","targetHints":{"allow":["GET"]}}],"collection":[{"href":"https:\/\/previews.elleven.digital\/acocearense\/en\/wp-json\/wp\/v2\/noticia"}],"about":[{"href":"https:\/\/previews.elleven.digital\/acocearense\/en\/wp-json\/wp\/v2\/types\/noticia"}],"wp:featuredmedia":[{"embeddable":true,"href":"https:\/\/previews.elleven.digital\/acocearense\/en\/wp-json\/wp\/v2\/media\/2064"}],"wp:attachment":[{"href":"https:\/\/previews.elleven.digital\/acocearense\/en\/wp-json\/wp\/v2\/media?parent=2082"}],"wp:term":[{"taxonomy":"categoria-noticia","embeddable":true,"href":"https:\/\/previews.elleven.digital\/acocearense\/en\/wp-json\/wp\/v2\/categoria-noticia?post=2082"}],"curies":[{"name":"wp","href":"https:\/\/api.w.org\/{rel}","templated":true}]}}