{"id":2081,"date":"2021-02-10T17:08:01","date_gmt":"2021-02-10T20:08:01","guid":{"rendered":"https:\/\/previews.elleven.digital\/acocearense\/?post_type=noticia&#038;p=2081"},"modified":"2025-05-07T17:08:32","modified_gmt":"2025-05-07T20:08:32","slug":"instituto-aco-cearense-fomenta-o-esporte-e-parabeniza-desportistas-pelo-dia-do-atleta-profissional","status":"publish","type":"noticia","link":"https:\/\/previews.elleven.digital\/acocearense\/en\/noticia\/instituto-aco-cearense-fomenta-o-esporte-e-parabeniza-desportistas-pelo-dia-do-atleta-profissional\/","title":{"rendered":"Instituto A\u00e7o Cearense promotes sports and congratulates athletes on Professional Athlete&#039;s Day"},"content":{"rendered":"<p>February 10th is Professional Athlete&#039;s Day, a day to honor those who exemplify discipline, perseverance, focus, and determination. The Instituto A\u00e7o Cearense believes that sport is a driving force for well-being and social development, and therefore supports and encourages the athletes who are part of the institution&#039;s history, so they never give up.<\/p>\n<p>Even with the COVID-19 pandemic, athletes supported by the Instituto A\u00e7o Cearense maintained their training routines, taking all necessary precautions, and gradually began competing again. Jonathan Benvindo, who has been practicing karate since he was seven, now 17, has already won over 200 medals and podiums worldwide. He&#039;s still a teenager, but the sport is as much a part of his life as a profession. His dream is to become an Olympic athlete and bring great achievements to the country. &quot;Sport has changed my life and that of my family, financially, socially, and culturally. My dream is to be able to make a living from karate and bring more medals to Cear\u00e1 and Brazil,&quot; he says.<\/p>\n<p>For athlete Gilberto Silva, a paracyclist from Cear\u00e1 sponsored by the Instituto A\u00e7o Cearense for 10 years, with over 300 podium finishes throughout his career, the life of a professional athlete is a dream that also began in childhood and was questioned by many people due to paralysis that left him with a leg disability. Despite the difficulties, he never gave up. Currently, Gilberto participates in numerous competitions and was the Brazilian paracycling champion in 2017, a bronze medalist in 2019, and is the current Cear\u00e1 mountain bike runner-up in the Elite category.<\/p>\n<p>It is with these stories that the Instituto A\u00e7o Cearense is inspired and wants to encourage other companies to support health and well-being and promote sports as a symbol of building values and personal development.<\/p>\n<p>&nbsp;<\/p>\n<p><strong>More information for the Press:<\/strong><\/p>\n<p>AD2M Communication Engineering<\/p>\n<p><a href=\"http:\/\/www.ad2m.com.br\/\">www.ad2m.com.br<\/a>\u00a0| (85) 3258.1001<\/p>\n<p>Camila Grangeiro \u2013\u00a0<a href=\"mailto:camilagrangeiro@ad2m.com.br\">camilagrangeiro@ad2m.com.br<\/a>\u00a0| (85) 9.8157.4929 \/ (85) 9.9659.6890<\/p>\n<p>Manoella Monteiro \u2013\u00a0<a href=\"mailto:manoella@ad2m.com.br\">manoella@ad2m.com.br<\/a>| (85) 9.8851.9529<\/p>\n<p>Mauro Costa \u2013\u00a0<a href=\"mailto:maurocosta@ad2m.com.br\">maurocosta@ad2m.com.br<\/a>\u00a0| (85) 9.8879.8474<\/p>","protected":false},"featured_media":2065,"template":"","meta":{"_acf_changed":false,"inline_featured_image":false},"categoria-noticia":[],"class_list":["post-2081","noticia","type-noticia","status-publish","has-post-thumbnail","hentry"],"acf":{"link":""},"yoast_head":"<!-- This site is optimized with the Yoast SEO plugin v25.9 - https:\/\/yoast.com\/wordpress\/plugins\/seo\/ -->\n<title>Instituto A\u00e7o Cearense fomenta o esporte e parabeniza desportistas pelo Dia do Atleta Profissional - Grupo A\u00e7o Cearense<\/title>\n<meta name=\"robots\" content=\"index, follow, max-snippet:-1, max-image-preview:large, max-video-preview:-1\" \/>\n<link rel=\"canonical\" href=\"https:\/\/previews.elleven.digital\/acocearense\/en\/noticia\/instituto-aco-cearense-fomenta-o-esporte-e-parabeniza-desportistas-pelo-dia-do-atleta-profissional\/\" \/>\n<meta property=\"og:locale\" content=\"en_US\" \/>\n<meta property=\"og:type\" content=\"article\" \/>\n<meta property=\"og:title\" content=\"Instituto A\u00e7o Cearense fomenta o esporte e parabeniza desportistas pelo Dia do Atleta Profissional - Grupo A\u00e7o Cearense\" \/>\n<meta property=\"og:description\" content=\"Dia 10 de fevereiro \u00e9 comemorado o Dia do Atleta Profissional, uma data para homenagear(...)\" \/>\n<meta property=\"og:url\" content=\"https:\/\/previews.elleven.digital\/acocearense\/en\/noticia\/instituto-aco-cearense-fomenta-o-esporte-e-parabeniza-desportistas-pelo-dia-do-atleta-profissional\/\" \/>\n<meta property=\"og:site_name\" content=\"Grupo A\u00e7o Cearense\" \/>\n<meta property=\"article:modified_time\" content=\"2025-05-07T20:08:32+00:00\" \/>\n<meta property=\"og:image\" content=\"https:\/\/previews.elleven.digital\/acocearense\/wp-content\/uploads\/2025\/05\/Instituto-Aco-Cearense-fomenta-o-esporte-e-parabeniza-desportistas-pelo-Dia-do-Atleta-Profissional-2.jpeg\" \/>\n\t<meta property=\"og:image:width\" content=\"1024\" \/>\n\t<meta property=\"og:image:height\" content=\"769\" \/>\n\t<meta property=\"og:image:type\" content=\"image\/jpeg\" \/>\n<meta name=\"twitter:card\" content=\"summary_large_image\" \/>\n<meta name=\"twitter:label1\" content=\"Est. reading time\" \/>\n\t<meta name=\"twitter:data1\" content=\"3 minutes\" \/>\n<script type=\"application\/ld+json\" class=\"yoast-schema-graph\">{\"@context\":\"https:\/\/schema.org\",\"@graph\":[{\"@type\":\"WebPage\",\"@id\":\"https:\/\/previews.elleven.digital\/acocearense\/noticia\/instituto-aco-cearense-fomenta-o-esporte-e-parabeniza-desportistas-pelo-dia-do-atleta-profissional\/\",\"url\":\"https:\/\/previews.elleven.digital\/acocearense\/noticia\/instituto-aco-cearense-fomenta-o-esporte-e-parabeniza-desportistas-pelo-dia-do-atleta-profissional\/\",\"name\":\"Instituto A\u00e7o Cearense fomenta o esporte e parabeniza desportistas pelo Dia do Atleta Profissional - Grupo A\u00e7o Cearense\",\"isPartOf\":{\"@id\":\"https:\/\/previews.elleven.digital\/acocearense\/#website\"},\"primaryImageOfPage\":{\"@id\":\"https:\/\/previews.elleven.digital\/acocearense\/noticia\/instituto-aco-cearense-fomenta-o-esporte-e-parabeniza-desportistas-pelo-dia-do-atleta-profissional\/#primaryimage\"},\"image\":{\"@id\":\"https:\/\/previews.elleven.digital\/acocearense\/noticia\/instituto-aco-cearense-fomenta-o-esporte-e-parabeniza-desportistas-pelo-dia-do-atleta-profissional\/#primaryimage\"},\"thumbnailUrl\":\"https:\/\/previews.elleven.digital\/acocearense\/wp-content\/uploads\/2025\/05\/Instituto-Aco-Cearense-fomenta-o-esporte-e-parabeniza-desportistas-pelo-Dia-do-Atleta-Profissional-2.jpeg\",\"datePublished\":\"2021-02-10T20:08:01+00:00\",\"dateModified\":\"2025-05-07T20:08:32+00:00\",\"breadcrumb\":{\"@id\":\"https:\/\/previews.elleven.digital\/acocearense\/noticia\/instituto-aco-cearense-fomenta-o-esporte-e-parabeniza-desportistas-pelo-dia-do-atleta-profissional\/#breadcrumb\"},\"inLanguage\":\"en-US\",\"potentialAction\":[{\"@type\":\"ReadAction\",\"target\":[\"https:\/\/previews.elleven.digital\/acocearense\/noticia\/instituto-aco-cearense-fomenta-o-esporte-e-parabeniza-desportistas-pelo-dia-do-atleta-profissional\/\"]}]},{\"@type\":\"ImageObject\",\"inLanguage\":\"en-US\",\"@id\":\"https:\/\/previews.elleven.digital\/acocearense\/noticia\/instituto-aco-cearense-fomenta-o-esporte-e-parabeniza-desportistas-pelo-dia-do-atleta-profissional\/#primaryimage\",\"url\":\"https:\/\/previews.elleven.digital\/acocearense\/wp-content\/uploads\/2025\/05\/Instituto-Aco-Cearense-fomenta-o-esporte-e-parabeniza-desportistas-pelo-Dia-do-Atleta-Profissional-2.jpeg\",\"contentUrl\":\"https:\/\/previews.elleven.digital\/acocearense\/wp-content\/uploads\/2025\/05\/Instituto-Aco-Cearense-fomenta-o-esporte-e-parabeniza-desportistas-pelo-Dia-do-Atleta-Profissional-2.jpeg\",\"width\":1024,\"height\":769},{\"@type\":\"BreadcrumbList\",\"@id\":\"https:\/\/previews.elleven.digital\/acocearense\/noticia\/instituto-aco-cearense-fomenta-o-esporte-e-parabeniza-desportistas-pelo-dia-do-atleta-profissional\/#breadcrumb\",\"itemListElement\":[{\"@type\":\"ListItem\",\"position\":1,\"name\":\"In\u00edcio\",\"item\":\"https:\/\/previews.elleven.digital\/acocearense\/\"},{\"@type\":\"ListItem\",\"position\":2,\"name\":\"Not\u00edcias\",\"item\":\"https:\/\/previews.elleven.digital\/acocearense\/noticias\/\"},{\"@type\":\"ListItem\",\"position\":3,\"name\":\"Instituto A\u00e7o Cearense fomenta o esporte e parabeniza desportistas pelo Dia do Atleta Profissional\"}]},{\"@type\":\"WebSite\",\"@id\":\"https:\/\/previews.elleven.digital\/acocearense\/#website\",\"url\":\"https:\/\/previews.elleven.digital\/acocearense\/\",\"name\":\"A\u00e7o Cearense\",\"description\":\"H\u00e1 mais de 45 anos no mercado brasileiro do a\u00e7o.\",\"alternateName\":\"A\u00e7o Cearense\",\"potentialAction\":[{\"@type\":\"SearchAction\",\"target\":{\"@type\":\"EntryPoint\",\"urlTemplate\":\"https:\/\/previews.elleven.digital\/acocearense\/?s={search_term_string}\"},\"query-input\":{\"@type\":\"PropertyValueSpecification\",\"valueRequired\":true,\"valueName\":\"search_term_string\"}}],\"inLanguage\":\"en-US\"}]}<\/script>\n<!-- \/ Yoast SEO plugin. -->","yoast_head_json":{"title":"Instituto A\u00e7o Cearense fomenta o esporte e parabeniza desportistas pelo Dia do Atleta Profissional - Grupo A\u00e7o Cearense","robots":{"index":"index","follow":"follow","max-snippet":"max-snippet:-1","max-image-preview":"max-image-preview:large","max-video-preview":"max-video-preview:-1"},"canonical":"https:\/\/previews.elleven.digital\/acocearense\/en\/noticia\/instituto-aco-cearense-fomenta-o-esporte-e-parabeniza-desportistas-pelo-dia-do-atleta-profissional\/","og_locale":"en_US","og_type":"article","og_title":"Instituto A\u00e7o Cearense fomenta o esporte e parabeniza desportistas pelo Dia do Atleta Profissional - Grupo A\u00e7o Cearense","og_description":"Dia 10 de fevereiro \u00e9 comemorado o Dia do Atleta Profissional, uma data para homenagear(...)","og_url":"https:\/\/previews.elleven.digital\/acocearense\/en\/noticia\/instituto-aco-cearense-fomenta-o-esporte-e-parabeniza-desportistas-pelo-dia-do-atleta-profissional\/","og_site_name":"Grupo A\u00e7o Cearense","article_modified_time":"2025-05-07T20:08:32+00:00","og_image":[{"width":1024,"height":769,"url":"https:\/\/previews.elleven.digital\/acocearense\/wp-content\/uploads\/2025\/05\/Instituto-Aco-Cearense-fomenta-o-esporte-e-parabeniza-desportistas-pelo-Dia-do-Atleta-Profissional-2.jpeg","type":"image\/jpeg"}],"twitter_card":"summary_large_image","twitter_misc":{"Est. reading time":"3 minutes"},"schema":{"@context":"https:\/\/schema.org","@graph":[{"@type":"WebPage","@id":"https:\/\/previews.elleven.digital\/acocearense\/noticia\/instituto-aco-cearense-fomenta-o-esporte-e-parabeniza-desportistas-pelo-dia-do-atleta-profissional\/","url":"https:\/\/previews.elleven.digital\/acocearense\/noticia\/instituto-aco-cearense-fomenta-o-esporte-e-parabeniza-desportistas-pelo-dia-do-atleta-profissional\/","name":"Instituto A\u00e7o Cearense fomenta o esporte e parabeniza desportistas pelo Dia do Atleta Profissional - Grupo A\u00e7o Cearense","isPartOf":{"@id":"https:\/\/previews.elleven.digital\/acocearense\/#website"},"primaryImageOfPage":{"@id":"https:\/\/previews.elleven.digital\/acocearense\/noticia\/instituto-aco-cearense-fomenta-o-esporte-e-parabeniza-desportistas-pelo-dia-do-atleta-profissional\/#primaryimage"},"image":{"@id":"https:\/\/previews.elleven.digital\/acocearense\/noticia\/instituto-aco-cearense-fomenta-o-esporte-e-parabeniza-desportistas-pelo-dia-do-atleta-profissional\/#primaryimage"},"thumbnailUrl":"https:\/\/previews.elleven.digital\/acocearense\/wp-content\/uploads\/2025\/05\/Instituto-Aco-Cearense-fomenta-o-esporte-e-parabeniza-desportistas-pelo-Dia-do-Atleta-Profissional-2.jpeg","datePublished":"2021-02-10T20:08:01+00:00","dateModified":"2025-05-07T20:08:32+00:00","breadcrumb":{"@id":"https:\/\/previews.elleven.digital\/acocearense\/noticia\/instituto-aco-cearense-fomenta-o-esporte-e-parabeniza-desportistas-pelo-dia-do-atleta-profissional\/#breadcrumb"},"inLanguage":"en-US","potentialAction":[{"@type":"ReadAction","target":["https:\/\/previews.elleven.digital\/acocearense\/noticia\/instituto-aco-cearense-fomenta-o-esporte-e-parabeniza-desportistas-pelo-dia-do-atleta-profissional\/"]}]},{"@type":"ImageObject","inLanguage":"en-US","@id":"https:\/\/previews.elleven.digital\/acocearense\/noticia\/instituto-aco-cearense-fomenta-o-esporte-e-parabeniza-desportistas-pelo-dia-do-atleta-profissional\/#primaryimage","url":"https:\/\/previews.elleven.digital\/acocearense\/wp-content\/uploads\/2025\/05\/Instituto-Aco-Cearense-fomenta-o-esporte-e-parabeniza-desportistas-pelo-Dia-do-Atleta-Profissional-2.jpeg","contentUrl":"https:\/\/previews.elleven.digital\/acocearense\/wp-content\/uploads\/2025\/05\/Instituto-Aco-Cearense-fomenta-o-esporte-e-parabeniza-desportistas-pelo-Dia-do-Atleta-Profissional-2.jpeg","width":1024,"height":769},{"@type":"BreadcrumbList","@id":"https:\/\/previews.elleven.digital\/acocearense\/noticia\/instituto-aco-cearense-fomenta-o-esporte-e-parabeniza-desportistas-pelo-dia-do-atleta-profissional\/#breadcrumb","itemListElement":[{"@type":"ListItem","position":1,"name":"In\u00edcio","item":"https:\/\/previews.elleven.digital\/acocearense\/"},{"@type":"ListItem","position":2,"name":"Not\u00edcias","item":"https:\/\/previews.elleven.digital\/acocearense\/noticias\/"},{"@type":"ListItem","position":3,"name":"Instituto A\u00e7o Cearense fomenta o esporte e parabeniza desportistas pelo Dia do Atleta Profissional"}]},{"@type":"WebSite","@id":"https:\/\/previews.elleven.digital\/acocearense\/#website","url":"https:\/\/previews.elleven.digital\/acocearense\/","name":"Cear\u00e1 Steel","description":"We have been in the Brazilian steel market for over 45 years.","alternateName":"A\u00e7o Cearense","potentialAction":[{"@type":"SearchAction","target":{"@type":"EntryPoint","urlTemplate":"https:\/\/previews.elleven.digital\/acocearense\/?s={search_term_string}"},"query-input":{"@type":"PropertyValueSpecification","valueRequired":true,"valueName":"search_term_string"}}],"inLanguage":"en-US"}]}},"_links":{"self":[{"href":"https:\/\/previews.elleven.digital\/acocearense\/en\/wp-json\/wp\/v2\/noticia\/2081","targetHints":{"allow":["GET"]}}],"collection":[{"href":"https:\/\/previews.elleven.digital\/acocearense\/en\/wp-json\/wp\/v2\/noticia"}],"about":[{"href":"https:\/\/previews.elleven.digital\/acocearense\/en\/wp-json\/wp\/v2\/types\/noticia"}],"wp:featuredmedia":[{"embeddable":true,"href":"https:\/\/previews.elleven.digital\/acocearense\/en\/wp-json\/wp\/v2\/media\/2065"}],"wp:attachment":[{"href":"https:\/\/previews.elleven.digital\/acocearense\/en\/wp-json\/wp\/v2\/media?parent=2081"}],"wp:term":[{"taxonomy":"categoria-noticia","embeddable":true,"href":"https:\/\/previews.elleven.digital\/acocearense\/en\/wp-json\/wp\/v2\/categoria-noticia?post=2081"}],"curies":[{"name":"wp","href":"https:\/\/api.w.org\/{rel}","templated":true}]}}