{"id":2061,"date":"2020-10-01T17:00:24","date_gmt":"2020-10-01T20:00:24","guid":{"rendered":"https:\/\/previews.elleven.digital\/acocearense\/?post_type=noticia&#038;p=2061"},"modified":"2025-05-07T17:00:50","modified_gmt":"2025-05-07T20:00:50","slug":"grupo-aco-cearense-realiza-palestras-sobre-setembro-amarelo-para-colaboradores","status":"publish","type":"noticia","link":"https:\/\/previews.elleven.digital\/acocearense\/en\/noticia\/grupo-aco-cearense-realiza-palestras-sobre-setembro-amarelo-para-colaboradores\/","title":{"rendered":"A\u00e7o Cearense Group holds talks on Yellow September for employees"},"content":{"rendered":"<p align=\"justify\">September brought with it an important warning to the entire population: it is important to pay attention to emotional and mental health. Yellow September, a suicide prevention campaign, was the theme of the lecture held by the A\u00e7o Cearense Group for its employees at units located in Cear\u00e1, Par\u00e1, and Tocantins. The meeting was held online last Tuesday (29).<\/p>\n<p align=\"justify\">Psychologists L\u00edgiane Santiago and Tamyres Barbosa spoke with employees about the importance of maintaining a pleasant environment and identifying emotional triggers that can cause depression and anxiety.<\/p>\n<p align=\"justify\">&quot;When companies open up space to address the issue of Yellow September, we have the opportunity to provide more people with access to information and establish a more open dialogue. After all, the reality is that suicide is rarely discussed in the workplace.<\/p>\n<p align=\"justify\">Lectures on welcoming and preventing suicide in companies can offer a support tool for employees, through preventative responses, dialogue with psychologists, information for someone who is suffering in silence, as well as for coworkers close to the person at risk,\u201d explains L\u00edgiane Santiago.<\/p>\n<p align=\"justify\"><img loading=\"lazy\" decoding=\"async\" class=\"alignright wp-image-8884\" src=\"https:\/\/previews.elleven.digital\/acocearense\/wp-content\/uploads\/2020\/10\/unnamed-2-223x300.jpg\" sizes=\"auto, (max-width: 209px) 100vw, 209px\" srcset=\"https:\/\/previews.elleven.digital\/acocearense\/wp-content\/uploads\/2020\/10\/unnamed-2-223x300.jpg 223w, https:\/\/previews.elleven.digital\/acocearense\/wp-content\/uploads\/2020\/10\/unnamed-2-760x1024.jpg 760w, https:\/\/previews.elleven.digital\/acocearense\/wp-content\/uploads\/2020\/10\/unnamed-2.jpg 762w\" alt=\"\" width=\"209\" height=\"281\" \/><\/p>\n<p align=\"justify\">Elaine Marcia Xavier, a collaborator at SINOBRAS, a company in Marab\u00e1, Par\u00e1, found the talk to be very informative and important. &quot;We shouldn&#039;t judge, but rather offer help. Depression isn&#039;t a trivial matter.&quot;<\/p>\n<p align=\"justify\">People who commit suicide don&#039;t want to die; they want to escape suffering. We must be vigilant and offer help because suicide is not, and should never be, an option. Life is the most precious thing we have, and we must fight for it daily,&quot; the collaborator emphasized.<\/p>\n<p align=\"justify\">In addition to the lecture, all Group managers received a guide on identifying warning signs. More than just highlighting the signs employees may display regarding their emotional health, the guide provides action steps that can help managers refer employees to a healthcare professional.<\/p>","protected":false},"featured_media":2045,"template":"","meta":{"_acf_changed":false,"inline_featured_image":false},"categoria-noticia":[],"class_list":["post-2061","noticia","type-noticia","status-publish","has-post-thumbnail","hentry"],"acf":{"link":""},"yoast_head":"<!-- This site is optimized with the Yoast SEO plugin v25.9 - https:\/\/yoast.com\/wordpress\/plugins\/seo\/ -->\n<title>Grupo A\u00e7o Cearense realiza palestras sobre Setembro Amarelo para colaboradores - Grupo A\u00e7o Cearense<\/title>\n<meta name=\"robots\" content=\"index, follow, max-snippet:-1, max-image-preview:large, max-video-preview:-1\" \/>\n<link rel=\"canonical\" href=\"https:\/\/previews.elleven.digital\/acocearense\/en\/noticia\/grupo-aco-cearense-realiza-palestras-sobre-setembro-amarelo-para-colaboradores\/\" \/>\n<meta property=\"og:locale\" content=\"en_US\" \/>\n<meta property=\"og:type\" content=\"article\" \/>\n<meta property=\"og:title\" content=\"Grupo A\u00e7o Cearense realiza palestras sobre Setembro Amarelo para colaboradores - Grupo A\u00e7o Cearense\" \/>\n<meta property=\"og:description\" content=\"O m\u00eas de setembro trouxe com ele um importante alerta \u00e0 toda a popula\u00e7\u00e3o, \u00e9(...)\" \/>\n<meta property=\"og:url\" content=\"https:\/\/previews.elleven.digital\/acocearense\/en\/noticia\/grupo-aco-cearense-realiza-palestras-sobre-setembro-amarelo-para-colaboradores\/\" \/>\n<meta property=\"og:site_name\" content=\"Grupo A\u00e7o Cearense\" \/>\n<meta property=\"article:modified_time\" content=\"2025-05-07T20:00:50+00:00\" \/>\n<meta property=\"og:image\" content=\"https:\/\/previews.elleven.digital\/acocearense\/wp-content\/uploads\/2025\/05\/setembro-amarelo-gac.jpg\" \/>\n\t<meta property=\"og:image:width\" content=\"500\" \/>\n\t<meta property=\"og:image:height\" content=\"400\" \/>\n\t<meta property=\"og:image:type\" content=\"image\/jpeg\" \/>\n<meta name=\"twitter:card\" content=\"summary_large_image\" \/>\n<meta name=\"twitter:label1\" content=\"Est. reading time\" \/>\n\t<meta name=\"twitter:data1\" content=\"3 minutes\" \/>\n<script type=\"application\/ld+json\" class=\"yoast-schema-graph\">{\"@context\":\"https:\/\/schema.org\",\"@graph\":[{\"@type\":\"WebPage\",\"@id\":\"https:\/\/previews.elleven.digital\/acocearense\/noticia\/grupo-aco-cearense-realiza-palestras-sobre-setembro-amarelo-para-colaboradores\/\",\"url\":\"https:\/\/previews.elleven.digital\/acocearense\/noticia\/grupo-aco-cearense-realiza-palestras-sobre-setembro-amarelo-para-colaboradores\/\",\"name\":\"Grupo A\u00e7o Cearense realiza palestras sobre Setembro Amarelo para colaboradores - Grupo A\u00e7o Cearense\",\"isPartOf\":{\"@id\":\"https:\/\/previews.elleven.digital\/acocearense\/#website\"},\"primaryImageOfPage\":{\"@id\":\"https:\/\/previews.elleven.digital\/acocearense\/noticia\/grupo-aco-cearense-realiza-palestras-sobre-setembro-amarelo-para-colaboradores\/#primaryimage\"},\"image\":{\"@id\":\"https:\/\/previews.elleven.digital\/acocearense\/noticia\/grupo-aco-cearense-realiza-palestras-sobre-setembro-amarelo-para-colaboradores\/#primaryimage\"},\"thumbnailUrl\":\"https:\/\/previews.elleven.digital\/acocearense\/wp-content\/uploads\/2025\/05\/setembro-amarelo-gac.jpg\",\"datePublished\":\"2020-10-01T20:00:24+00:00\",\"dateModified\":\"2025-05-07T20:00:50+00:00\",\"breadcrumb\":{\"@id\":\"https:\/\/previews.elleven.digital\/acocearense\/noticia\/grupo-aco-cearense-realiza-palestras-sobre-setembro-amarelo-para-colaboradores\/#breadcrumb\"},\"inLanguage\":\"en-US\",\"potentialAction\":[{\"@type\":\"ReadAction\",\"target\":[\"https:\/\/previews.elleven.digital\/acocearense\/noticia\/grupo-aco-cearense-realiza-palestras-sobre-setembro-amarelo-para-colaboradores\/\"]}]},{\"@type\":\"ImageObject\",\"inLanguage\":\"en-US\",\"@id\":\"https:\/\/previews.elleven.digital\/acocearense\/noticia\/grupo-aco-cearense-realiza-palestras-sobre-setembro-amarelo-para-colaboradores\/#primaryimage\",\"url\":\"https:\/\/previews.elleven.digital\/acocearense\/wp-content\/uploads\/2025\/05\/setembro-amarelo-gac.jpg\",\"contentUrl\":\"https:\/\/previews.elleven.digital\/acocearense\/wp-content\/uploads\/2025\/05\/setembro-amarelo-gac.jpg\",\"width\":500,\"height\":400},{\"@type\":\"BreadcrumbList\",\"@id\":\"https:\/\/previews.elleven.digital\/acocearense\/noticia\/grupo-aco-cearense-realiza-palestras-sobre-setembro-amarelo-para-colaboradores\/#breadcrumb\",\"itemListElement\":[{\"@type\":\"ListItem\",\"position\":1,\"name\":\"In\u00edcio\",\"item\":\"https:\/\/previews.elleven.digital\/acocearense\/\"},{\"@type\":\"ListItem\",\"position\":2,\"name\":\"Not\u00edcias\",\"item\":\"https:\/\/previews.elleven.digital\/acocearense\/noticias\/\"},{\"@type\":\"ListItem\",\"position\":3,\"name\":\"Grupo A\u00e7o Cearense realiza palestras sobre Setembro Amarelo para colaboradores\"}]},{\"@type\":\"WebSite\",\"@id\":\"https:\/\/previews.elleven.digital\/acocearense\/#website\",\"url\":\"https:\/\/previews.elleven.digital\/acocearense\/\",\"name\":\"A\u00e7o Cearense\",\"description\":\"H\u00e1 mais de 45 anos no mercado brasileiro do a\u00e7o.\",\"alternateName\":\"A\u00e7o Cearense\",\"potentialAction\":[{\"@type\":\"SearchAction\",\"target\":{\"@type\":\"EntryPoint\",\"urlTemplate\":\"https:\/\/previews.elleven.digital\/acocearense\/?s={search_term_string}\"},\"query-input\":{\"@type\":\"PropertyValueSpecification\",\"valueRequired\":true,\"valueName\":\"search_term_string\"}}],\"inLanguage\":\"en-US\"}]}<\/script>\n<!-- \/ Yoast SEO plugin. -->","yoast_head_json":{"title":"Grupo A\u00e7o Cearense realiza palestras sobre Setembro Amarelo para colaboradores - Grupo A\u00e7o Cearense","robots":{"index":"index","follow":"follow","max-snippet":"max-snippet:-1","max-image-preview":"max-image-preview:large","max-video-preview":"max-video-preview:-1"},"canonical":"https:\/\/previews.elleven.digital\/acocearense\/en\/noticia\/grupo-aco-cearense-realiza-palestras-sobre-setembro-amarelo-para-colaboradores\/","og_locale":"en_US","og_type":"article","og_title":"Grupo A\u00e7o Cearense realiza palestras sobre Setembro Amarelo para colaboradores - Grupo A\u00e7o Cearense","og_description":"O m\u00eas de setembro trouxe com ele um importante alerta \u00e0 toda a popula\u00e7\u00e3o, \u00e9(...)","og_url":"https:\/\/previews.elleven.digital\/acocearense\/en\/noticia\/grupo-aco-cearense-realiza-palestras-sobre-setembro-amarelo-para-colaboradores\/","og_site_name":"Grupo A\u00e7o Cearense","article_modified_time":"2025-05-07T20:00:50+00:00","og_image":[{"width":500,"height":400,"url":"https:\/\/previews.elleven.digital\/acocearense\/wp-content\/uploads\/2025\/05\/setembro-amarelo-gac.jpg","type":"image\/jpeg"}],"twitter_card":"summary_large_image","twitter_misc":{"Est. reading time":"3 minutes"},"schema":{"@context":"https:\/\/schema.org","@graph":[{"@type":"WebPage","@id":"https:\/\/previews.elleven.digital\/acocearense\/noticia\/grupo-aco-cearense-realiza-palestras-sobre-setembro-amarelo-para-colaboradores\/","url":"https:\/\/previews.elleven.digital\/acocearense\/noticia\/grupo-aco-cearense-realiza-palestras-sobre-setembro-amarelo-para-colaboradores\/","name":"Grupo A\u00e7o Cearense realiza palestras sobre Setembro Amarelo para colaboradores - Grupo A\u00e7o Cearense","isPartOf":{"@id":"https:\/\/previews.elleven.digital\/acocearense\/#website"},"primaryImageOfPage":{"@id":"https:\/\/previews.elleven.digital\/acocearense\/noticia\/grupo-aco-cearense-realiza-palestras-sobre-setembro-amarelo-para-colaboradores\/#primaryimage"},"image":{"@id":"https:\/\/previews.elleven.digital\/acocearense\/noticia\/grupo-aco-cearense-realiza-palestras-sobre-setembro-amarelo-para-colaboradores\/#primaryimage"},"thumbnailUrl":"https:\/\/previews.elleven.digital\/acocearense\/wp-content\/uploads\/2025\/05\/setembro-amarelo-gac.jpg","datePublished":"2020-10-01T20:00:24+00:00","dateModified":"2025-05-07T20:00:50+00:00","breadcrumb":{"@id":"https:\/\/previews.elleven.digital\/acocearense\/noticia\/grupo-aco-cearense-realiza-palestras-sobre-setembro-amarelo-para-colaboradores\/#breadcrumb"},"inLanguage":"en-US","potentialAction":[{"@type":"ReadAction","target":["https:\/\/previews.elleven.digital\/acocearense\/noticia\/grupo-aco-cearense-realiza-palestras-sobre-setembro-amarelo-para-colaboradores\/"]}]},{"@type":"ImageObject","inLanguage":"en-US","@id":"https:\/\/previews.elleven.digital\/acocearense\/noticia\/grupo-aco-cearense-realiza-palestras-sobre-setembro-amarelo-para-colaboradores\/#primaryimage","url":"https:\/\/previews.elleven.digital\/acocearense\/wp-content\/uploads\/2025\/05\/setembro-amarelo-gac.jpg","contentUrl":"https:\/\/previews.elleven.digital\/acocearense\/wp-content\/uploads\/2025\/05\/setembro-amarelo-gac.jpg","width":500,"height":400},{"@type":"BreadcrumbList","@id":"https:\/\/previews.elleven.digital\/acocearense\/noticia\/grupo-aco-cearense-realiza-palestras-sobre-setembro-amarelo-para-colaboradores\/#breadcrumb","itemListElement":[{"@type":"ListItem","position":1,"name":"In\u00edcio","item":"https:\/\/previews.elleven.digital\/acocearense\/"},{"@type":"ListItem","position":2,"name":"Not\u00edcias","item":"https:\/\/previews.elleven.digital\/acocearense\/noticias\/"},{"@type":"ListItem","position":3,"name":"Grupo A\u00e7o Cearense realiza palestras sobre Setembro Amarelo para colaboradores"}]},{"@type":"WebSite","@id":"https:\/\/previews.elleven.digital\/acocearense\/#website","url":"https:\/\/previews.elleven.digital\/acocearense\/","name":"Cear\u00e1 Steel","description":"We have been in the Brazilian steel market for over 45 years.","alternateName":"A\u00e7o Cearense","potentialAction":[{"@type":"SearchAction","target":{"@type":"EntryPoint","urlTemplate":"https:\/\/previews.elleven.digital\/acocearense\/?s={search_term_string}"},"query-input":{"@type":"PropertyValueSpecification","valueRequired":true,"valueName":"search_term_string"}}],"inLanguage":"en-US"}]}},"_links":{"self":[{"href":"https:\/\/previews.elleven.digital\/acocearense\/en\/wp-json\/wp\/v2\/noticia\/2061","targetHints":{"allow":["GET"]}}],"collection":[{"href":"https:\/\/previews.elleven.digital\/acocearense\/en\/wp-json\/wp\/v2\/noticia"}],"about":[{"href":"https:\/\/previews.elleven.digital\/acocearense\/en\/wp-json\/wp\/v2\/types\/noticia"}],"wp:featuredmedia":[{"embeddable":true,"href":"https:\/\/previews.elleven.digital\/acocearense\/en\/wp-json\/wp\/v2\/media\/2045"}],"wp:attachment":[{"href":"https:\/\/previews.elleven.digital\/acocearense\/en\/wp-json\/wp\/v2\/media?parent=2061"}],"wp:term":[{"taxonomy":"categoria-noticia","embeddable":true,"href":"https:\/\/previews.elleven.digital\/acocearense\/en\/wp-json\/wp\/v2\/categoria-noticia?post=2061"}],"curies":[{"name":"wp","href":"https:\/\/api.w.org\/{rel}","templated":true}]}}