{"id":2059,"date":"2020-09-24T16:59:12","date_gmt":"2020-09-24T19:59:12","guid":{"rendered":"https:\/\/previews.elleven.digital\/acocearense\/?post_type=noticia&#038;p=2059"},"modified":"2025-05-07T16:59:44","modified_gmt":"2025-05-07T19:59:44","slug":"case-do-grupo-aco-cearense-e-apresentado-em-conferencia-on-line-sobre-aceleracao-remota-dos-negocios","status":"publish","type":"noticia","link":"https:\/\/previews.elleven.digital\/acocearense\/en\/noticia\/case-do-grupo-aco-cearense-e-apresentado-em-conferencia-on-line-sobre-aceleracao-remota-dos-negocios\/","title":{"rendered":"The A\u00e7o Cearense Group&#039;s case study is presented at an online conference on remote business acceleration."},"content":{"rendered":"<p>Grupo A\u00e7o Cearense&#039;s automation initiatives were presented at the Digital Innovation Conference online meeting by the Group&#039;s vice president of operations, Ian Corr\u00eaa. The event, held last Monday (21), was attended by businesspeople and managers in the area and discussed the theme &quot;The role of automation in accelerating business recovery.&quot;<\/p>\n<p>The novel coronavirus pandemic accelerated projects and processes in this area, as social restrictions required new forms of service to be created in a short space of time, so that companies could serve customers and suppliers while maintaining the smooth operation of their activities.<\/p>\n<p><img loading=\"lazy\" decoding=\"async\" class=\"alignright size-medium wp-image-8797\" src=\"https:\/\/previews.elleven.digital\/acocearense\/wp-content\/uploads\/2020\/09\/case-grupo-a%C3%A7o-300x174.jpg\" alt=\"\" width=\"300\" height=\"174\" \/><\/p>\n<p>According to Ian Corr\u00eaa, when the world was caught off guard by the pandemic, Grupo A\u00e7o Cearense, like many other companies, had to quickly adapt to the new scenario, adapting in-person projects to digital and leveraging the company&#039;s automation.<\/p>\n<p>&quot;During this pandemic, we quickly considered three important pillars: first, the safety and health of our employees; then, efficiency, how to keep our businesses running; and finally, a conscious and safe recovery.<\/p>\n<p>Thus, with the contribution of everyone who makes up the Group and the collaboration of partners, we were able to adapt quickly and continue all projects and actions,\u201d highlighted the manager.<\/p>\n<p>In addition to Ian Corr\u00eaa, the presentation also included Fabr\u00edcio Di\u00f3genes of Unimed Fortaleza; Luciano Bortoluzzi of J. Macedo; and Cl\u00e1udio Fontes of Solar BR-CE. According to Andr\u00e9 Navarrete, CEO of OptimizeGroup and organizer of the Digital Innovation Conference, this pandemic has provided several lessons, but the most important one was that companies didn&#039;t get stuck in paradigms.<\/p>\n<p>\u201cWe have to adapt and use human and technological resources to continue, regardless of the adverse situations that may arise.<\/p>\n<p>Therefore, we discussed this topic with four major executives from major companies, who operate in different segments, and thus we had complementary contributions to create excellent content,\u201d he said.<\/p>","protected":false},"featured_media":2047,"template":"","meta":{"_acf_changed":false,"inline_featured_image":false},"categoria-noticia":[],"class_list":["post-2059","noticia","type-noticia","status-publish","has-post-thumbnail","hentry"],"acf":{"link":""},"yoast_head":"<!-- This site is optimized with the Yoast SEO plugin v25.9 - https:\/\/yoast.com\/wordpress\/plugins\/seo\/ -->\n<title>Case do Grupo A\u00e7o Cearense \u00e9 apresentado em confer\u00eancia on-line sobre acelera\u00e7\u00e3o remota dos neg\u00f3cios - Grupo A\u00e7o Cearense<\/title>\n<meta name=\"robots\" content=\"index, follow, max-snippet:-1, max-image-preview:large, max-video-preview:-1\" \/>\n<link rel=\"canonical\" href=\"https:\/\/previews.elleven.digital\/acocearense\/en\/noticia\/case-do-grupo-aco-cearense-e-apresentado-em-conferencia-on-line-sobre-aceleracao-remota-dos-negocios\/\" \/>\n<meta property=\"og:locale\" content=\"en_US\" \/>\n<meta property=\"og:type\" content=\"article\" \/>\n<meta property=\"og:title\" content=\"Case do Grupo A\u00e7o Cearense \u00e9 apresentado em confer\u00eancia on-line sobre acelera\u00e7\u00e3o remota dos neg\u00f3cios - Grupo A\u00e7o Cearense\" \/>\n<meta property=\"og:description\" content=\"As a\u00e7\u00f5es de automa\u00e7\u00e3o do Grupo A\u00e7o Cearense foram apresentadas no encontro on-line Digital InnovationConference(...)\" \/>\n<meta property=\"og:url\" content=\"https:\/\/previews.elleven.digital\/acocearense\/en\/noticia\/case-do-grupo-aco-cearense-e-apresentado-em-conferencia-on-line-sobre-aceleracao-remota-dos-negocios\/\" \/>\n<meta property=\"og:site_name\" content=\"Grupo A\u00e7o Cearense\" \/>\n<meta property=\"article:modified_time\" content=\"2025-05-07T19:59:44+00:00\" \/>\n<meta property=\"og:image\" content=\"https:\/\/previews.elleven.digital\/acocearense\/wp-content\/uploads\/2025\/05\/ian-correia-1.png\" \/>\n\t<meta property=\"og:image:width\" content=\"571\" \/>\n\t<meta property=\"og:image:height\" content=\"429\" \/>\n\t<meta property=\"og:image:type\" content=\"image\/png\" \/>\n<meta name=\"twitter:card\" content=\"summary_large_image\" \/>\n<meta name=\"twitter:label1\" content=\"Est. reading time\" \/>\n\t<meta name=\"twitter:data1\" content=\"3 minutes\" \/>\n<script type=\"application\/ld+json\" class=\"yoast-schema-graph\">{\"@context\":\"https:\/\/schema.org\",\"@graph\":[{\"@type\":\"WebPage\",\"@id\":\"https:\/\/previews.elleven.digital\/acocearense\/noticia\/case-do-grupo-aco-cearense-e-apresentado-em-conferencia-on-line-sobre-aceleracao-remota-dos-negocios\/\",\"url\":\"https:\/\/previews.elleven.digital\/acocearense\/noticia\/case-do-grupo-aco-cearense-e-apresentado-em-conferencia-on-line-sobre-aceleracao-remota-dos-negocios\/\",\"name\":\"Case do Grupo A\u00e7o Cearense \u00e9 apresentado em confer\u00eancia on-line sobre acelera\u00e7\u00e3o remota dos neg\u00f3cios - Grupo A\u00e7o Cearense\",\"isPartOf\":{\"@id\":\"https:\/\/previews.elleven.digital\/acocearense\/#website\"},\"primaryImageOfPage\":{\"@id\":\"https:\/\/previews.elleven.digital\/acocearense\/noticia\/case-do-grupo-aco-cearense-e-apresentado-em-conferencia-on-line-sobre-aceleracao-remota-dos-negocios\/#primaryimage\"},\"image\":{\"@id\":\"https:\/\/previews.elleven.digital\/acocearense\/noticia\/case-do-grupo-aco-cearense-e-apresentado-em-conferencia-on-line-sobre-aceleracao-remota-dos-negocios\/#primaryimage\"},\"thumbnailUrl\":\"https:\/\/previews.elleven.digital\/acocearense\/wp-content\/uploads\/2025\/05\/ian-correia-1.png\",\"datePublished\":\"2020-09-24T19:59:12+00:00\",\"dateModified\":\"2025-05-07T19:59:44+00:00\",\"breadcrumb\":{\"@id\":\"https:\/\/previews.elleven.digital\/acocearense\/noticia\/case-do-grupo-aco-cearense-e-apresentado-em-conferencia-on-line-sobre-aceleracao-remota-dos-negocios\/#breadcrumb\"},\"inLanguage\":\"en-US\",\"potentialAction\":[{\"@type\":\"ReadAction\",\"target\":[\"https:\/\/previews.elleven.digital\/acocearense\/noticia\/case-do-grupo-aco-cearense-e-apresentado-em-conferencia-on-line-sobre-aceleracao-remota-dos-negocios\/\"]}]},{\"@type\":\"ImageObject\",\"inLanguage\":\"en-US\",\"@id\":\"https:\/\/previews.elleven.digital\/acocearense\/noticia\/case-do-grupo-aco-cearense-e-apresentado-em-conferencia-on-line-sobre-aceleracao-remota-dos-negocios\/#primaryimage\",\"url\":\"https:\/\/previews.elleven.digital\/acocearense\/wp-content\/uploads\/2025\/05\/ian-correia-1.png\",\"contentUrl\":\"https:\/\/previews.elleven.digital\/acocearense\/wp-content\/uploads\/2025\/05\/ian-correia-1.png\",\"width\":571,\"height\":429},{\"@type\":\"BreadcrumbList\",\"@id\":\"https:\/\/previews.elleven.digital\/acocearense\/noticia\/case-do-grupo-aco-cearense-e-apresentado-em-conferencia-on-line-sobre-aceleracao-remota-dos-negocios\/#breadcrumb\",\"itemListElement\":[{\"@type\":\"ListItem\",\"position\":1,\"name\":\"In\u00edcio\",\"item\":\"https:\/\/previews.elleven.digital\/acocearense\/\"},{\"@type\":\"ListItem\",\"position\":2,\"name\":\"Not\u00edcias\",\"item\":\"https:\/\/previews.elleven.digital\/acocearense\/noticias\/\"},{\"@type\":\"ListItem\",\"position\":3,\"name\":\"Case do Grupo A\u00e7o Cearense \u00e9 apresentado em confer\u00eancia on-line sobre acelera\u00e7\u00e3o remota dos neg\u00f3cios\"}]},{\"@type\":\"WebSite\",\"@id\":\"https:\/\/previews.elleven.digital\/acocearense\/#website\",\"url\":\"https:\/\/previews.elleven.digital\/acocearense\/\",\"name\":\"A\u00e7o Cearense\",\"description\":\"H\u00e1 mais de 45 anos no mercado brasileiro do a\u00e7o.\",\"alternateName\":\"A\u00e7o Cearense\",\"potentialAction\":[{\"@type\":\"SearchAction\",\"target\":{\"@type\":\"EntryPoint\",\"urlTemplate\":\"https:\/\/previews.elleven.digital\/acocearense\/?s={search_term_string}\"},\"query-input\":{\"@type\":\"PropertyValueSpecification\",\"valueRequired\":true,\"valueName\":\"search_term_string\"}}],\"inLanguage\":\"en-US\"}]}<\/script>\n<!-- \/ Yoast SEO plugin. -->","yoast_head_json":{"title":"Case do Grupo A\u00e7o Cearense \u00e9 apresentado em confer\u00eancia on-line sobre acelera\u00e7\u00e3o remota dos neg\u00f3cios - Grupo A\u00e7o Cearense","robots":{"index":"index","follow":"follow","max-snippet":"max-snippet:-1","max-image-preview":"max-image-preview:large","max-video-preview":"max-video-preview:-1"},"canonical":"https:\/\/previews.elleven.digital\/acocearense\/en\/noticia\/case-do-grupo-aco-cearense-e-apresentado-em-conferencia-on-line-sobre-aceleracao-remota-dos-negocios\/","og_locale":"en_US","og_type":"article","og_title":"Case do Grupo A\u00e7o Cearense \u00e9 apresentado em confer\u00eancia on-line sobre acelera\u00e7\u00e3o remota dos neg\u00f3cios - Grupo A\u00e7o Cearense","og_description":"As a\u00e7\u00f5es de automa\u00e7\u00e3o do Grupo A\u00e7o Cearense foram apresentadas no encontro on-line Digital InnovationConference(...)","og_url":"https:\/\/previews.elleven.digital\/acocearense\/en\/noticia\/case-do-grupo-aco-cearense-e-apresentado-em-conferencia-on-line-sobre-aceleracao-remota-dos-negocios\/","og_site_name":"Grupo A\u00e7o Cearense","article_modified_time":"2025-05-07T19:59:44+00:00","og_image":[{"width":571,"height":429,"url":"https:\/\/previews.elleven.digital\/acocearense\/wp-content\/uploads\/2025\/05\/ian-correia-1.png","type":"image\/png"}],"twitter_card":"summary_large_image","twitter_misc":{"Est. reading time":"3 minutes"},"schema":{"@context":"https:\/\/schema.org","@graph":[{"@type":"WebPage","@id":"https:\/\/previews.elleven.digital\/acocearense\/noticia\/case-do-grupo-aco-cearense-e-apresentado-em-conferencia-on-line-sobre-aceleracao-remota-dos-negocios\/","url":"https:\/\/previews.elleven.digital\/acocearense\/noticia\/case-do-grupo-aco-cearense-e-apresentado-em-conferencia-on-line-sobre-aceleracao-remota-dos-negocios\/","name":"Case do Grupo A\u00e7o Cearense \u00e9 apresentado em confer\u00eancia on-line sobre acelera\u00e7\u00e3o remota dos neg\u00f3cios - Grupo A\u00e7o Cearense","isPartOf":{"@id":"https:\/\/previews.elleven.digital\/acocearense\/#website"},"primaryImageOfPage":{"@id":"https:\/\/previews.elleven.digital\/acocearense\/noticia\/case-do-grupo-aco-cearense-e-apresentado-em-conferencia-on-line-sobre-aceleracao-remota-dos-negocios\/#primaryimage"},"image":{"@id":"https:\/\/previews.elleven.digital\/acocearense\/noticia\/case-do-grupo-aco-cearense-e-apresentado-em-conferencia-on-line-sobre-aceleracao-remota-dos-negocios\/#primaryimage"},"thumbnailUrl":"https:\/\/previews.elleven.digital\/acocearense\/wp-content\/uploads\/2025\/05\/ian-correia-1.png","datePublished":"2020-09-24T19:59:12+00:00","dateModified":"2025-05-07T19:59:44+00:00","breadcrumb":{"@id":"https:\/\/previews.elleven.digital\/acocearense\/noticia\/case-do-grupo-aco-cearense-e-apresentado-em-conferencia-on-line-sobre-aceleracao-remota-dos-negocios\/#breadcrumb"},"inLanguage":"en-US","potentialAction":[{"@type":"ReadAction","target":["https:\/\/previews.elleven.digital\/acocearense\/noticia\/case-do-grupo-aco-cearense-e-apresentado-em-conferencia-on-line-sobre-aceleracao-remota-dos-negocios\/"]}]},{"@type":"ImageObject","inLanguage":"en-US","@id":"https:\/\/previews.elleven.digital\/acocearense\/noticia\/case-do-grupo-aco-cearense-e-apresentado-em-conferencia-on-line-sobre-aceleracao-remota-dos-negocios\/#primaryimage","url":"https:\/\/previews.elleven.digital\/acocearense\/wp-content\/uploads\/2025\/05\/ian-correia-1.png","contentUrl":"https:\/\/previews.elleven.digital\/acocearense\/wp-content\/uploads\/2025\/05\/ian-correia-1.png","width":571,"height":429},{"@type":"BreadcrumbList","@id":"https:\/\/previews.elleven.digital\/acocearense\/noticia\/case-do-grupo-aco-cearense-e-apresentado-em-conferencia-on-line-sobre-aceleracao-remota-dos-negocios\/#breadcrumb","itemListElement":[{"@type":"ListItem","position":1,"name":"In\u00edcio","item":"https:\/\/previews.elleven.digital\/acocearense\/"},{"@type":"ListItem","position":2,"name":"Not\u00edcias","item":"https:\/\/previews.elleven.digital\/acocearense\/noticias\/"},{"@type":"ListItem","position":3,"name":"Case do Grupo A\u00e7o Cearense \u00e9 apresentado em confer\u00eancia on-line sobre acelera\u00e7\u00e3o remota dos neg\u00f3cios"}]},{"@type":"WebSite","@id":"https:\/\/previews.elleven.digital\/acocearense\/#website","url":"https:\/\/previews.elleven.digital\/acocearense\/","name":"Cear\u00e1 Steel","description":"We have been in the Brazilian steel market for over 45 years.","alternateName":"A\u00e7o Cearense","potentialAction":[{"@type":"SearchAction","target":{"@type":"EntryPoint","urlTemplate":"https:\/\/previews.elleven.digital\/acocearense\/?s={search_term_string}"},"query-input":{"@type":"PropertyValueSpecification","valueRequired":true,"valueName":"search_term_string"}}],"inLanguage":"en-US"}]}},"_links":{"self":[{"href":"https:\/\/previews.elleven.digital\/acocearense\/en\/wp-json\/wp\/v2\/noticia\/2059","targetHints":{"allow":["GET"]}}],"collection":[{"href":"https:\/\/previews.elleven.digital\/acocearense\/en\/wp-json\/wp\/v2\/noticia"}],"about":[{"href":"https:\/\/previews.elleven.digital\/acocearense\/en\/wp-json\/wp\/v2\/types\/noticia"}],"wp:featuredmedia":[{"embeddable":true,"href":"https:\/\/previews.elleven.digital\/acocearense\/en\/wp-json\/wp\/v2\/media\/2047"}],"wp:attachment":[{"href":"https:\/\/previews.elleven.digital\/acocearense\/en\/wp-json\/wp\/v2\/media?parent=2059"}],"wp:term":[{"taxonomy":"categoria-noticia","embeddable":true,"href":"https:\/\/previews.elleven.digital\/acocearense\/en\/wp-json\/wp\/v2\/categoria-noticia?post=2059"}],"curies":[{"name":"wp","href":"https:\/\/api.w.org\/{rel}","templated":true}]}}