{"id":2055,"date":"2020-09-10T16:56:37","date_gmt":"2020-09-10T19:56:37","guid":{"rendered":"https:\/\/previews.elleven.digital\/acocearense\/?post_type=noticia&#038;p=2055"},"modified":"2025-05-07T16:57:06","modified_gmt":"2025-05-07T19:57:06","slug":"grupo-aco-cearense-adota-acoes-on-line-para-contribuir-com-a-saude-dos-colaboradores","status":"publish","type":"noticia","link":"https:\/\/previews.elleven.digital\/acocearense\/en\/noticia\/grupo-aco-cearense-adota-acoes-on-line-para-contribuir-com-a-saude-dos-colaboradores\/","title":{"rendered":"A\u00e7o Cearense Group adopts online initiatives to contribute to the health of its employees"},"content":{"rendered":"<p>Some habits are here to stay, and Grupo A\u00e7o Cearense is reinforcing the use of digital platforms to communicate with employees, including when it comes to well-being.<\/p>\n<p>To contribute to physical and mental health at the five companies that make up the Group in Cear\u00e1, Par\u00e1, and Tocantins, initiatives such as meditation, workplace exercise, and nutritional tips have been introduced. All meetings are online, bringing together employees from different locations and even states in the same activity.<\/p>\n<p><img loading=\"lazy\" decoding=\"async\" class=\"alignright size-medium wp-image-8440\" src=\"https:\/\/previews.elleven.digital\/acocearense\/wp-content\/uploads\/2020\/08\/momento-zen-300x248.jpg\" sizes=\"auto, (max-width: 300px) 100vw, 300px\" srcset=\"https:\/\/previews.elleven.digital\/acocearense\/wp-content\/uploads\/2020\/08\/momento-zen-300x248.jpg 300w, https:\/\/previews.elleven.digital\/acocearense\/wp-content\/uploads\/2020\/08\/momento-zen-768x634.jpg 768w, https:\/\/previews.elleven.digital\/acocearense\/wp-content\/uploads\/2020\/08\/momento-zen-1024x846.jpg 1024w\" alt=\"\" width=\"300\" height=\"248\" \/>Initiatives include the &quot;Zen Moment,&quot; &quot;Workplace Gymnastics,&quot; and &quot;Dicas da Nutri&quot; projects. Zen Moment provides 20 minutes of relaxation during lunchtime with weekly online meditation classes. Links are available via email and messaging apps, and interested parties can participate through Microsoft Teams.<\/p>\n<p>&quot;We&#039;re also investing in workplace gymnastics to help improve our employees&#039; quality of life. They&#039;ll have the option to participate live or choose a more convenient time, as the classes will be saved on our platform.<\/p>\n<p>This movement involved the participation of managers, who were able to contribute with suggestions,\u201d added Eliana Freitas, Quality of Life and Benefits Coordinator.<\/p>\n<p><img loading=\"lazy\" decoding=\"async\" class=\"alignright size-medium wp-image-8645\" src=\"https:\/\/previews.elleven.digital\/acocearense\/wp-content\/uploads\/2020\/09\/dicas-da0nutri-300x169.png\" alt=\"\" width=\"300\" height=\"169\" \/>Nutritional tips &quot;Dicas da Nutri&quot; are sent on the company&#039;s social media channels, with guidance from nutritionists at the Group&#039;s units and general tips on healthy eating during the pandemic.<\/p>\n<p>This strategy was designed as a way to contribute to the health of employees, improving immunity and providing guidance on habits that should be adopted and intensified at the current time.<\/p>\n<p>Human Resources Manager Valqu\u00edria Ferreira explains that these initiatives were designed to support the COVID-19 pandemic. &quot;We&#039;ve always been attentive to our employees&#039; physical and psychological well-being and strive to actively contribute.&quot;<\/p>\n<p>Their well-being in terms of emotional health and nutritional care also affects the work environment, their mood, and their professional relationships,\u201d explains the manager.<\/p>","protected":false},"featured_media":2051,"template":"","meta":{"_acf_changed":false,"inline_featured_image":false},"categoria-noticia":[],"class_list":["post-2055","noticia","type-noticia","status-publish","has-post-thumbnail","hentry"],"acf":{"link":""},"yoast_head":"<!-- This site is optimized with the Yoast SEO plugin v25.9 - https:\/\/yoast.com\/wordpress\/plugins\/seo\/ -->\n<title>Grupo A\u00e7o Cearense adota a\u00e7\u00f5es on-line para contribuir com a sa\u00fade dos colaboradores - Grupo A\u00e7o Cearense<\/title>\n<meta name=\"robots\" content=\"index, follow, max-snippet:-1, max-image-preview:large, max-video-preview:-1\" \/>\n<link rel=\"canonical\" href=\"https:\/\/previews.elleven.digital\/acocearense\/en\/noticia\/grupo-aco-cearense-adota-acoes-on-line-para-contribuir-com-a-saude-dos-colaboradores\/\" \/>\n<meta property=\"og:locale\" content=\"en_US\" \/>\n<meta property=\"og:type\" content=\"article\" \/>\n<meta property=\"og:title\" content=\"Grupo A\u00e7o Cearense adota a\u00e7\u00f5es on-line para contribuir com a sa\u00fade dos colaboradores - Grupo A\u00e7o Cearense\" \/>\n<meta property=\"og:description\" content=\"Alguns h\u00e1bitos vieram para ficar e o Grupo A\u00e7o Cearense refor\u00e7a o uso de plataformas(...)\" \/>\n<meta property=\"og:url\" content=\"https:\/\/previews.elleven.digital\/acocearense\/en\/noticia\/grupo-aco-cearense-adota-acoes-on-line-para-contribuir-com-a-saude-dos-colaboradores\/\" \/>\n<meta property=\"og:site_name\" content=\"Grupo A\u00e7o Cearense\" \/>\n<meta property=\"article:modified_time\" content=\"2025-05-07T19:57:06+00:00\" \/>\n<meta property=\"og:image\" content=\"https:\/\/previews.elleven.digital\/acocearense\/wp-content\/uploads\/2025\/05\/saude-gac-1.png\" \/>\n\t<meta property=\"og:image:width\" content=\"432\" \/>\n\t<meta property=\"og:image:height\" content=\"325\" \/>\n\t<meta property=\"og:image:type\" content=\"image\/png\" \/>\n<meta name=\"twitter:card\" content=\"summary_large_image\" \/>\n<meta name=\"twitter:label1\" content=\"Est. reading time\" \/>\n\t<meta name=\"twitter:data1\" content=\"3 minutes\" \/>\n<script type=\"application\/ld+json\" class=\"yoast-schema-graph\">{\"@context\":\"https:\/\/schema.org\",\"@graph\":[{\"@type\":\"WebPage\",\"@id\":\"https:\/\/previews.elleven.digital\/acocearense\/noticia\/grupo-aco-cearense-adota-acoes-on-line-para-contribuir-com-a-saude-dos-colaboradores\/\",\"url\":\"https:\/\/previews.elleven.digital\/acocearense\/noticia\/grupo-aco-cearense-adota-acoes-on-line-para-contribuir-com-a-saude-dos-colaboradores\/\",\"name\":\"Grupo A\u00e7o Cearense adota a\u00e7\u00f5es on-line para contribuir com a sa\u00fade dos colaboradores - Grupo A\u00e7o Cearense\",\"isPartOf\":{\"@id\":\"https:\/\/previews.elleven.digital\/acocearense\/#website\"},\"primaryImageOfPage\":{\"@id\":\"https:\/\/previews.elleven.digital\/acocearense\/noticia\/grupo-aco-cearense-adota-acoes-on-line-para-contribuir-com-a-saude-dos-colaboradores\/#primaryimage\"},\"image\":{\"@id\":\"https:\/\/previews.elleven.digital\/acocearense\/noticia\/grupo-aco-cearense-adota-acoes-on-line-para-contribuir-com-a-saude-dos-colaboradores\/#primaryimage\"},\"thumbnailUrl\":\"https:\/\/previews.elleven.digital\/acocearense\/wp-content\/uploads\/2025\/05\/saude-gac-1.png\",\"datePublished\":\"2020-09-10T19:56:37+00:00\",\"dateModified\":\"2025-05-07T19:57:06+00:00\",\"breadcrumb\":{\"@id\":\"https:\/\/previews.elleven.digital\/acocearense\/noticia\/grupo-aco-cearense-adota-acoes-on-line-para-contribuir-com-a-saude-dos-colaboradores\/#breadcrumb\"},\"inLanguage\":\"en-US\",\"potentialAction\":[{\"@type\":\"ReadAction\",\"target\":[\"https:\/\/previews.elleven.digital\/acocearense\/noticia\/grupo-aco-cearense-adota-acoes-on-line-para-contribuir-com-a-saude-dos-colaboradores\/\"]}]},{\"@type\":\"ImageObject\",\"inLanguage\":\"en-US\",\"@id\":\"https:\/\/previews.elleven.digital\/acocearense\/noticia\/grupo-aco-cearense-adota-acoes-on-line-para-contribuir-com-a-saude-dos-colaboradores\/#primaryimage\",\"url\":\"https:\/\/previews.elleven.digital\/acocearense\/wp-content\/uploads\/2025\/05\/saude-gac-1.png\",\"contentUrl\":\"https:\/\/previews.elleven.digital\/acocearense\/wp-content\/uploads\/2025\/05\/saude-gac-1.png\",\"width\":432,\"height\":325},{\"@type\":\"BreadcrumbList\",\"@id\":\"https:\/\/previews.elleven.digital\/acocearense\/noticia\/grupo-aco-cearense-adota-acoes-on-line-para-contribuir-com-a-saude-dos-colaboradores\/#breadcrumb\",\"itemListElement\":[{\"@type\":\"ListItem\",\"position\":1,\"name\":\"In\u00edcio\",\"item\":\"https:\/\/previews.elleven.digital\/acocearense\/\"},{\"@type\":\"ListItem\",\"position\":2,\"name\":\"Not\u00edcias\",\"item\":\"https:\/\/previews.elleven.digital\/acocearense\/noticias\/\"},{\"@type\":\"ListItem\",\"position\":3,\"name\":\"Grupo A\u00e7o Cearense adota a\u00e7\u00f5es on-line para contribuir com a sa\u00fade dos colaboradores\"}]},{\"@type\":\"WebSite\",\"@id\":\"https:\/\/previews.elleven.digital\/acocearense\/#website\",\"url\":\"https:\/\/previews.elleven.digital\/acocearense\/\",\"name\":\"A\u00e7o Cearense\",\"description\":\"H\u00e1 mais de 45 anos no mercado brasileiro do a\u00e7o.\",\"alternateName\":\"A\u00e7o Cearense\",\"potentialAction\":[{\"@type\":\"SearchAction\",\"target\":{\"@type\":\"EntryPoint\",\"urlTemplate\":\"https:\/\/previews.elleven.digital\/acocearense\/?s={search_term_string}\"},\"query-input\":{\"@type\":\"PropertyValueSpecification\",\"valueRequired\":true,\"valueName\":\"search_term_string\"}}],\"inLanguage\":\"en-US\"}]}<\/script>\n<!-- \/ Yoast SEO plugin. -->","yoast_head_json":{"title":"Grupo A\u00e7o Cearense adota a\u00e7\u00f5es on-line para contribuir com a sa\u00fade dos colaboradores - Grupo A\u00e7o Cearense","robots":{"index":"index","follow":"follow","max-snippet":"max-snippet:-1","max-image-preview":"max-image-preview:large","max-video-preview":"max-video-preview:-1"},"canonical":"https:\/\/previews.elleven.digital\/acocearense\/en\/noticia\/grupo-aco-cearense-adota-acoes-on-line-para-contribuir-com-a-saude-dos-colaboradores\/","og_locale":"en_US","og_type":"article","og_title":"Grupo A\u00e7o Cearense adota a\u00e7\u00f5es on-line para contribuir com a sa\u00fade dos colaboradores - Grupo A\u00e7o Cearense","og_description":"Alguns h\u00e1bitos vieram para ficar e o Grupo A\u00e7o Cearense refor\u00e7a o uso de plataformas(...)","og_url":"https:\/\/previews.elleven.digital\/acocearense\/en\/noticia\/grupo-aco-cearense-adota-acoes-on-line-para-contribuir-com-a-saude-dos-colaboradores\/","og_site_name":"Grupo A\u00e7o Cearense","article_modified_time":"2025-05-07T19:57:06+00:00","og_image":[{"width":432,"height":325,"url":"https:\/\/previews.elleven.digital\/acocearense\/wp-content\/uploads\/2025\/05\/saude-gac-1.png","type":"image\/png"}],"twitter_card":"summary_large_image","twitter_misc":{"Est. reading time":"3 minutes"},"schema":{"@context":"https:\/\/schema.org","@graph":[{"@type":"WebPage","@id":"https:\/\/previews.elleven.digital\/acocearense\/noticia\/grupo-aco-cearense-adota-acoes-on-line-para-contribuir-com-a-saude-dos-colaboradores\/","url":"https:\/\/previews.elleven.digital\/acocearense\/noticia\/grupo-aco-cearense-adota-acoes-on-line-para-contribuir-com-a-saude-dos-colaboradores\/","name":"Grupo A\u00e7o Cearense adota a\u00e7\u00f5es on-line para contribuir com a sa\u00fade dos colaboradores - Grupo A\u00e7o Cearense","isPartOf":{"@id":"https:\/\/previews.elleven.digital\/acocearense\/#website"},"primaryImageOfPage":{"@id":"https:\/\/previews.elleven.digital\/acocearense\/noticia\/grupo-aco-cearense-adota-acoes-on-line-para-contribuir-com-a-saude-dos-colaboradores\/#primaryimage"},"image":{"@id":"https:\/\/previews.elleven.digital\/acocearense\/noticia\/grupo-aco-cearense-adota-acoes-on-line-para-contribuir-com-a-saude-dos-colaboradores\/#primaryimage"},"thumbnailUrl":"https:\/\/previews.elleven.digital\/acocearense\/wp-content\/uploads\/2025\/05\/saude-gac-1.png","datePublished":"2020-09-10T19:56:37+00:00","dateModified":"2025-05-07T19:57:06+00:00","breadcrumb":{"@id":"https:\/\/previews.elleven.digital\/acocearense\/noticia\/grupo-aco-cearense-adota-acoes-on-line-para-contribuir-com-a-saude-dos-colaboradores\/#breadcrumb"},"inLanguage":"en-US","potentialAction":[{"@type":"ReadAction","target":["https:\/\/previews.elleven.digital\/acocearense\/noticia\/grupo-aco-cearense-adota-acoes-on-line-para-contribuir-com-a-saude-dos-colaboradores\/"]}]},{"@type":"ImageObject","inLanguage":"en-US","@id":"https:\/\/previews.elleven.digital\/acocearense\/noticia\/grupo-aco-cearense-adota-acoes-on-line-para-contribuir-com-a-saude-dos-colaboradores\/#primaryimage","url":"https:\/\/previews.elleven.digital\/acocearense\/wp-content\/uploads\/2025\/05\/saude-gac-1.png","contentUrl":"https:\/\/previews.elleven.digital\/acocearense\/wp-content\/uploads\/2025\/05\/saude-gac-1.png","width":432,"height":325},{"@type":"BreadcrumbList","@id":"https:\/\/previews.elleven.digital\/acocearense\/noticia\/grupo-aco-cearense-adota-acoes-on-line-para-contribuir-com-a-saude-dos-colaboradores\/#breadcrumb","itemListElement":[{"@type":"ListItem","position":1,"name":"In\u00edcio","item":"https:\/\/previews.elleven.digital\/acocearense\/"},{"@type":"ListItem","position":2,"name":"Not\u00edcias","item":"https:\/\/previews.elleven.digital\/acocearense\/noticias\/"},{"@type":"ListItem","position":3,"name":"Grupo A\u00e7o Cearense adota a\u00e7\u00f5es on-line para contribuir com a sa\u00fade dos colaboradores"}]},{"@type":"WebSite","@id":"https:\/\/previews.elleven.digital\/acocearense\/#website","url":"https:\/\/previews.elleven.digital\/acocearense\/","name":"Cear\u00e1 Steel","description":"We have been in the Brazilian steel market for over 45 years.","alternateName":"A\u00e7o Cearense","potentialAction":[{"@type":"SearchAction","target":{"@type":"EntryPoint","urlTemplate":"https:\/\/previews.elleven.digital\/acocearense\/?s={search_term_string}"},"query-input":{"@type":"PropertyValueSpecification","valueRequired":true,"valueName":"search_term_string"}}],"inLanguage":"en-US"}]}},"_links":{"self":[{"href":"https:\/\/previews.elleven.digital\/acocearense\/en\/wp-json\/wp\/v2\/noticia\/2055","targetHints":{"allow":["GET"]}}],"collection":[{"href":"https:\/\/previews.elleven.digital\/acocearense\/en\/wp-json\/wp\/v2\/noticia"}],"about":[{"href":"https:\/\/previews.elleven.digital\/acocearense\/en\/wp-json\/wp\/v2\/types\/noticia"}],"wp:featuredmedia":[{"embeddable":true,"href":"https:\/\/previews.elleven.digital\/acocearense\/en\/wp-json\/wp\/v2\/media\/2051"}],"wp:attachment":[{"href":"https:\/\/previews.elleven.digital\/acocearense\/en\/wp-json\/wp\/v2\/media?parent=2055"}],"wp:term":[{"taxonomy":"categoria-noticia","embeddable":true,"href":"https:\/\/previews.elleven.digital\/acocearense\/en\/wp-json\/wp\/v2\/categoria-noticia?post=2055"}],"curies":[{"name":"wp","href":"https:\/\/api.w.org\/{rel}","templated":true}]}}