{"id":2037,"date":"2020-08-13T16:49:59","date_gmt":"2020-08-13T19:49:59","guid":{"rendered":"https:\/\/previews.elleven.digital\/acocearense\/?post_type=noticia&#038;p=2037"},"modified":"2025-05-07T16:50:21","modified_gmt":"2025-05-07T19:50:21","slug":"momento-zen-contribui-para-a-saude-mental-e-emocional-dos-colaboradores","status":"publish","type":"noticia","link":"https:\/\/previews.elleven.digital\/acocearense\/en\/noticia\/momento-zen-contribui-para-a-saude-mental-e-emocional-dos-colaboradores\/","title":{"rendered":"Zen Moment contributes to the mental and emotional health of employees"},"content":{"rendered":"<p>Although studies show that we don&#039;t use our brain&#039;s full capacity, it seems our minds are always full and tired from the stress and anxiety caused by our many daily activities. And all this workload takes a toll on our mental and emotional health. It was with this goal in mind, to care for the health of all its employees, that the A\u00e7o Cearense Group launched the Momento Zen project.<\/p>\n<p>In partnership with the Brahma Kumaris World Spiritual University, the project will provide employees from all companies with 20 minutes of relaxation during their lunch break at 12:30 p.m., with online meditation classes every Friday. The first class will take place tomorrow (14). Interested parties can participate through the link that will be made available on our communication channels on the day of the class. Classes will be taught through the Microsoft Teams platform.<\/p>\n<p>According to Human Resources Manager Valqu\u00edria Ferreira, meditation transforms lives through well-being, emotional balance, and health. &quot;Contrary to popular belief, meditation isn&#039;t something only for those with &#039;time to spare.&#039; Most practitioners are professionals who spend their days busy but feel the need for a break from all the hustle and bustle of life to take care of their bodies and health, reducing daily stress and anxiety,&quot; explains the manager.<\/p>\n<p><img loading=\"lazy\" decoding=\"async\" class=\"size-full wp-image-8441 aligncenter\" src=\"https:\/\/previews.elleven.digital\/acocearense\/wp-content\/uploads\/2020\/08\/gestora.png\" alt=\"\" width=\"231\" height=\"241\" \/><\/p>","protected":false},"featured_media":2024,"template":"","meta":{"_acf_changed":false,"inline_featured_image":false},"categoria-noticia":[],"class_list":["post-2037","noticia","type-noticia","status-publish","has-post-thumbnail","hentry"],"acf":{"link":""},"yoast_head":"<!-- This site is optimized with the Yoast SEO plugin v25.9 - https:\/\/yoast.com\/wordpress\/plugins\/seo\/ -->\n<title>Momento Zen contribui para a sa\u00fade mental e emocional dos colaboradores - Grupo A\u00e7o Cearense<\/title>\n<meta name=\"robots\" content=\"index, follow, max-snippet:-1, max-image-preview:large, max-video-preview:-1\" \/>\n<link rel=\"canonical\" href=\"https:\/\/previews.elleven.digital\/acocearense\/en\/noticia\/momento-zen-contribui-para-a-saude-mental-e-emocional-dos-colaboradores\/\" \/>\n<meta property=\"og:locale\" content=\"en_US\" \/>\n<meta property=\"og:type\" content=\"article\" \/>\n<meta property=\"og:title\" content=\"Momento Zen contribui para a sa\u00fade mental e emocional dos colaboradores - Grupo A\u00e7o Cearense\" \/>\n<meta property=\"og:description\" content=\"Apesar de estudos mostrarem que n\u00e3o usamos a capacidade total do nosso c\u00e9rebro, parece que(...)\" \/>\n<meta property=\"og:url\" content=\"https:\/\/previews.elleven.digital\/acocearense\/en\/noticia\/momento-zen-contribui-para-a-saude-mental-e-emocional-dos-colaboradores\/\" \/>\n<meta property=\"og:site_name\" content=\"Grupo A\u00e7o Cearense\" \/>\n<meta property=\"article:modified_time\" content=\"2025-05-07T19:50:21+00:00\" \/>\n<meta property=\"og:image\" content=\"https:\/\/previews.elleven.digital\/acocearense\/wp-content\/uploads\/2025\/05\/momento-zen.jpg\" \/>\n\t<meta property=\"og:image:width\" content=\"2480\" \/>\n\t<meta property=\"og:image:height\" content=\"2048\" \/>\n\t<meta property=\"og:image:type\" content=\"image\/jpeg\" \/>\n<meta name=\"twitter:card\" content=\"summary_large_image\" \/>\n<meta name=\"twitter:label1\" content=\"Est. reading time\" \/>\n\t<meta name=\"twitter:data1\" content=\"1 minute\" \/>\n<script type=\"application\/ld+json\" class=\"yoast-schema-graph\">{\"@context\":\"https:\/\/schema.org\",\"@graph\":[{\"@type\":\"WebPage\",\"@id\":\"https:\/\/previews.elleven.digital\/acocearense\/noticia\/momento-zen-contribui-para-a-saude-mental-e-emocional-dos-colaboradores\/\",\"url\":\"https:\/\/previews.elleven.digital\/acocearense\/noticia\/momento-zen-contribui-para-a-saude-mental-e-emocional-dos-colaboradores\/\",\"name\":\"Momento Zen contribui para a sa\u00fade mental e emocional dos colaboradores - Grupo A\u00e7o Cearense\",\"isPartOf\":{\"@id\":\"https:\/\/previews.elleven.digital\/acocearense\/#website\"},\"primaryImageOfPage\":{\"@id\":\"https:\/\/previews.elleven.digital\/acocearense\/noticia\/momento-zen-contribui-para-a-saude-mental-e-emocional-dos-colaboradores\/#primaryimage\"},\"image\":{\"@id\":\"https:\/\/previews.elleven.digital\/acocearense\/noticia\/momento-zen-contribui-para-a-saude-mental-e-emocional-dos-colaboradores\/#primaryimage\"},\"thumbnailUrl\":\"https:\/\/previews.elleven.digital\/acocearense\/wp-content\/uploads\/2025\/05\/momento-zen.jpg\",\"datePublished\":\"2020-08-13T19:49:59+00:00\",\"dateModified\":\"2025-05-07T19:50:21+00:00\",\"breadcrumb\":{\"@id\":\"https:\/\/previews.elleven.digital\/acocearense\/noticia\/momento-zen-contribui-para-a-saude-mental-e-emocional-dos-colaboradores\/#breadcrumb\"},\"inLanguage\":\"en-US\",\"potentialAction\":[{\"@type\":\"ReadAction\",\"target\":[\"https:\/\/previews.elleven.digital\/acocearense\/noticia\/momento-zen-contribui-para-a-saude-mental-e-emocional-dos-colaboradores\/\"]}]},{\"@type\":\"ImageObject\",\"inLanguage\":\"en-US\",\"@id\":\"https:\/\/previews.elleven.digital\/acocearense\/noticia\/momento-zen-contribui-para-a-saude-mental-e-emocional-dos-colaboradores\/#primaryimage\",\"url\":\"https:\/\/previews.elleven.digital\/acocearense\/wp-content\/uploads\/2025\/05\/momento-zen.jpg\",\"contentUrl\":\"https:\/\/previews.elleven.digital\/acocearense\/wp-content\/uploads\/2025\/05\/momento-zen.jpg\",\"width\":2480,\"height\":2048},{\"@type\":\"BreadcrumbList\",\"@id\":\"https:\/\/previews.elleven.digital\/acocearense\/noticia\/momento-zen-contribui-para-a-saude-mental-e-emocional-dos-colaboradores\/#breadcrumb\",\"itemListElement\":[{\"@type\":\"ListItem\",\"position\":1,\"name\":\"In\u00edcio\",\"item\":\"https:\/\/previews.elleven.digital\/acocearense\/\"},{\"@type\":\"ListItem\",\"position\":2,\"name\":\"Not\u00edcias\",\"item\":\"https:\/\/previews.elleven.digital\/acocearense\/noticias\/\"},{\"@type\":\"ListItem\",\"position\":3,\"name\":\"Momento Zen contribui para a sa\u00fade mental e emocional dos colaboradores\"}]},{\"@type\":\"WebSite\",\"@id\":\"https:\/\/previews.elleven.digital\/acocearense\/#website\",\"url\":\"https:\/\/previews.elleven.digital\/acocearense\/\",\"name\":\"A\u00e7o Cearense\",\"description\":\"H\u00e1 mais de 45 anos no mercado brasileiro do a\u00e7o.\",\"alternateName\":\"A\u00e7o Cearense\",\"potentialAction\":[{\"@type\":\"SearchAction\",\"target\":{\"@type\":\"EntryPoint\",\"urlTemplate\":\"https:\/\/previews.elleven.digital\/acocearense\/?s={search_term_string}\"},\"query-input\":{\"@type\":\"PropertyValueSpecification\",\"valueRequired\":true,\"valueName\":\"search_term_string\"}}],\"inLanguage\":\"en-US\"}]}<\/script>\n<!-- \/ Yoast SEO plugin. -->","yoast_head_json":{"title":"Momento Zen contribui para a sa\u00fade mental e emocional dos colaboradores - Grupo A\u00e7o Cearense","robots":{"index":"index","follow":"follow","max-snippet":"max-snippet:-1","max-image-preview":"max-image-preview:large","max-video-preview":"max-video-preview:-1"},"canonical":"https:\/\/previews.elleven.digital\/acocearense\/en\/noticia\/momento-zen-contribui-para-a-saude-mental-e-emocional-dos-colaboradores\/","og_locale":"en_US","og_type":"article","og_title":"Momento Zen contribui para a sa\u00fade mental e emocional dos colaboradores - Grupo A\u00e7o Cearense","og_description":"Apesar de estudos mostrarem que n\u00e3o usamos a capacidade total do nosso c\u00e9rebro, parece que(...)","og_url":"https:\/\/previews.elleven.digital\/acocearense\/en\/noticia\/momento-zen-contribui-para-a-saude-mental-e-emocional-dos-colaboradores\/","og_site_name":"Grupo A\u00e7o Cearense","article_modified_time":"2025-05-07T19:50:21+00:00","og_image":[{"width":2480,"height":2048,"url":"https:\/\/previews.elleven.digital\/acocearense\/wp-content\/uploads\/2025\/05\/momento-zen.jpg","type":"image\/jpeg"}],"twitter_card":"summary_large_image","twitter_misc":{"Est. reading time":"1 minute"},"schema":{"@context":"https:\/\/schema.org","@graph":[{"@type":"WebPage","@id":"https:\/\/previews.elleven.digital\/acocearense\/noticia\/momento-zen-contribui-para-a-saude-mental-e-emocional-dos-colaboradores\/","url":"https:\/\/previews.elleven.digital\/acocearense\/noticia\/momento-zen-contribui-para-a-saude-mental-e-emocional-dos-colaboradores\/","name":"Momento Zen contribui para a sa\u00fade mental e emocional dos colaboradores - Grupo A\u00e7o Cearense","isPartOf":{"@id":"https:\/\/previews.elleven.digital\/acocearense\/#website"},"primaryImageOfPage":{"@id":"https:\/\/previews.elleven.digital\/acocearense\/noticia\/momento-zen-contribui-para-a-saude-mental-e-emocional-dos-colaboradores\/#primaryimage"},"image":{"@id":"https:\/\/previews.elleven.digital\/acocearense\/noticia\/momento-zen-contribui-para-a-saude-mental-e-emocional-dos-colaboradores\/#primaryimage"},"thumbnailUrl":"https:\/\/previews.elleven.digital\/acocearense\/wp-content\/uploads\/2025\/05\/momento-zen.jpg","datePublished":"2020-08-13T19:49:59+00:00","dateModified":"2025-05-07T19:50:21+00:00","breadcrumb":{"@id":"https:\/\/previews.elleven.digital\/acocearense\/noticia\/momento-zen-contribui-para-a-saude-mental-e-emocional-dos-colaboradores\/#breadcrumb"},"inLanguage":"en-US","potentialAction":[{"@type":"ReadAction","target":["https:\/\/previews.elleven.digital\/acocearense\/noticia\/momento-zen-contribui-para-a-saude-mental-e-emocional-dos-colaboradores\/"]}]},{"@type":"ImageObject","inLanguage":"en-US","@id":"https:\/\/previews.elleven.digital\/acocearense\/noticia\/momento-zen-contribui-para-a-saude-mental-e-emocional-dos-colaboradores\/#primaryimage","url":"https:\/\/previews.elleven.digital\/acocearense\/wp-content\/uploads\/2025\/05\/momento-zen.jpg","contentUrl":"https:\/\/previews.elleven.digital\/acocearense\/wp-content\/uploads\/2025\/05\/momento-zen.jpg","width":2480,"height":2048},{"@type":"BreadcrumbList","@id":"https:\/\/previews.elleven.digital\/acocearense\/noticia\/momento-zen-contribui-para-a-saude-mental-e-emocional-dos-colaboradores\/#breadcrumb","itemListElement":[{"@type":"ListItem","position":1,"name":"In\u00edcio","item":"https:\/\/previews.elleven.digital\/acocearense\/"},{"@type":"ListItem","position":2,"name":"Not\u00edcias","item":"https:\/\/previews.elleven.digital\/acocearense\/noticias\/"},{"@type":"ListItem","position":3,"name":"Momento Zen contribui para a sa\u00fade mental e emocional dos colaboradores"}]},{"@type":"WebSite","@id":"https:\/\/previews.elleven.digital\/acocearense\/#website","url":"https:\/\/previews.elleven.digital\/acocearense\/","name":"Cear\u00e1 Steel","description":"We have been in the Brazilian steel market for over 45 years.","alternateName":"A\u00e7o Cearense","potentialAction":[{"@type":"SearchAction","target":{"@type":"EntryPoint","urlTemplate":"https:\/\/previews.elleven.digital\/acocearense\/?s={search_term_string}"},"query-input":{"@type":"PropertyValueSpecification","valueRequired":true,"valueName":"search_term_string"}}],"inLanguage":"en-US"}]}},"_links":{"self":[{"href":"https:\/\/previews.elleven.digital\/acocearense\/en\/wp-json\/wp\/v2\/noticia\/2037","targetHints":{"allow":["GET"]}}],"collection":[{"href":"https:\/\/previews.elleven.digital\/acocearense\/en\/wp-json\/wp\/v2\/noticia"}],"about":[{"href":"https:\/\/previews.elleven.digital\/acocearense\/en\/wp-json\/wp\/v2\/types\/noticia"}],"wp:featuredmedia":[{"embeddable":true,"href":"https:\/\/previews.elleven.digital\/acocearense\/en\/wp-json\/wp\/v2\/media\/2024"}],"wp:attachment":[{"href":"https:\/\/previews.elleven.digital\/acocearense\/en\/wp-json\/wp\/v2\/media?parent=2037"}],"wp:term":[{"taxonomy":"categoria-noticia","embeddable":true,"href":"https:\/\/previews.elleven.digital\/acocearense\/en\/wp-json\/wp\/v2\/categoria-noticia?post=2037"}],"curies":[{"name":"wp","href":"https:\/\/api.w.org\/{rel}","templated":true}]}}