{"id":2036,"date":"2020-08-07T16:49:22","date_gmt":"2020-08-07T19:49:22","guid":{"rendered":"https:\/\/previews.elleven.digital\/acocearense\/?post_type=noticia&#038;p=2036"},"modified":"2025-05-07T16:49:55","modified_gmt":"2025-05-07T19:49:55","slug":"pais-e-filhos-contam-historias-de-orgulho-e-aproximacao-ao-trabalharem-juntos-no-grupo-aco-cearense","status":"publish","type":"noticia","link":"https:\/\/previews.elleven.digital\/acocearense\/en\/noticia\/pais-e-filhos-contam-historias-de-orgulho-e-aproximacao-ao-trabalharem-juntos-no-grupo-aco-cearense\/","title":{"rendered":"Parents and children share stories of pride and closeness as they work together at Grupo A\u00e7o Cearense"},"content":{"rendered":"<p>What father doesn&#039;t enjoy spending as much time as possible with his children? What son isn&#039;t proud to see his father working and caring for the family? Thus, time with parents is always precious. For those who can spend as much time together as possible, working at the same company can make a difference in the father-son relationship. This is the difference some families achieve at Grupo A\u00e7o Cearense.<\/p>\n<p><img loading=\"lazy\" decoding=\"async\" class=\"alignright size-full wp-image-8446\" src=\"https:\/\/previews.elleven.digital\/acocearense\/wp-content\/uploads\/2020\/08\/capa-gac.png\" alt=\"\" width=\"246\" height=\"237\" \/><\/p>\n<p>Wangras Santos is an employee at SINOBRAS, a company in the A\u00e7o Cearense Group, whose story involves his relationship with his father and his work. Almost ten years ago, the junior engineering planner joined the company with the support of his father, Milton Santos, who was already working in mechanical maintenance. Since then, a long and close partnership has been forged between them.<\/p>\n<p>&quot;When my father came to work here at SINOBRAS, about a year later, a position opened up, and he thought of me. When I passed the selection process, we were very happy because it was an opportunity for us to become even closer. I see my father as a role model, and it&#039;s very important for me to be present and see that he&#039;s proud to have me around and see me grow up.<\/p>\n<p>When I got married and left home, I felt bad about not seeing my family every day like I used to, but work gives me this daily connection with my father,\u201d says Wangras.<\/p>\n<p><img loading=\"lazy\" decoding=\"async\" class=\"alignright size-medium wp-image-8447\" src=\"https:\/\/previews.elleven.digital\/acocearense\/wp-content\/uploads\/2020\/08\/pai-e-trabalhadora-188x300.png\" sizes=\"auto, (max-width: 188px) 100vw, 188px\" srcset=\"https:\/\/previews.elleven.digital\/acocearense\/wp-content\/uploads\/2020\/08\/pai-e-trabalhadora-188x300.png 188w, https:\/\/previews.elleven.digital\/acocearense\/wp-content\/uploads\/2020\/08\/pai-e-trabalhadora.png 250w\" alt=\"\" width=\"188\" height=\"300\" \/><\/p>\n<p>Many companies have restrictions on having family members working in the same location. However, for Grupo A\u00e7o Cearense, a strong family base is one of the company&#039;s core values.<\/p>\n<p>For Yasmin Coelho, administrative assistant at A\u00e7o Cearense Industrial, she had to overcome the fear that people would think she was only there because of her father, who had worked there for many years. &quot;My father, Francisco Coelho, has worked in automotive maintenance for about ten years, and I joined the company four years later.<\/p>\n<p>He was already well known and I was afraid that people would think I got the job because of him, but I was very well received and managed to grow on my own merit, going from apprentice to assistant.<\/p>\n<p>I realize how proud my father is of me, for following a similar path to his in the company, with a lot of work and responsibility, earning the respect and admiration of people and that&#039;s why I feel very happy to work so closely with him, because he follows me closely&quot;, explains Yasmim.<\/p>\n<p>According to Human Resources Coordinator Eliana Freitas, with Father&#039;s Day approaching, Grupo A\u00e7o Cearense reinforces the importance of family in its values. &quot;For us, it&#039;s very positive to have these and so many other stories of fathers and sons who grow closer through their work and the close relationships they share within our companies.<\/p>\n<p>Having family members in the workplace brings a sense of pride and makes them feel more welcome. For parents who don&#039;t work with their children, we have a family visitation program at Group locations as a way to bring them closer together,&quot; explains the HR manager.<\/p>","protected":false},"featured_media":2025,"template":"","meta":{"_acf_changed":false,"inline_featured_image":false},"categoria-noticia":[],"class_list":["post-2036","noticia","type-noticia","status-publish","has-post-thumbnail","hentry"],"acf":{"link":""},"yoast_head":"<!-- This site is optimized with the Yoast SEO plugin v25.9 - https:\/\/yoast.com\/wordpress\/plugins\/seo\/ -->\n<title>Pais e filhos contam hist\u00f3rias de orgulho e aproxima\u00e7\u00e3o ao trabalharem juntos no Grupo A\u00e7o Cearense - Grupo A\u00e7o Cearense<\/title>\n<meta name=\"robots\" content=\"index, follow, max-snippet:-1, max-image-preview:large, max-video-preview:-1\" \/>\n<link rel=\"canonical\" href=\"https:\/\/previews.elleven.digital\/acocearense\/en\/noticia\/pais-e-filhos-contam-historias-de-orgulho-e-aproximacao-ao-trabalharem-juntos-no-grupo-aco-cearense\/\" \/>\n<meta property=\"og:locale\" content=\"en_US\" \/>\n<meta property=\"og:type\" content=\"article\" \/>\n<meta property=\"og:title\" content=\"Pais e filhos contam hist\u00f3rias de orgulho e aproxima\u00e7\u00e3o ao trabalharem juntos no Grupo A\u00e7o Cearense - Grupo A\u00e7o Cearense\" \/>\n<meta property=\"og:description\" content=\"Que pai n\u00e3o gosta de passar o m\u00e1ximo de tempo com seus filhos? Que filho(...)\" \/>\n<meta property=\"og:url\" content=\"https:\/\/previews.elleven.digital\/acocearense\/en\/noticia\/pais-e-filhos-contam-historias-de-orgulho-e-aproximacao-ao-trabalharem-juntos-no-grupo-aco-cearense\/\" \/>\n<meta property=\"og:site_name\" content=\"Grupo A\u00e7o Cearense\" \/>\n<meta property=\"article:modified_time\" content=\"2025-05-07T19:49:55+00:00\" \/>\n<meta property=\"og:image\" content=\"https:\/\/previews.elleven.digital\/acocearense\/wp-content\/uploads\/2025\/05\/capa-gac.png\" \/>\n\t<meta property=\"og:image:width\" content=\"246\" \/>\n\t<meta property=\"og:image:height\" content=\"237\" \/>\n\t<meta property=\"og:image:type\" content=\"image\/png\" \/>\n<meta name=\"twitter:card\" content=\"summary_large_image\" \/>\n<meta name=\"twitter:label1\" content=\"Est. reading time\" \/>\n\t<meta name=\"twitter:data1\" content=\"4 minutes\" \/>\n<script type=\"application\/ld+json\" class=\"yoast-schema-graph\">{\"@context\":\"https:\/\/schema.org\",\"@graph\":[{\"@type\":\"WebPage\",\"@id\":\"https:\/\/previews.elleven.digital\/acocearense\/noticia\/pais-e-filhos-contam-historias-de-orgulho-e-aproximacao-ao-trabalharem-juntos-no-grupo-aco-cearense\/\",\"url\":\"https:\/\/previews.elleven.digital\/acocearense\/noticia\/pais-e-filhos-contam-historias-de-orgulho-e-aproximacao-ao-trabalharem-juntos-no-grupo-aco-cearense\/\",\"name\":\"Pais e filhos contam hist\u00f3rias de orgulho e aproxima\u00e7\u00e3o ao trabalharem juntos no Grupo A\u00e7o Cearense - Grupo A\u00e7o Cearense\",\"isPartOf\":{\"@id\":\"https:\/\/previews.elleven.digital\/acocearense\/#website\"},\"primaryImageOfPage\":{\"@id\":\"https:\/\/previews.elleven.digital\/acocearense\/noticia\/pais-e-filhos-contam-historias-de-orgulho-e-aproximacao-ao-trabalharem-juntos-no-grupo-aco-cearense\/#primaryimage\"},\"image\":{\"@id\":\"https:\/\/previews.elleven.digital\/acocearense\/noticia\/pais-e-filhos-contam-historias-de-orgulho-e-aproximacao-ao-trabalharem-juntos-no-grupo-aco-cearense\/#primaryimage\"},\"thumbnailUrl\":\"https:\/\/previews.elleven.digital\/acocearense\/wp-content\/uploads\/2025\/05\/capa-gac.png\",\"datePublished\":\"2020-08-07T19:49:22+00:00\",\"dateModified\":\"2025-05-07T19:49:55+00:00\",\"breadcrumb\":{\"@id\":\"https:\/\/previews.elleven.digital\/acocearense\/noticia\/pais-e-filhos-contam-historias-de-orgulho-e-aproximacao-ao-trabalharem-juntos-no-grupo-aco-cearense\/#breadcrumb\"},\"inLanguage\":\"en-US\",\"potentialAction\":[{\"@type\":\"ReadAction\",\"target\":[\"https:\/\/previews.elleven.digital\/acocearense\/noticia\/pais-e-filhos-contam-historias-de-orgulho-e-aproximacao-ao-trabalharem-juntos-no-grupo-aco-cearense\/\"]}]},{\"@type\":\"ImageObject\",\"inLanguage\":\"en-US\",\"@id\":\"https:\/\/previews.elleven.digital\/acocearense\/noticia\/pais-e-filhos-contam-historias-de-orgulho-e-aproximacao-ao-trabalharem-juntos-no-grupo-aco-cearense\/#primaryimage\",\"url\":\"https:\/\/previews.elleven.digital\/acocearense\/wp-content\/uploads\/2025\/05\/capa-gac.png\",\"contentUrl\":\"https:\/\/previews.elleven.digital\/acocearense\/wp-content\/uploads\/2025\/05\/capa-gac.png\",\"width\":246,\"height\":237},{\"@type\":\"BreadcrumbList\",\"@id\":\"https:\/\/previews.elleven.digital\/acocearense\/noticia\/pais-e-filhos-contam-historias-de-orgulho-e-aproximacao-ao-trabalharem-juntos-no-grupo-aco-cearense\/#breadcrumb\",\"itemListElement\":[{\"@type\":\"ListItem\",\"position\":1,\"name\":\"In\u00edcio\",\"item\":\"https:\/\/previews.elleven.digital\/acocearense\/\"},{\"@type\":\"ListItem\",\"position\":2,\"name\":\"Not\u00edcias\",\"item\":\"https:\/\/previews.elleven.digital\/acocearense\/noticias\/\"},{\"@type\":\"ListItem\",\"position\":3,\"name\":\"Pais e filhos contam hist\u00f3rias de orgulho e aproxima\u00e7\u00e3o ao trabalharem juntos no Grupo A\u00e7o Cearense\"}]},{\"@type\":\"WebSite\",\"@id\":\"https:\/\/previews.elleven.digital\/acocearense\/#website\",\"url\":\"https:\/\/previews.elleven.digital\/acocearense\/\",\"name\":\"A\u00e7o Cearense\",\"description\":\"H\u00e1 mais de 45 anos no mercado brasileiro do a\u00e7o.\",\"alternateName\":\"A\u00e7o Cearense\",\"potentialAction\":[{\"@type\":\"SearchAction\",\"target\":{\"@type\":\"EntryPoint\",\"urlTemplate\":\"https:\/\/previews.elleven.digital\/acocearense\/?s={search_term_string}\"},\"query-input\":{\"@type\":\"PropertyValueSpecification\",\"valueRequired\":true,\"valueName\":\"search_term_string\"}}],\"inLanguage\":\"en-US\"}]}<\/script>\n<!-- \/ Yoast SEO plugin. -->","yoast_head_json":{"title":"Pais e filhos contam hist\u00f3rias de orgulho e aproxima\u00e7\u00e3o ao trabalharem juntos no Grupo A\u00e7o Cearense - Grupo A\u00e7o Cearense","robots":{"index":"index","follow":"follow","max-snippet":"max-snippet:-1","max-image-preview":"max-image-preview:large","max-video-preview":"max-video-preview:-1"},"canonical":"https:\/\/previews.elleven.digital\/acocearense\/en\/noticia\/pais-e-filhos-contam-historias-de-orgulho-e-aproximacao-ao-trabalharem-juntos-no-grupo-aco-cearense\/","og_locale":"en_US","og_type":"article","og_title":"Pais e filhos contam hist\u00f3rias de orgulho e aproxima\u00e7\u00e3o ao trabalharem juntos no Grupo A\u00e7o Cearense - Grupo A\u00e7o Cearense","og_description":"Que pai n\u00e3o gosta de passar o m\u00e1ximo de tempo com seus filhos? Que filho(...)","og_url":"https:\/\/previews.elleven.digital\/acocearense\/en\/noticia\/pais-e-filhos-contam-historias-de-orgulho-e-aproximacao-ao-trabalharem-juntos-no-grupo-aco-cearense\/","og_site_name":"Grupo A\u00e7o Cearense","article_modified_time":"2025-05-07T19:49:55+00:00","og_image":[{"width":246,"height":237,"url":"https:\/\/previews.elleven.digital\/acocearense\/wp-content\/uploads\/2025\/05\/capa-gac.png","type":"image\/png"}],"twitter_card":"summary_large_image","twitter_misc":{"Est. reading time":"4 minutes"},"schema":{"@context":"https:\/\/schema.org","@graph":[{"@type":"WebPage","@id":"https:\/\/previews.elleven.digital\/acocearense\/noticia\/pais-e-filhos-contam-historias-de-orgulho-e-aproximacao-ao-trabalharem-juntos-no-grupo-aco-cearense\/","url":"https:\/\/previews.elleven.digital\/acocearense\/noticia\/pais-e-filhos-contam-historias-de-orgulho-e-aproximacao-ao-trabalharem-juntos-no-grupo-aco-cearense\/","name":"Pais e filhos contam hist\u00f3rias de orgulho e aproxima\u00e7\u00e3o ao trabalharem juntos no Grupo A\u00e7o Cearense - Grupo A\u00e7o Cearense","isPartOf":{"@id":"https:\/\/previews.elleven.digital\/acocearense\/#website"},"primaryImageOfPage":{"@id":"https:\/\/previews.elleven.digital\/acocearense\/noticia\/pais-e-filhos-contam-historias-de-orgulho-e-aproximacao-ao-trabalharem-juntos-no-grupo-aco-cearense\/#primaryimage"},"image":{"@id":"https:\/\/previews.elleven.digital\/acocearense\/noticia\/pais-e-filhos-contam-historias-de-orgulho-e-aproximacao-ao-trabalharem-juntos-no-grupo-aco-cearense\/#primaryimage"},"thumbnailUrl":"https:\/\/previews.elleven.digital\/acocearense\/wp-content\/uploads\/2025\/05\/capa-gac.png","datePublished":"2020-08-07T19:49:22+00:00","dateModified":"2025-05-07T19:49:55+00:00","breadcrumb":{"@id":"https:\/\/previews.elleven.digital\/acocearense\/noticia\/pais-e-filhos-contam-historias-de-orgulho-e-aproximacao-ao-trabalharem-juntos-no-grupo-aco-cearense\/#breadcrumb"},"inLanguage":"en-US","potentialAction":[{"@type":"ReadAction","target":["https:\/\/previews.elleven.digital\/acocearense\/noticia\/pais-e-filhos-contam-historias-de-orgulho-e-aproximacao-ao-trabalharem-juntos-no-grupo-aco-cearense\/"]}]},{"@type":"ImageObject","inLanguage":"en-US","@id":"https:\/\/previews.elleven.digital\/acocearense\/noticia\/pais-e-filhos-contam-historias-de-orgulho-e-aproximacao-ao-trabalharem-juntos-no-grupo-aco-cearense\/#primaryimage","url":"https:\/\/previews.elleven.digital\/acocearense\/wp-content\/uploads\/2025\/05\/capa-gac.png","contentUrl":"https:\/\/previews.elleven.digital\/acocearense\/wp-content\/uploads\/2025\/05\/capa-gac.png","width":246,"height":237},{"@type":"BreadcrumbList","@id":"https:\/\/previews.elleven.digital\/acocearense\/noticia\/pais-e-filhos-contam-historias-de-orgulho-e-aproximacao-ao-trabalharem-juntos-no-grupo-aco-cearense\/#breadcrumb","itemListElement":[{"@type":"ListItem","position":1,"name":"In\u00edcio","item":"https:\/\/previews.elleven.digital\/acocearense\/"},{"@type":"ListItem","position":2,"name":"Not\u00edcias","item":"https:\/\/previews.elleven.digital\/acocearense\/noticias\/"},{"@type":"ListItem","position":3,"name":"Pais e filhos contam hist\u00f3rias de orgulho e aproxima\u00e7\u00e3o ao trabalharem juntos no Grupo A\u00e7o Cearense"}]},{"@type":"WebSite","@id":"https:\/\/previews.elleven.digital\/acocearense\/#website","url":"https:\/\/previews.elleven.digital\/acocearense\/","name":"Cear\u00e1 Steel","description":"We have been in the Brazilian steel market for over 45 years.","alternateName":"A\u00e7o Cearense","potentialAction":[{"@type":"SearchAction","target":{"@type":"EntryPoint","urlTemplate":"https:\/\/previews.elleven.digital\/acocearense\/?s={search_term_string}"},"query-input":{"@type":"PropertyValueSpecification","valueRequired":true,"valueName":"search_term_string"}}],"inLanguage":"en-US"}]}},"_links":{"self":[{"href":"https:\/\/previews.elleven.digital\/acocearense\/en\/wp-json\/wp\/v2\/noticia\/2036","targetHints":{"allow":["GET"]}}],"collection":[{"href":"https:\/\/previews.elleven.digital\/acocearense\/en\/wp-json\/wp\/v2\/noticia"}],"about":[{"href":"https:\/\/previews.elleven.digital\/acocearense\/en\/wp-json\/wp\/v2\/types\/noticia"}],"wp:featuredmedia":[{"embeddable":true,"href":"https:\/\/previews.elleven.digital\/acocearense\/en\/wp-json\/wp\/v2\/media\/2025"}],"wp:attachment":[{"href":"https:\/\/previews.elleven.digital\/acocearense\/en\/wp-json\/wp\/v2\/media?parent=2036"}],"wp:term":[{"taxonomy":"categoria-noticia","embeddable":true,"href":"https:\/\/previews.elleven.digital\/acocearense\/en\/wp-json\/wp\/v2\/categoria-noticia?post=2036"}],"curies":[{"name":"wp","href":"https:\/\/api.w.org\/{rel}","templated":true}]}}