{"id":2034,"date":"2020-08-06T16:47:34","date_gmt":"2020-08-06T19:47:34","guid":{"rendered":"https:\/\/previews.elleven.digital\/acocearense\/?post_type=noticia&#038;p=2034"},"modified":"2025-05-07T16:47:57","modified_gmt":"2025-05-07T19:47:57","slug":"projeto-vamos-juntos-e-lancado-no-grupo-aco-cearense","status":"publish","type":"noticia","link":"https:\/\/previews.elleven.digital\/acocearense\/en\/noticia\/projeto-vamos-juntos-e-lancado-no-grupo-aco-cearense\/","title":{"rendered":"The Let&#039;s Go Together Project is launched at the A\u00e7o Cearense Group"},"content":{"rendered":"<p>The Vamos juntos project is an initiative by Grupo A\u00e7o Cearense to encourage\u00a0<strong>carpooling<\/strong>\u00a0among employees. The idea is to promote the shared or alternate use of a private car by two or more people, so they can travel together during the commute.<\/p>\n<h2>What are the benefits of participating in the project?<\/h2>\n<ul>\n<li>Less stress for those who need to navigate public transport;<\/li>\n<li>More networking and integration with people from different areas of the company;<\/li>\n<li>Optimization of the use of parking spaces;<\/li>\n<li>Savings on transportation costs;<\/li>\n<li>Improve people&#039;s quality of life;<\/li>\n<li>Sustainability in practice: fewer cars on the road = less pollutant emissions!<\/li>\n<\/ul>\n<p><em>&quot;The idea behind Vamos Juntos is to help integrate employees who often live very close or use a similar route and sometimes don&#039;t even know it. We will bridge the gap between people, facilitating connections. We believe the initiative will benefit not only those who use public transportation but also those who use their own vehicle, giving them the chance to make new friends. During this pandemic, the project is even more important because it allows some employees to avoid crowds on public transportation.&quot;<\/em>, comments Eliana Freitas, Human Resources Coordinator and project manager.<\/p>\n<p>We remind you that due to the pandemic, it is essential that all employees continue to wear masks inside the vehicle and maintain social distancing. Another suggestion is to avoid using the air conditioning and instead drive with the windows down.<\/p>","protected":false},"featured_media":2027,"template":"","meta":{"_acf_changed":false,"inline_featured_image":false},"categoria-noticia":[],"class_list":["post-2034","noticia","type-noticia","status-publish","has-post-thumbnail","hentry"],"acf":{"link":""},"yoast_head":"<!-- This site is optimized with the Yoast SEO plugin v25.9 - https:\/\/yoast.com\/wordpress\/plugins\/seo\/ -->\n<title>Projeto Vamos Juntos \u00e9 lan\u00e7ado no Grupo A\u00e7o Cearense - Grupo A\u00e7o Cearense<\/title>\n<meta name=\"robots\" content=\"index, follow, max-snippet:-1, max-image-preview:large, max-video-preview:-1\" \/>\n<link rel=\"canonical\" href=\"https:\/\/previews.elleven.digital\/acocearense\/en\/noticia\/projeto-vamos-juntos-e-lancado-no-grupo-aco-cearense\/\" \/>\n<meta property=\"og:locale\" content=\"en_US\" \/>\n<meta property=\"og:type\" content=\"article\" \/>\n<meta property=\"og:title\" content=\"Projeto Vamos Juntos \u00e9 lan\u00e7ado no Grupo A\u00e7o Cearense - Grupo A\u00e7o Cearense\" \/>\n<meta property=\"og:description\" content=\"O projeto Vamos juntos \u00e9 uma iniciativa do Grupo A\u00e7o Cearense para estimular a\u00a0carona solid\u00e1ria\u00a0entre(...)\" \/>\n<meta property=\"og:url\" content=\"https:\/\/previews.elleven.digital\/acocearense\/en\/noticia\/projeto-vamos-juntos-e-lancado-no-grupo-aco-cearense\/\" \/>\n<meta property=\"og:site_name\" content=\"Grupo A\u00e7o Cearense\" \/>\n<meta property=\"article:modified_time\" content=\"2025-05-07T19:47:57+00:00\" \/>\n<meta property=\"og:image\" content=\"https:\/\/previews.elleven.digital\/acocearense\/wp-content\/uploads\/2025\/05\/vamos-juntos-gac.jpg\" \/>\n\t<meta property=\"og:image:width\" content=\"2482\" \/>\n\t<meta property=\"og:image:height\" content=\"1689\" \/>\n\t<meta property=\"og:image:type\" content=\"image\/jpeg\" \/>\n<meta name=\"twitter:card\" content=\"summary_large_image\" \/>\n<meta name=\"twitter:label1\" content=\"Est. reading time\" \/>\n\t<meta name=\"twitter:data1\" content=\"1 minute\" \/>\n<script type=\"application\/ld+json\" class=\"yoast-schema-graph\">{\"@context\":\"https:\/\/schema.org\",\"@graph\":[{\"@type\":\"WebPage\",\"@id\":\"https:\/\/previews.elleven.digital\/acocearense\/noticia\/projeto-vamos-juntos-e-lancado-no-grupo-aco-cearense\/\",\"url\":\"https:\/\/previews.elleven.digital\/acocearense\/noticia\/projeto-vamos-juntos-e-lancado-no-grupo-aco-cearense\/\",\"name\":\"Projeto Vamos Juntos \u00e9 lan\u00e7ado no Grupo A\u00e7o Cearense - Grupo A\u00e7o Cearense\",\"isPartOf\":{\"@id\":\"https:\/\/previews.elleven.digital\/acocearense\/#website\"},\"primaryImageOfPage\":{\"@id\":\"https:\/\/previews.elleven.digital\/acocearense\/noticia\/projeto-vamos-juntos-e-lancado-no-grupo-aco-cearense\/#primaryimage\"},\"image\":{\"@id\":\"https:\/\/previews.elleven.digital\/acocearense\/noticia\/projeto-vamos-juntos-e-lancado-no-grupo-aco-cearense\/#primaryimage\"},\"thumbnailUrl\":\"https:\/\/previews.elleven.digital\/acocearense\/wp-content\/uploads\/2025\/05\/vamos-juntos-gac.jpg\",\"datePublished\":\"2020-08-06T19:47:34+00:00\",\"dateModified\":\"2025-05-07T19:47:57+00:00\",\"breadcrumb\":{\"@id\":\"https:\/\/previews.elleven.digital\/acocearense\/noticia\/projeto-vamos-juntos-e-lancado-no-grupo-aco-cearense\/#breadcrumb\"},\"inLanguage\":\"en-US\",\"potentialAction\":[{\"@type\":\"ReadAction\",\"target\":[\"https:\/\/previews.elleven.digital\/acocearense\/noticia\/projeto-vamos-juntos-e-lancado-no-grupo-aco-cearense\/\"]}]},{\"@type\":\"ImageObject\",\"inLanguage\":\"en-US\",\"@id\":\"https:\/\/previews.elleven.digital\/acocearense\/noticia\/projeto-vamos-juntos-e-lancado-no-grupo-aco-cearense\/#primaryimage\",\"url\":\"https:\/\/previews.elleven.digital\/acocearense\/wp-content\/uploads\/2025\/05\/vamos-juntos-gac.jpg\",\"contentUrl\":\"https:\/\/previews.elleven.digital\/acocearense\/wp-content\/uploads\/2025\/05\/vamos-juntos-gac.jpg\",\"width\":2482,\"height\":1689},{\"@type\":\"BreadcrumbList\",\"@id\":\"https:\/\/previews.elleven.digital\/acocearense\/noticia\/projeto-vamos-juntos-e-lancado-no-grupo-aco-cearense\/#breadcrumb\",\"itemListElement\":[{\"@type\":\"ListItem\",\"position\":1,\"name\":\"In\u00edcio\",\"item\":\"https:\/\/previews.elleven.digital\/acocearense\/\"},{\"@type\":\"ListItem\",\"position\":2,\"name\":\"Not\u00edcias\",\"item\":\"https:\/\/previews.elleven.digital\/acocearense\/noticias\/\"},{\"@type\":\"ListItem\",\"position\":3,\"name\":\"Projeto Vamos Juntos \u00e9 lan\u00e7ado no Grupo A\u00e7o Cearense\"}]},{\"@type\":\"WebSite\",\"@id\":\"https:\/\/previews.elleven.digital\/acocearense\/#website\",\"url\":\"https:\/\/previews.elleven.digital\/acocearense\/\",\"name\":\"A\u00e7o Cearense\",\"description\":\"H\u00e1 mais de 45 anos no mercado brasileiro do a\u00e7o.\",\"alternateName\":\"A\u00e7o Cearense\",\"potentialAction\":[{\"@type\":\"SearchAction\",\"target\":{\"@type\":\"EntryPoint\",\"urlTemplate\":\"https:\/\/previews.elleven.digital\/acocearense\/?s={search_term_string}\"},\"query-input\":{\"@type\":\"PropertyValueSpecification\",\"valueRequired\":true,\"valueName\":\"search_term_string\"}}],\"inLanguage\":\"en-US\"}]}<\/script>\n<!-- \/ Yoast SEO plugin. -->","yoast_head_json":{"title":"Projeto Vamos Juntos \u00e9 lan\u00e7ado no Grupo A\u00e7o Cearense - Grupo A\u00e7o Cearense","robots":{"index":"index","follow":"follow","max-snippet":"max-snippet:-1","max-image-preview":"max-image-preview:large","max-video-preview":"max-video-preview:-1"},"canonical":"https:\/\/previews.elleven.digital\/acocearense\/en\/noticia\/projeto-vamos-juntos-e-lancado-no-grupo-aco-cearense\/","og_locale":"en_US","og_type":"article","og_title":"Projeto Vamos Juntos \u00e9 lan\u00e7ado no Grupo A\u00e7o Cearense - Grupo A\u00e7o Cearense","og_description":"O projeto Vamos juntos \u00e9 uma iniciativa do Grupo A\u00e7o Cearense para estimular a\u00a0carona solid\u00e1ria\u00a0entre(...)","og_url":"https:\/\/previews.elleven.digital\/acocearense\/en\/noticia\/projeto-vamos-juntos-e-lancado-no-grupo-aco-cearense\/","og_site_name":"Grupo A\u00e7o Cearense","article_modified_time":"2025-05-07T19:47:57+00:00","og_image":[{"width":2482,"height":1689,"url":"https:\/\/previews.elleven.digital\/acocearense\/wp-content\/uploads\/2025\/05\/vamos-juntos-gac.jpg","type":"image\/jpeg"}],"twitter_card":"summary_large_image","twitter_misc":{"Est. reading time":"1 minute"},"schema":{"@context":"https:\/\/schema.org","@graph":[{"@type":"WebPage","@id":"https:\/\/previews.elleven.digital\/acocearense\/noticia\/projeto-vamos-juntos-e-lancado-no-grupo-aco-cearense\/","url":"https:\/\/previews.elleven.digital\/acocearense\/noticia\/projeto-vamos-juntos-e-lancado-no-grupo-aco-cearense\/","name":"Projeto Vamos Juntos \u00e9 lan\u00e7ado no Grupo A\u00e7o Cearense - Grupo A\u00e7o Cearense","isPartOf":{"@id":"https:\/\/previews.elleven.digital\/acocearense\/#website"},"primaryImageOfPage":{"@id":"https:\/\/previews.elleven.digital\/acocearense\/noticia\/projeto-vamos-juntos-e-lancado-no-grupo-aco-cearense\/#primaryimage"},"image":{"@id":"https:\/\/previews.elleven.digital\/acocearense\/noticia\/projeto-vamos-juntos-e-lancado-no-grupo-aco-cearense\/#primaryimage"},"thumbnailUrl":"https:\/\/previews.elleven.digital\/acocearense\/wp-content\/uploads\/2025\/05\/vamos-juntos-gac.jpg","datePublished":"2020-08-06T19:47:34+00:00","dateModified":"2025-05-07T19:47:57+00:00","breadcrumb":{"@id":"https:\/\/previews.elleven.digital\/acocearense\/noticia\/projeto-vamos-juntos-e-lancado-no-grupo-aco-cearense\/#breadcrumb"},"inLanguage":"en-US","potentialAction":[{"@type":"ReadAction","target":["https:\/\/previews.elleven.digital\/acocearense\/noticia\/projeto-vamos-juntos-e-lancado-no-grupo-aco-cearense\/"]}]},{"@type":"ImageObject","inLanguage":"en-US","@id":"https:\/\/previews.elleven.digital\/acocearense\/noticia\/projeto-vamos-juntos-e-lancado-no-grupo-aco-cearense\/#primaryimage","url":"https:\/\/previews.elleven.digital\/acocearense\/wp-content\/uploads\/2025\/05\/vamos-juntos-gac.jpg","contentUrl":"https:\/\/previews.elleven.digital\/acocearense\/wp-content\/uploads\/2025\/05\/vamos-juntos-gac.jpg","width":2482,"height":1689},{"@type":"BreadcrumbList","@id":"https:\/\/previews.elleven.digital\/acocearense\/noticia\/projeto-vamos-juntos-e-lancado-no-grupo-aco-cearense\/#breadcrumb","itemListElement":[{"@type":"ListItem","position":1,"name":"In\u00edcio","item":"https:\/\/previews.elleven.digital\/acocearense\/"},{"@type":"ListItem","position":2,"name":"Not\u00edcias","item":"https:\/\/previews.elleven.digital\/acocearense\/noticias\/"},{"@type":"ListItem","position":3,"name":"Projeto Vamos Juntos \u00e9 lan\u00e7ado no Grupo A\u00e7o Cearense"}]},{"@type":"WebSite","@id":"https:\/\/previews.elleven.digital\/acocearense\/#website","url":"https:\/\/previews.elleven.digital\/acocearense\/","name":"Cear\u00e1 Steel","description":"We have been in the Brazilian steel market for over 45 years.","alternateName":"A\u00e7o Cearense","potentialAction":[{"@type":"SearchAction","target":{"@type":"EntryPoint","urlTemplate":"https:\/\/previews.elleven.digital\/acocearense\/?s={search_term_string}"},"query-input":{"@type":"PropertyValueSpecification","valueRequired":true,"valueName":"search_term_string"}}],"inLanguage":"en-US"}]}},"_links":{"self":[{"href":"https:\/\/previews.elleven.digital\/acocearense\/en\/wp-json\/wp\/v2\/noticia\/2034","targetHints":{"allow":["GET"]}}],"collection":[{"href":"https:\/\/previews.elleven.digital\/acocearense\/en\/wp-json\/wp\/v2\/noticia"}],"about":[{"href":"https:\/\/previews.elleven.digital\/acocearense\/en\/wp-json\/wp\/v2\/types\/noticia"}],"wp:featuredmedia":[{"embeddable":true,"href":"https:\/\/previews.elleven.digital\/acocearense\/en\/wp-json\/wp\/v2\/media\/2027"}],"wp:attachment":[{"href":"https:\/\/previews.elleven.digital\/acocearense\/en\/wp-json\/wp\/v2\/media?parent=2034"}],"wp:term":[{"taxonomy":"categoria-noticia","embeddable":true,"href":"https:\/\/previews.elleven.digital\/acocearense\/en\/wp-json\/wp\/v2\/categoria-noticia?post=2034"}],"curies":[{"name":"wp","href":"https:\/\/api.w.org\/{rel}","templated":true}]}}