{"id":2032,"date":"2020-07-10T16:46:39","date_gmt":"2020-07-10T19:46:39","guid":{"rendered":"https:\/\/previews.elleven.digital\/acocearense\/?post_type=noticia&#038;p=2032"},"modified":"2025-05-07T16:47:00","modified_gmt":"2025-05-07T19:47:00","slug":"novos-colaboradores-do-grupo-aco-cearense-recebem-integracao-remota","status":"publish","type":"noticia","link":"https:\/\/previews.elleven.digital\/acocearense\/en\/noticia\/novos-colaboradores-do-grupo-aco-cearense-recebem-integracao-remota\/","title":{"rendered":"New employees of the A\u00e7o Cearense Group receive remote integration"},"content":{"rendered":"<p><span data-identifyelement=\"340\">With the arrival of the pandemic, onboarding new employees also became a challenge for Grupo A\u00e7o Cearense&#039;s HR department. This is an important time to welcome new employees, giving them the opportunity to learn more about the company, its key benefits, department procedures, and occupational safety standards.<br data-identifyelement=\"346\" \/>\u00a0<br data-identifyelement=\"347\" \/>To ensure that employees admitted during the isolation or gradual return period feel welcomed by the company, integration has been carried out remotely, via video call through the Skype and Microsoft Teams platforms.<br data-identifyelement=\"348\" \/>\u00a0<br data-identifyelement=\"349\" \/><\/span><img loading=\"lazy\" decoding=\"async\" class=\"inline-image aligncenter\" src=\"https:\/\/mcusercontent.com\/89812147ef97f09ae727e0969\/images\/aa3a9878-211e-4eae-9511-817529c9782a.png\" alt=\"https:\/\/mcusercontent.com\/89812147ef97f09ae727e0969\/images\/aa3a9878-211e-4eae-9511-817529c9782a.png\" width=\"60\" height=\"56\" align=\"left\" data-identifyelement=\"350\" \/><\/p>\n<p>&nbsp;<\/p>\n<p>&nbsp;<\/p>\n<p>&nbsp;<\/p>\n<p>For Monik Oliveira, new employee at A\u00e7o Cearense Comercial: &quot;It was a truly learning experience. We were able to absorb all the knowledge the professionals shared via video call. This method was unique and innovative. I can say it was also dynamic, as there were moments of interaction between the professionals in the departments and those of us who were in the onboarding process.&quot;<\/p>\n<p><span data-identifyelement=\"351\">\u00a0<br data-identifyelement=\"353\" \/><\/span><img loading=\"lazy\" decoding=\"async\" class=\"inline-image aligncenter\" src=\"https:\/\/mcusercontent.com\/89812147ef97f09ae727e0969\/images\/6ed01cb1-6f12-43f4-8579-ab96cf0c96b0.png\" alt=\"https:\/\/mcusercontent.com\/89812147ef97f09ae727e0969\/images\/6ed01cb1-6f12-43f4-8579-ab96cf0c96b0.png\" width=\"65\" height=\"70\" align=\"right\" data-identifyelement=\"354\" \/><span data-identifyelement=\"355\">&quot;The remote integration was great! It allowed us to save time, focus, and be more comfortable, as well as provide good interaction with those involved,&quot; says Paulo Almeida, Occupational Safety Technician at SINOBRAS.<\/span><\/p>","protected":false},"featured_media":2029,"template":"","meta":{"_acf_changed":false,"inline_featured_image":false},"categoria-noticia":[],"class_list":["post-2032","noticia","type-noticia","status-publish","has-post-thumbnail","hentry"],"acf":{"link":""},"yoast_head":"<!-- This site is optimized with the Yoast SEO plugin v25.9 - https:\/\/yoast.com\/wordpress\/plugins\/seo\/ -->\n<title>Novos colaboradores do Grupo A\u00e7o Cearense recebem integra\u00e7\u00e3o remota - Grupo A\u00e7o Cearense<\/title>\n<meta name=\"robots\" content=\"index, follow, max-snippet:-1, max-image-preview:large, max-video-preview:-1\" \/>\n<link rel=\"canonical\" href=\"https:\/\/previews.elleven.digital\/acocearense\/en\/noticia\/novos-colaboradores-do-grupo-aco-cearense-recebem-integracao-remota\/\" \/>\n<meta property=\"og:locale\" content=\"en_US\" \/>\n<meta property=\"og:type\" content=\"article\" \/>\n<meta property=\"og:title\" content=\"Novos colaboradores do Grupo A\u00e7o Cearense recebem integra\u00e7\u00e3o remota - Grupo A\u00e7o Cearense\" \/>\n<meta property=\"og:description\" content=\"Com a chegada da pandemia, a integra\u00e7\u00e3o de novos colaboradores tamb\u00e9m virou um desafio para(...)\" \/>\n<meta property=\"og:url\" content=\"https:\/\/previews.elleven.digital\/acocearense\/en\/noticia\/novos-colaboradores-do-grupo-aco-cearense-recebem-integracao-remota\/\" \/>\n<meta property=\"og:site_name\" content=\"Grupo A\u00e7o Cearense\" \/>\n<meta property=\"article:modified_time\" content=\"2025-05-07T19:47:00+00:00\" \/>\n<meta property=\"og:image\" content=\"https:\/\/previews.elleven.digital\/acocearense\/wp-content\/uploads\/2025\/05\/novos-colaboradores.jpg\" \/>\n\t<meta property=\"og:image:width\" content=\"581\" \/>\n\t<meta property=\"og:image:height\" content=\"290\" \/>\n\t<meta property=\"og:image:type\" content=\"image\/jpeg\" \/>\n<meta name=\"twitter:card\" content=\"summary_large_image\" \/>\n<meta name=\"twitter:label1\" content=\"Est. reading time\" \/>\n\t<meta name=\"twitter:data1\" content=\"2 minutes\" \/>\n<script type=\"application\/ld+json\" class=\"yoast-schema-graph\">{\"@context\":\"https:\/\/schema.org\",\"@graph\":[{\"@type\":\"WebPage\",\"@id\":\"https:\/\/previews.elleven.digital\/acocearense\/noticia\/novos-colaboradores-do-grupo-aco-cearense-recebem-integracao-remota\/\",\"url\":\"https:\/\/previews.elleven.digital\/acocearense\/noticia\/novos-colaboradores-do-grupo-aco-cearense-recebem-integracao-remota\/\",\"name\":\"Novos colaboradores do Grupo A\u00e7o Cearense recebem integra\u00e7\u00e3o remota - Grupo A\u00e7o Cearense\",\"isPartOf\":{\"@id\":\"https:\/\/previews.elleven.digital\/acocearense\/#website\"},\"primaryImageOfPage\":{\"@id\":\"https:\/\/previews.elleven.digital\/acocearense\/noticia\/novos-colaboradores-do-grupo-aco-cearense-recebem-integracao-remota\/#primaryimage\"},\"image\":{\"@id\":\"https:\/\/previews.elleven.digital\/acocearense\/noticia\/novos-colaboradores-do-grupo-aco-cearense-recebem-integracao-remota\/#primaryimage\"},\"thumbnailUrl\":\"https:\/\/previews.elleven.digital\/acocearense\/wp-content\/uploads\/2025\/05\/novos-colaboradores.jpg\",\"datePublished\":\"2020-07-10T19:46:39+00:00\",\"dateModified\":\"2025-05-07T19:47:00+00:00\",\"breadcrumb\":{\"@id\":\"https:\/\/previews.elleven.digital\/acocearense\/noticia\/novos-colaboradores-do-grupo-aco-cearense-recebem-integracao-remota\/#breadcrumb\"},\"inLanguage\":\"en-US\",\"potentialAction\":[{\"@type\":\"ReadAction\",\"target\":[\"https:\/\/previews.elleven.digital\/acocearense\/noticia\/novos-colaboradores-do-grupo-aco-cearense-recebem-integracao-remota\/\"]}]},{\"@type\":\"ImageObject\",\"inLanguage\":\"en-US\",\"@id\":\"https:\/\/previews.elleven.digital\/acocearense\/noticia\/novos-colaboradores-do-grupo-aco-cearense-recebem-integracao-remota\/#primaryimage\",\"url\":\"https:\/\/previews.elleven.digital\/acocearense\/wp-content\/uploads\/2025\/05\/novos-colaboradores.jpg\",\"contentUrl\":\"https:\/\/previews.elleven.digital\/acocearense\/wp-content\/uploads\/2025\/05\/novos-colaboradores.jpg\",\"width\":581,\"height\":290},{\"@type\":\"BreadcrumbList\",\"@id\":\"https:\/\/previews.elleven.digital\/acocearense\/noticia\/novos-colaboradores-do-grupo-aco-cearense-recebem-integracao-remota\/#breadcrumb\",\"itemListElement\":[{\"@type\":\"ListItem\",\"position\":1,\"name\":\"In\u00edcio\",\"item\":\"https:\/\/previews.elleven.digital\/acocearense\/\"},{\"@type\":\"ListItem\",\"position\":2,\"name\":\"Not\u00edcias\",\"item\":\"https:\/\/previews.elleven.digital\/acocearense\/noticias\/\"},{\"@type\":\"ListItem\",\"position\":3,\"name\":\"Novos colaboradores do Grupo A\u00e7o Cearense recebem integra\u00e7\u00e3o remota\"}]},{\"@type\":\"WebSite\",\"@id\":\"https:\/\/previews.elleven.digital\/acocearense\/#website\",\"url\":\"https:\/\/previews.elleven.digital\/acocearense\/\",\"name\":\"A\u00e7o Cearense\",\"description\":\"H\u00e1 mais de 45 anos no mercado brasileiro do a\u00e7o.\",\"alternateName\":\"A\u00e7o Cearense\",\"potentialAction\":[{\"@type\":\"SearchAction\",\"target\":{\"@type\":\"EntryPoint\",\"urlTemplate\":\"https:\/\/previews.elleven.digital\/acocearense\/?s={search_term_string}\"},\"query-input\":{\"@type\":\"PropertyValueSpecification\",\"valueRequired\":true,\"valueName\":\"search_term_string\"}}],\"inLanguage\":\"en-US\"}]}<\/script>\n<!-- \/ Yoast SEO plugin. -->","yoast_head_json":{"title":"Novos colaboradores do Grupo A\u00e7o Cearense recebem integra\u00e7\u00e3o remota - Grupo A\u00e7o Cearense","robots":{"index":"index","follow":"follow","max-snippet":"max-snippet:-1","max-image-preview":"max-image-preview:large","max-video-preview":"max-video-preview:-1"},"canonical":"https:\/\/previews.elleven.digital\/acocearense\/en\/noticia\/novos-colaboradores-do-grupo-aco-cearense-recebem-integracao-remota\/","og_locale":"en_US","og_type":"article","og_title":"Novos colaboradores do Grupo A\u00e7o Cearense recebem integra\u00e7\u00e3o remota - Grupo A\u00e7o Cearense","og_description":"Com a chegada da pandemia, a integra\u00e7\u00e3o de novos colaboradores tamb\u00e9m virou um desafio para(...)","og_url":"https:\/\/previews.elleven.digital\/acocearense\/en\/noticia\/novos-colaboradores-do-grupo-aco-cearense-recebem-integracao-remota\/","og_site_name":"Grupo A\u00e7o Cearense","article_modified_time":"2025-05-07T19:47:00+00:00","og_image":[{"width":581,"height":290,"url":"https:\/\/previews.elleven.digital\/acocearense\/wp-content\/uploads\/2025\/05\/novos-colaboradores.jpg","type":"image\/jpeg"}],"twitter_card":"summary_large_image","twitter_misc":{"Est. reading time":"2 minutes"},"schema":{"@context":"https:\/\/schema.org","@graph":[{"@type":"WebPage","@id":"https:\/\/previews.elleven.digital\/acocearense\/noticia\/novos-colaboradores-do-grupo-aco-cearense-recebem-integracao-remota\/","url":"https:\/\/previews.elleven.digital\/acocearense\/noticia\/novos-colaboradores-do-grupo-aco-cearense-recebem-integracao-remota\/","name":"Novos colaboradores do Grupo A\u00e7o Cearense recebem integra\u00e7\u00e3o remota - Grupo A\u00e7o Cearense","isPartOf":{"@id":"https:\/\/previews.elleven.digital\/acocearense\/#website"},"primaryImageOfPage":{"@id":"https:\/\/previews.elleven.digital\/acocearense\/noticia\/novos-colaboradores-do-grupo-aco-cearense-recebem-integracao-remota\/#primaryimage"},"image":{"@id":"https:\/\/previews.elleven.digital\/acocearense\/noticia\/novos-colaboradores-do-grupo-aco-cearense-recebem-integracao-remota\/#primaryimage"},"thumbnailUrl":"https:\/\/previews.elleven.digital\/acocearense\/wp-content\/uploads\/2025\/05\/novos-colaboradores.jpg","datePublished":"2020-07-10T19:46:39+00:00","dateModified":"2025-05-07T19:47:00+00:00","breadcrumb":{"@id":"https:\/\/previews.elleven.digital\/acocearense\/noticia\/novos-colaboradores-do-grupo-aco-cearense-recebem-integracao-remota\/#breadcrumb"},"inLanguage":"en-US","potentialAction":[{"@type":"ReadAction","target":["https:\/\/previews.elleven.digital\/acocearense\/noticia\/novos-colaboradores-do-grupo-aco-cearense-recebem-integracao-remota\/"]}]},{"@type":"ImageObject","inLanguage":"en-US","@id":"https:\/\/previews.elleven.digital\/acocearense\/noticia\/novos-colaboradores-do-grupo-aco-cearense-recebem-integracao-remota\/#primaryimage","url":"https:\/\/previews.elleven.digital\/acocearense\/wp-content\/uploads\/2025\/05\/novos-colaboradores.jpg","contentUrl":"https:\/\/previews.elleven.digital\/acocearense\/wp-content\/uploads\/2025\/05\/novos-colaboradores.jpg","width":581,"height":290},{"@type":"BreadcrumbList","@id":"https:\/\/previews.elleven.digital\/acocearense\/noticia\/novos-colaboradores-do-grupo-aco-cearense-recebem-integracao-remota\/#breadcrumb","itemListElement":[{"@type":"ListItem","position":1,"name":"In\u00edcio","item":"https:\/\/previews.elleven.digital\/acocearense\/"},{"@type":"ListItem","position":2,"name":"Not\u00edcias","item":"https:\/\/previews.elleven.digital\/acocearense\/noticias\/"},{"@type":"ListItem","position":3,"name":"Novos colaboradores do Grupo A\u00e7o Cearense recebem integra\u00e7\u00e3o remota"}]},{"@type":"WebSite","@id":"https:\/\/previews.elleven.digital\/acocearense\/#website","url":"https:\/\/previews.elleven.digital\/acocearense\/","name":"Cear\u00e1 Steel","description":"We have been in the Brazilian steel market for over 45 years.","alternateName":"A\u00e7o Cearense","potentialAction":[{"@type":"SearchAction","target":{"@type":"EntryPoint","urlTemplate":"https:\/\/previews.elleven.digital\/acocearense\/?s={search_term_string}"},"query-input":{"@type":"PropertyValueSpecification","valueRequired":true,"valueName":"search_term_string"}}],"inLanguage":"en-US"}]}},"_links":{"self":[{"href":"https:\/\/previews.elleven.digital\/acocearense\/en\/wp-json\/wp\/v2\/noticia\/2032","targetHints":{"allow":["GET"]}}],"collection":[{"href":"https:\/\/previews.elleven.digital\/acocearense\/en\/wp-json\/wp\/v2\/noticia"}],"about":[{"href":"https:\/\/previews.elleven.digital\/acocearense\/en\/wp-json\/wp\/v2\/types\/noticia"}],"wp:featuredmedia":[{"embeddable":true,"href":"https:\/\/previews.elleven.digital\/acocearense\/en\/wp-json\/wp\/v2\/media\/2029"}],"wp:attachment":[{"href":"https:\/\/previews.elleven.digital\/acocearense\/en\/wp-json\/wp\/v2\/media?parent=2032"}],"wp:term":[{"taxonomy":"categoria-noticia","embeddable":true,"href":"https:\/\/previews.elleven.digital\/acocearense\/en\/wp-json\/wp\/v2\/categoria-noticia?post=2032"}],"curies":[{"name":"wp","href":"https:\/\/api.w.org\/{rel}","templated":true}]}}