{"id":2018,"date":"2020-07-10T16:37:21","date_gmt":"2020-07-10T19:37:21","guid":{"rendered":"https:\/\/previews.elleven.digital\/acocearense\/?post_type=noticia&#038;p=2018"},"modified":"2025-05-07T16:46:35","modified_gmt":"2025-05-07T19:46:35","slug":"ian-correa-no-webinar-do-grupo-senior","status":"publish","type":"noticia","link":"https:\/\/previews.elleven.digital\/acocearense\/en\/noticia\/ian-correa-no-webinar-do-grupo-senior\/","title":{"rendered":"Ian Corr\u00eaa at the Senior Group Webinar"},"content":{"rendered":"<p>On the 25th, Ian Corr\u00eaa, Vice President of Operations at Grupo A\u00e7o Cearense, attended the Senior Group&#039;s Online Meeting, comprised of directors from companies in the Northeast region. Nearly 200 executives registered for the webinar, interested in attending the virtual event via Zoom.<\/p>\n<p>Also present at the event were Annette de Castro, CEO of Mallory, and Elias Leite, President of Unimed Fortaleza, who shared and discussed their management experiences, considering all the challenges and strategies in the pandemic scenario. Moderator Carlos Moror\u00f3, CEO of Camarmo Consultoria, was the moderator.<br \/>\n<img loading=\"lazy\" decoding=\"async\" class=\"size-medium wp-image-7952 aligncenter\" src=\"https:\/\/previews.elleven.digital\/acocearense\/wp-content\/uploads\/2020\/07\/ian-correa-300x200.jpg\" sizes=\"auto, (max-width: 300px) 100vw, 300px\" srcset=\"https:\/\/previews.elleven.digital\/acocearense\/wp-content\/uploads\/2020\/07\/ian-correa-300x200.jpg 300w, https:\/\/previews.elleven.digital\/acocearense\/wp-content\/uploads\/2020\/07\/ian-correa-768x512.jpg 768w, https:\/\/previews.elleven.digital\/acocearense\/wp-content\/uploads\/2020\/07\/ian-correa-1024x682.jpg 1024w, https:\/\/previews.elleven.digital\/acocearense\/wp-content\/uploads\/2020\/07\/ian-correa-600x400.jpg 600w, https:\/\/previews.elleven.digital\/acocearense\/wp-content\/uploads\/2020\/07\/ian-correa.jpg 1280w\" alt=\"\" width=\"300\" height=\"200\" \/><br \/>\nIan Corr\u00eaa spoke during the meeting about the importance of adaptation: &quot;Since the beginning of the pandemic, we have worked with three pillars: survival, sustainability, and recovery. Our actions were based on our priority focus: caring for our employees and their families, seeking to protect their health and offer support, not stopping our operations, and ensuring our customers could also get through this time. We ensured that this entire situation would pass and we would emerge stronger. We created a Crisis Committee to decide and monitor all necessary measures daily to address this situation. We actively communicate with our employees and customers, transparently informing them of the actions and decisions taken. And in this time of recovery, we are reformulating our strategy and processes to adapt our operations to this situation.&quot;<em>new normal\u201d<\/em>.<\/p>","protected":false},"featured_media":2030,"template":"","meta":{"_acf_changed":false,"inline_featured_image":false},"categoria-noticia":[],"class_list":["post-2018","noticia","type-noticia","status-publish","has-post-thumbnail","hentry"],"acf":{"link":""},"yoast_head":"<!-- This site is optimized with the Yoast SEO plugin v25.9 - https:\/\/yoast.com\/wordpress\/plugins\/seo\/ -->\n<title>Ian Corr\u00eaa no Webinar do Grupo S\u00eanior - Grupo A\u00e7o Cearense<\/title>\n<meta name=\"robots\" content=\"index, follow, max-snippet:-1, max-image-preview:large, max-video-preview:-1\" \/>\n<link rel=\"canonical\" href=\"https:\/\/previews.elleven.digital\/acocearense\/en\/noticia\/ian-correa-no-webinar-do-grupo-senior\/\" \/>\n<meta property=\"og:locale\" content=\"en_US\" \/>\n<meta property=\"og:type\" content=\"article\" \/>\n<meta property=\"og:title\" content=\"Ian Corr\u00eaa no Webinar do Grupo S\u00eanior - Grupo A\u00e7o Cearense\" \/>\n<meta property=\"og:description\" content=\"No \u00faltimo dia 25, Ian Corr\u00eaa, Vice-Presidente de Opera\u00e7\u00f5es do Grupo A\u00e7o Cearense, esteve no(...)\" \/>\n<meta property=\"og:url\" content=\"https:\/\/previews.elleven.digital\/acocearense\/en\/noticia\/ian-correa-no-webinar-do-grupo-senior\/\" \/>\n<meta property=\"og:site_name\" content=\"Grupo A\u00e7o Cearense\" \/>\n<meta property=\"article:modified_time\" content=\"2025-05-07T19:46:35+00:00\" \/>\n<meta property=\"og:image\" content=\"https:\/\/previews.elleven.digital\/acocearense\/wp-content\/uploads\/2025\/05\/webinar.jpg\" \/>\n\t<meta property=\"og:image:width\" content=\"932\" \/>\n\t<meta property=\"og:image:height\" content=\"542\" \/>\n\t<meta property=\"og:image:type\" content=\"image\/jpeg\" \/>\n<meta name=\"twitter:card\" content=\"summary_large_image\" \/>\n<meta name=\"twitter:label1\" content=\"Est. reading time\" \/>\n\t<meta name=\"twitter:data1\" content=\"2 minutes\" \/>\n<script type=\"application\/ld+json\" class=\"yoast-schema-graph\">{\"@context\":\"https:\/\/schema.org\",\"@graph\":[{\"@type\":\"WebPage\",\"@id\":\"https:\/\/previews.elleven.digital\/acocearense\/noticia\/ian-correa-no-webinar-do-grupo-senior\/\",\"url\":\"https:\/\/previews.elleven.digital\/acocearense\/noticia\/ian-correa-no-webinar-do-grupo-senior\/\",\"name\":\"Ian Corr\u00eaa no Webinar do Grupo S\u00eanior - Grupo A\u00e7o Cearense\",\"isPartOf\":{\"@id\":\"https:\/\/previews.elleven.digital\/acocearense\/#website\"},\"primaryImageOfPage\":{\"@id\":\"https:\/\/previews.elleven.digital\/acocearense\/noticia\/ian-correa-no-webinar-do-grupo-senior\/#primaryimage\"},\"image\":{\"@id\":\"https:\/\/previews.elleven.digital\/acocearense\/noticia\/ian-correa-no-webinar-do-grupo-senior\/#primaryimage\"},\"thumbnailUrl\":\"https:\/\/previews.elleven.digital\/acocearense\/wp-content\/uploads\/2025\/05\/webinar.jpg\",\"datePublished\":\"2020-07-10T19:37:21+00:00\",\"dateModified\":\"2025-05-07T19:46:35+00:00\",\"breadcrumb\":{\"@id\":\"https:\/\/previews.elleven.digital\/acocearense\/noticia\/ian-correa-no-webinar-do-grupo-senior\/#breadcrumb\"},\"inLanguage\":\"en-US\",\"potentialAction\":[{\"@type\":\"ReadAction\",\"target\":[\"https:\/\/previews.elleven.digital\/acocearense\/noticia\/ian-correa-no-webinar-do-grupo-senior\/\"]}]},{\"@type\":\"ImageObject\",\"inLanguage\":\"en-US\",\"@id\":\"https:\/\/previews.elleven.digital\/acocearense\/noticia\/ian-correa-no-webinar-do-grupo-senior\/#primaryimage\",\"url\":\"https:\/\/previews.elleven.digital\/acocearense\/wp-content\/uploads\/2025\/05\/webinar.jpg\",\"contentUrl\":\"https:\/\/previews.elleven.digital\/acocearense\/wp-content\/uploads\/2025\/05\/webinar.jpg\",\"width\":932,\"height\":542},{\"@type\":\"BreadcrumbList\",\"@id\":\"https:\/\/previews.elleven.digital\/acocearense\/noticia\/ian-correa-no-webinar-do-grupo-senior\/#breadcrumb\",\"itemListElement\":[{\"@type\":\"ListItem\",\"position\":1,\"name\":\"In\u00edcio\",\"item\":\"https:\/\/previews.elleven.digital\/acocearense\/\"},{\"@type\":\"ListItem\",\"position\":2,\"name\":\"Not\u00edcias\",\"item\":\"https:\/\/previews.elleven.digital\/acocearense\/noticias\/\"},{\"@type\":\"ListItem\",\"position\":3,\"name\":\"Ian Corr\u00eaa no Webinar do Grupo S\u00eanior\"}]},{\"@type\":\"WebSite\",\"@id\":\"https:\/\/previews.elleven.digital\/acocearense\/#website\",\"url\":\"https:\/\/previews.elleven.digital\/acocearense\/\",\"name\":\"A\u00e7o Cearense\",\"description\":\"H\u00e1 mais de 45 anos no mercado brasileiro do a\u00e7o.\",\"alternateName\":\"A\u00e7o Cearense\",\"potentialAction\":[{\"@type\":\"SearchAction\",\"target\":{\"@type\":\"EntryPoint\",\"urlTemplate\":\"https:\/\/previews.elleven.digital\/acocearense\/?s={search_term_string}\"},\"query-input\":{\"@type\":\"PropertyValueSpecification\",\"valueRequired\":true,\"valueName\":\"search_term_string\"}}],\"inLanguage\":\"en-US\"}]}<\/script>\n<!-- \/ Yoast SEO plugin. -->","yoast_head_json":{"title":"Ian Corr\u00eaa no Webinar do Grupo S\u00eanior - Grupo A\u00e7o Cearense","robots":{"index":"index","follow":"follow","max-snippet":"max-snippet:-1","max-image-preview":"max-image-preview:large","max-video-preview":"max-video-preview:-1"},"canonical":"https:\/\/previews.elleven.digital\/acocearense\/en\/noticia\/ian-correa-no-webinar-do-grupo-senior\/","og_locale":"en_US","og_type":"article","og_title":"Ian Corr\u00eaa no Webinar do Grupo S\u00eanior - Grupo A\u00e7o Cearense","og_description":"No \u00faltimo dia 25, Ian Corr\u00eaa, Vice-Presidente de Opera\u00e7\u00f5es do Grupo A\u00e7o Cearense, esteve no(...)","og_url":"https:\/\/previews.elleven.digital\/acocearense\/en\/noticia\/ian-correa-no-webinar-do-grupo-senior\/","og_site_name":"Grupo A\u00e7o Cearense","article_modified_time":"2025-05-07T19:46:35+00:00","og_image":[{"width":932,"height":542,"url":"https:\/\/previews.elleven.digital\/acocearense\/wp-content\/uploads\/2025\/05\/webinar.jpg","type":"image\/jpeg"}],"twitter_card":"summary_large_image","twitter_misc":{"Est. reading time":"2 minutes"},"schema":{"@context":"https:\/\/schema.org","@graph":[{"@type":"WebPage","@id":"https:\/\/previews.elleven.digital\/acocearense\/noticia\/ian-correa-no-webinar-do-grupo-senior\/","url":"https:\/\/previews.elleven.digital\/acocearense\/noticia\/ian-correa-no-webinar-do-grupo-senior\/","name":"Ian Corr\u00eaa no Webinar do Grupo S\u00eanior - Grupo A\u00e7o Cearense","isPartOf":{"@id":"https:\/\/previews.elleven.digital\/acocearense\/#website"},"primaryImageOfPage":{"@id":"https:\/\/previews.elleven.digital\/acocearense\/noticia\/ian-correa-no-webinar-do-grupo-senior\/#primaryimage"},"image":{"@id":"https:\/\/previews.elleven.digital\/acocearense\/noticia\/ian-correa-no-webinar-do-grupo-senior\/#primaryimage"},"thumbnailUrl":"https:\/\/previews.elleven.digital\/acocearense\/wp-content\/uploads\/2025\/05\/webinar.jpg","datePublished":"2020-07-10T19:37:21+00:00","dateModified":"2025-05-07T19:46:35+00:00","breadcrumb":{"@id":"https:\/\/previews.elleven.digital\/acocearense\/noticia\/ian-correa-no-webinar-do-grupo-senior\/#breadcrumb"},"inLanguage":"en-US","potentialAction":[{"@type":"ReadAction","target":["https:\/\/previews.elleven.digital\/acocearense\/noticia\/ian-correa-no-webinar-do-grupo-senior\/"]}]},{"@type":"ImageObject","inLanguage":"en-US","@id":"https:\/\/previews.elleven.digital\/acocearense\/noticia\/ian-correa-no-webinar-do-grupo-senior\/#primaryimage","url":"https:\/\/previews.elleven.digital\/acocearense\/wp-content\/uploads\/2025\/05\/webinar.jpg","contentUrl":"https:\/\/previews.elleven.digital\/acocearense\/wp-content\/uploads\/2025\/05\/webinar.jpg","width":932,"height":542},{"@type":"BreadcrumbList","@id":"https:\/\/previews.elleven.digital\/acocearense\/noticia\/ian-correa-no-webinar-do-grupo-senior\/#breadcrumb","itemListElement":[{"@type":"ListItem","position":1,"name":"In\u00edcio","item":"https:\/\/previews.elleven.digital\/acocearense\/"},{"@type":"ListItem","position":2,"name":"Not\u00edcias","item":"https:\/\/previews.elleven.digital\/acocearense\/noticias\/"},{"@type":"ListItem","position":3,"name":"Ian Corr\u00eaa no Webinar do Grupo S\u00eanior"}]},{"@type":"WebSite","@id":"https:\/\/previews.elleven.digital\/acocearense\/#website","url":"https:\/\/previews.elleven.digital\/acocearense\/","name":"Cear\u00e1 Steel","description":"We have been in the Brazilian steel market for over 45 years.","alternateName":"A\u00e7o Cearense","potentialAction":[{"@type":"SearchAction","target":{"@type":"EntryPoint","urlTemplate":"https:\/\/previews.elleven.digital\/acocearense\/?s={search_term_string}"},"query-input":{"@type":"PropertyValueSpecification","valueRequired":true,"valueName":"search_term_string"}}],"inLanguage":"en-US"}]}},"_links":{"self":[{"href":"https:\/\/previews.elleven.digital\/acocearense\/en\/wp-json\/wp\/v2\/noticia\/2018","targetHints":{"allow":["GET"]}}],"collection":[{"href":"https:\/\/previews.elleven.digital\/acocearense\/en\/wp-json\/wp\/v2\/noticia"}],"about":[{"href":"https:\/\/previews.elleven.digital\/acocearense\/en\/wp-json\/wp\/v2\/types\/noticia"}],"wp:featuredmedia":[{"embeddable":true,"href":"https:\/\/previews.elleven.digital\/acocearense\/en\/wp-json\/wp\/v2\/media\/2030"}],"wp:attachment":[{"href":"https:\/\/previews.elleven.digital\/acocearense\/en\/wp-json\/wp\/v2\/media?parent=2018"}],"wp:term":[{"taxonomy":"categoria-noticia","embeddable":true,"href":"https:\/\/previews.elleven.digital\/acocearense\/en\/wp-json\/wp\/v2\/categoria-noticia?post=2018"}],"curies":[{"name":"wp","href":"https:\/\/api.w.org\/{rel}","templated":true}]}}