{"id":2017,"date":"2020-06-09T16:36:31","date_gmt":"2020-06-09T19:36:31","guid":{"rendered":"https:\/\/previews.elleven.digital\/acocearense\/?post_type=noticia&#038;p=2017"},"modified":"2025-05-07T16:37:05","modified_gmt":"2025-05-07T19:37:05","slug":"grupo-aco-cearense-reforca-projetos-de-tecnologia-durante-a-pandemia","status":"publish","type":"noticia","link":"https:\/\/previews.elleven.digital\/acocearense\/en\/noticia\/grupo-aco-cearense-reforca-projetos-de-tecnologia-durante-a-pandemia\/","title":{"rendered":"A\u00e7o Cearense Group strengthens technology projects during the pandemic"},"content":{"rendered":"<p data-identifyelement=\"302\"><span data-identifyelement=\"307\">The Covid-19 pandemic has made people more receptive to using technology, and investing in digital tools has become a fundamental requirement for companies at this time. This observation comes from Vinicius Amanaj\u00e1s, IT manager at Grupo A\u00e7o Cearense, who participated in Live 50 CIOs, promoted by Netglobe, this Tuesday (7), sharing a little of the company&#039;s experience in recent months.<\/span><\/p>\n<p data-identifyelement=\"314\"><span data-identifyelement=\"315\">Vin\u00edcius presented the case study of Grupo A\u00e7o Cearense, which has companies in Cear\u00e1, Par\u00e1, and Tocantins, where SINOBRAS and SINOBRAS FLORESTAL are located. With geographically distant companies, the Group invests in technology to increasingly bring it closer and provide excellent service to customers, suppliers, and employees. &quot;We were already working very positively on our technology, so much so that this year we won the award\u2026\u00a0<em data-identifyelement=\"316\">SAP Innovation Awards 2020<\/em><\/span><span data-identifyelement=\"317\">\u00a0with a project focused on developing budgetary solutions, after competing with projects from around the world. We are focused on making the best use of technology to our advantage and that of our clients, and this has become even more evident and necessary now with the pandemic,&quot; Vin\u00edcius emphasized.<\/span><\/p>\n<p data-identifyelement=\"324\"><span data-identifyelement=\"325\">In addition to Grupo A\u00e7o Cearense, case studies from Avon, Electrolux, Lenovo and GRSA were also presented.<\/span><\/p>","protected":false},"featured_media":1995,"template":"","meta":{"_acf_changed":false,"inline_featured_image":false},"categoria-noticia":[],"class_list":["post-2017","noticia","type-noticia","status-publish","has-post-thumbnail","hentry"],"acf":{"link":""},"yoast_head":"<!-- This site is optimized with the Yoast SEO plugin v25.9 - https:\/\/yoast.com\/wordpress\/plugins\/seo\/ -->\n<title>Grupo A\u00e7o Cearense refor\u00e7a projetos de tecnologia durante a pandemia - Grupo A\u00e7o Cearense<\/title>\n<meta name=\"robots\" content=\"index, follow, max-snippet:-1, max-image-preview:large, max-video-preview:-1\" \/>\n<link rel=\"canonical\" href=\"https:\/\/previews.elleven.digital\/acocearense\/en\/noticia\/grupo-aco-cearense-reforca-projetos-de-tecnologia-durante-a-pandemia\/\" \/>\n<meta property=\"og:locale\" content=\"en_US\" \/>\n<meta property=\"og:type\" content=\"article\" \/>\n<meta property=\"og:title\" content=\"Grupo A\u00e7o Cearense refor\u00e7a projetos de tecnologia durante a pandemia - Grupo A\u00e7o Cearense\" \/>\n<meta property=\"og:description\" content=\"A pandemia da Covid-19 tornou as pessoas mais receptivas ao uso das tecnologias e investir(...)\" \/>\n<meta property=\"og:url\" content=\"https:\/\/previews.elleven.digital\/acocearense\/en\/noticia\/grupo-aco-cearense-reforca-projetos-de-tecnologia-durante-a-pandemia\/\" \/>\n<meta property=\"og:site_name\" content=\"Grupo A\u00e7o Cearense\" \/>\n<meta property=\"article:modified_time\" content=\"2025-05-07T19:37:05+00:00\" \/>\n<meta property=\"og:image\" content=\"https:\/\/previews.elleven.digital\/acocearense\/wp-content\/uploads\/2025\/05\/projetos-de-tecnologia-scaled.jpg\" \/>\n\t<meta property=\"og:image:width\" content=\"2560\" \/>\n\t<meta property=\"og:image:height\" content=\"946\" \/>\n\t<meta property=\"og:image:type\" content=\"image\/jpeg\" \/>\n<meta name=\"twitter:card\" content=\"summary_large_image\" \/>\n<meta name=\"twitter:label1\" content=\"Est. reading time\" \/>\n\t<meta name=\"twitter:data1\" content=\"2 minutes\" \/>\n<script type=\"application\/ld+json\" class=\"yoast-schema-graph\">{\"@context\":\"https:\/\/schema.org\",\"@graph\":[{\"@type\":\"WebPage\",\"@id\":\"https:\/\/previews.elleven.digital\/acocearense\/noticia\/grupo-aco-cearense-reforca-projetos-de-tecnologia-durante-a-pandemia\/\",\"url\":\"https:\/\/previews.elleven.digital\/acocearense\/noticia\/grupo-aco-cearense-reforca-projetos-de-tecnologia-durante-a-pandemia\/\",\"name\":\"Grupo A\u00e7o Cearense refor\u00e7a projetos de tecnologia durante a pandemia - Grupo A\u00e7o Cearense\",\"isPartOf\":{\"@id\":\"https:\/\/previews.elleven.digital\/acocearense\/#website\"},\"primaryImageOfPage\":{\"@id\":\"https:\/\/previews.elleven.digital\/acocearense\/noticia\/grupo-aco-cearense-reforca-projetos-de-tecnologia-durante-a-pandemia\/#primaryimage\"},\"image\":{\"@id\":\"https:\/\/previews.elleven.digital\/acocearense\/noticia\/grupo-aco-cearense-reforca-projetos-de-tecnologia-durante-a-pandemia\/#primaryimage\"},\"thumbnailUrl\":\"https:\/\/previews.elleven.digital\/acocearense\/wp-content\/uploads\/2025\/05\/projetos-de-tecnologia-scaled.jpg\",\"datePublished\":\"2020-06-09T19:36:31+00:00\",\"dateModified\":\"2025-05-07T19:37:05+00:00\",\"breadcrumb\":{\"@id\":\"https:\/\/previews.elleven.digital\/acocearense\/noticia\/grupo-aco-cearense-reforca-projetos-de-tecnologia-durante-a-pandemia\/#breadcrumb\"},\"inLanguage\":\"en-US\",\"potentialAction\":[{\"@type\":\"ReadAction\",\"target\":[\"https:\/\/previews.elleven.digital\/acocearense\/noticia\/grupo-aco-cearense-reforca-projetos-de-tecnologia-durante-a-pandemia\/\"]}]},{\"@type\":\"ImageObject\",\"inLanguage\":\"en-US\",\"@id\":\"https:\/\/previews.elleven.digital\/acocearense\/noticia\/grupo-aco-cearense-reforca-projetos-de-tecnologia-durante-a-pandemia\/#primaryimage\",\"url\":\"https:\/\/previews.elleven.digital\/acocearense\/wp-content\/uploads\/2025\/05\/projetos-de-tecnologia-scaled.jpg\",\"contentUrl\":\"https:\/\/previews.elleven.digital\/acocearense\/wp-content\/uploads\/2025\/05\/projetos-de-tecnologia-scaled.jpg\",\"width\":2560,\"height\":946},{\"@type\":\"BreadcrumbList\",\"@id\":\"https:\/\/previews.elleven.digital\/acocearense\/noticia\/grupo-aco-cearense-reforca-projetos-de-tecnologia-durante-a-pandemia\/#breadcrumb\",\"itemListElement\":[{\"@type\":\"ListItem\",\"position\":1,\"name\":\"In\u00edcio\",\"item\":\"https:\/\/previews.elleven.digital\/acocearense\/\"},{\"@type\":\"ListItem\",\"position\":2,\"name\":\"Not\u00edcias\",\"item\":\"https:\/\/previews.elleven.digital\/acocearense\/noticias\/\"},{\"@type\":\"ListItem\",\"position\":3,\"name\":\"Grupo A\u00e7o Cearense refor\u00e7a projetos de tecnologia durante a pandemia\"}]},{\"@type\":\"WebSite\",\"@id\":\"https:\/\/previews.elleven.digital\/acocearense\/#website\",\"url\":\"https:\/\/previews.elleven.digital\/acocearense\/\",\"name\":\"A\u00e7o Cearense\",\"description\":\"H\u00e1 mais de 45 anos no mercado brasileiro do a\u00e7o.\",\"alternateName\":\"A\u00e7o Cearense\",\"potentialAction\":[{\"@type\":\"SearchAction\",\"target\":{\"@type\":\"EntryPoint\",\"urlTemplate\":\"https:\/\/previews.elleven.digital\/acocearense\/?s={search_term_string}\"},\"query-input\":{\"@type\":\"PropertyValueSpecification\",\"valueRequired\":true,\"valueName\":\"search_term_string\"}}],\"inLanguage\":\"en-US\"}]}<\/script>\n<!-- \/ Yoast SEO plugin. -->","yoast_head_json":{"title":"Grupo A\u00e7o Cearense refor\u00e7a projetos de tecnologia durante a pandemia - Grupo A\u00e7o Cearense","robots":{"index":"index","follow":"follow","max-snippet":"max-snippet:-1","max-image-preview":"max-image-preview:large","max-video-preview":"max-video-preview:-1"},"canonical":"https:\/\/previews.elleven.digital\/acocearense\/en\/noticia\/grupo-aco-cearense-reforca-projetos-de-tecnologia-durante-a-pandemia\/","og_locale":"en_US","og_type":"article","og_title":"Grupo A\u00e7o Cearense refor\u00e7a projetos de tecnologia durante a pandemia - Grupo A\u00e7o Cearense","og_description":"A pandemia da Covid-19 tornou as pessoas mais receptivas ao uso das tecnologias e investir(...)","og_url":"https:\/\/previews.elleven.digital\/acocearense\/en\/noticia\/grupo-aco-cearense-reforca-projetos-de-tecnologia-durante-a-pandemia\/","og_site_name":"Grupo A\u00e7o Cearense","article_modified_time":"2025-05-07T19:37:05+00:00","og_image":[{"width":2560,"height":946,"url":"https:\/\/previews.elleven.digital\/acocearense\/wp-content\/uploads\/2025\/05\/projetos-de-tecnologia-scaled.jpg","type":"image\/jpeg"}],"twitter_card":"summary_large_image","twitter_misc":{"Est. reading time":"2 minutes"},"schema":{"@context":"https:\/\/schema.org","@graph":[{"@type":"WebPage","@id":"https:\/\/previews.elleven.digital\/acocearense\/noticia\/grupo-aco-cearense-reforca-projetos-de-tecnologia-durante-a-pandemia\/","url":"https:\/\/previews.elleven.digital\/acocearense\/noticia\/grupo-aco-cearense-reforca-projetos-de-tecnologia-durante-a-pandemia\/","name":"Grupo A\u00e7o Cearense refor\u00e7a projetos de tecnologia durante a pandemia - Grupo A\u00e7o Cearense","isPartOf":{"@id":"https:\/\/previews.elleven.digital\/acocearense\/#website"},"primaryImageOfPage":{"@id":"https:\/\/previews.elleven.digital\/acocearense\/noticia\/grupo-aco-cearense-reforca-projetos-de-tecnologia-durante-a-pandemia\/#primaryimage"},"image":{"@id":"https:\/\/previews.elleven.digital\/acocearense\/noticia\/grupo-aco-cearense-reforca-projetos-de-tecnologia-durante-a-pandemia\/#primaryimage"},"thumbnailUrl":"https:\/\/previews.elleven.digital\/acocearense\/wp-content\/uploads\/2025\/05\/projetos-de-tecnologia-scaled.jpg","datePublished":"2020-06-09T19:36:31+00:00","dateModified":"2025-05-07T19:37:05+00:00","breadcrumb":{"@id":"https:\/\/previews.elleven.digital\/acocearense\/noticia\/grupo-aco-cearense-reforca-projetos-de-tecnologia-durante-a-pandemia\/#breadcrumb"},"inLanguage":"en-US","potentialAction":[{"@type":"ReadAction","target":["https:\/\/previews.elleven.digital\/acocearense\/noticia\/grupo-aco-cearense-reforca-projetos-de-tecnologia-durante-a-pandemia\/"]}]},{"@type":"ImageObject","inLanguage":"en-US","@id":"https:\/\/previews.elleven.digital\/acocearense\/noticia\/grupo-aco-cearense-reforca-projetos-de-tecnologia-durante-a-pandemia\/#primaryimage","url":"https:\/\/previews.elleven.digital\/acocearense\/wp-content\/uploads\/2025\/05\/projetos-de-tecnologia-scaled.jpg","contentUrl":"https:\/\/previews.elleven.digital\/acocearense\/wp-content\/uploads\/2025\/05\/projetos-de-tecnologia-scaled.jpg","width":2560,"height":946},{"@type":"BreadcrumbList","@id":"https:\/\/previews.elleven.digital\/acocearense\/noticia\/grupo-aco-cearense-reforca-projetos-de-tecnologia-durante-a-pandemia\/#breadcrumb","itemListElement":[{"@type":"ListItem","position":1,"name":"In\u00edcio","item":"https:\/\/previews.elleven.digital\/acocearense\/"},{"@type":"ListItem","position":2,"name":"Not\u00edcias","item":"https:\/\/previews.elleven.digital\/acocearense\/noticias\/"},{"@type":"ListItem","position":3,"name":"Grupo A\u00e7o Cearense refor\u00e7a projetos de tecnologia durante a pandemia"}]},{"@type":"WebSite","@id":"https:\/\/previews.elleven.digital\/acocearense\/#website","url":"https:\/\/previews.elleven.digital\/acocearense\/","name":"Cear\u00e1 Steel","description":"We have been in the Brazilian steel market for over 45 years.","alternateName":"A\u00e7o Cearense","potentialAction":[{"@type":"SearchAction","target":{"@type":"EntryPoint","urlTemplate":"https:\/\/previews.elleven.digital\/acocearense\/?s={search_term_string}"},"query-input":{"@type":"PropertyValueSpecification","valueRequired":true,"valueName":"search_term_string"}}],"inLanguage":"en-US"}]}},"_links":{"self":[{"href":"https:\/\/previews.elleven.digital\/acocearense\/en\/wp-json\/wp\/v2\/noticia\/2017","targetHints":{"allow":["GET"]}}],"collection":[{"href":"https:\/\/previews.elleven.digital\/acocearense\/en\/wp-json\/wp\/v2\/noticia"}],"about":[{"href":"https:\/\/previews.elleven.digital\/acocearense\/en\/wp-json\/wp\/v2\/types\/noticia"}],"wp:featuredmedia":[{"embeddable":true,"href":"https:\/\/previews.elleven.digital\/acocearense\/en\/wp-json\/wp\/v2\/media\/1995"}],"wp:attachment":[{"href":"https:\/\/previews.elleven.digital\/acocearense\/en\/wp-json\/wp\/v2\/media?parent=2017"}],"wp:term":[{"taxonomy":"categoria-noticia","embeddable":true,"href":"https:\/\/previews.elleven.digital\/acocearense\/en\/wp-json\/wp\/v2\/categoria-noticia?post=2017"}],"curies":[{"name":"wp","href":"https:\/\/api.w.org\/{rel}","templated":true}]}}