{"id":2016,"date":"2020-06-18T16:36:04","date_gmt":"2020-06-18T19:36:04","guid":{"rendered":"https:\/\/previews.elleven.digital\/acocearense\/?post_type=noticia&#038;p=2016"},"modified":"2025-05-07T16:36:29","modified_gmt":"2025-05-07T19:36:29","slug":"grupo-aco-cearense-em-um-dos-maiores-encontros-digitais-sobre-ti","status":"publish","type":"noticia","link":"https:\/\/previews.elleven.digital\/acocearense\/en\/noticia\/grupo-aco-cearense-em-um-dos-maiores-encontros-digitais-sobre-ti\/","title":{"rendered":"A\u00e7o Cearense Group at one of the largest digital IT meetings"},"content":{"rendered":"<p>Given the new paths taken with the onset of the novel coronavirus pandemic, business and training models are being readapted for the digital world. With this in mind, and always alert to opportunities to discuss the sector&#039;s new directions, Grupo A\u00e7o Cearense managers Cinthia Cavalcanti, Director of Organizational Development and IT, and Vin\u00edcius Amanaj\u00e1s, IT Manager, participated in the IT Forum, held from June 11th to 13th by IT M\u00eddia.<\/p>\n<p>Focusing on the post-pandemic situation, the digital edition of the IT Forum had as its central theme &quot;The empire of convenience - the digital economy has accelerated, what now?&quot;, bringing together 300 CIOs from the 1,000 largest Brazilian companies. &quot;This edition of the IT Forum was a new experience for us in terms of the digital world.<\/p>\n<p><img loading=\"lazy\" decoding=\"async\" class=\"size-medium wp-image-7947 aligncenter\" src=\"https:\/\/previews.elleven.digital\/acocearense\/wp-content\/uploads\/2020\/07\/unnamed-1-300x225.jpg\" sizes=\"auto, (max-width: 300px) 100vw, 300px\" srcset=\"https:\/\/previews.elleven.digital\/acocearense\/wp-content\/uploads\/2020\/07\/unnamed-1-300x225.jpg 300w, https:\/\/previews.elleven.digital\/acocearense\/wp-content\/uploads\/2020\/07\/unnamed-1-768x576.jpg 768w, https:\/\/previews.elleven.digital\/acocearense\/wp-content\/uploads\/2020\/07\/unnamed-1-1024x768.jpg 1024w, https:\/\/previews.elleven.digital\/acocearense\/wp-content\/uploads\/2020\/07\/unnamed-1.jpg 1280w\" alt=\"\" width=\"300\" height=\"225\" \/><\/p>\n<p>We connected with suppliers and expanded our network, all virtually. This meeting format helped us reflect on the current situation and the next steps we can take by adopting new technologies to add value to the customer and company journey. Everything shows us that technology is also a basic business need,&quot; emphasizes Vin\u00edcius Amanaj\u00e1s.<\/p>\n<p>For Director Cinthia Cavalcanti, this adaptation brings new perspectives to business models. &quot;Digital technology was already a reality before the pandemic. But now we&#039;re using these formats more and better, and we can indeed learn important lessons from this moment, as well as adopt new digital formats, breaking paradigms we insisted on reinforcing,&quot; she explains.<\/p>\n<p><img loading=\"lazy\" decoding=\"async\" class=\"size-medium wp-image-7948 aligncenter\" src=\"https:\/\/previews.elleven.digital\/acocearense\/wp-content\/uploads\/2020\/07\/unnamed-1-1-204x300.jpg\" sizes=\"auto, (max-width: 204px) 100vw, 204px\" srcset=\"https:\/\/previews.elleven.digital\/acocearense\/wp-content\/uploads\/2020\/07\/unnamed-1-1-204x300.jpg 204w, https:\/\/previews.elleven.digital\/acocearense\/wp-content\/uploads\/2020\/07\/unnamed-1-1.jpg 473w\" alt=\"\" width=\"204\" height=\"300\" \/><\/p>","protected":false},"featured_media":1996,"template":"","meta":{"_acf_changed":false,"inline_featured_image":false},"categoria-noticia":[],"class_list":["post-2016","noticia","type-noticia","status-publish","has-post-thumbnail","hentry"],"acf":{"link":""},"yoast_head":"<!-- This site is optimized with the Yoast SEO plugin v25.9 - https:\/\/yoast.com\/wordpress\/plugins\/seo\/ -->\n<title>Grupo A\u00e7o Cearense em um dos maiores encontros digitais sobre TI - Grupo A\u00e7o Cearense<\/title>\n<meta name=\"robots\" content=\"index, follow, max-snippet:-1, max-image-preview:large, max-video-preview:-1\" \/>\n<link rel=\"canonical\" href=\"https:\/\/previews.elleven.digital\/acocearense\/en\/noticia\/grupo-aco-cearense-em-um-dos-maiores-encontros-digitais-sobre-ti\/\" \/>\n<meta property=\"og:locale\" content=\"en_US\" \/>\n<meta property=\"og:type\" content=\"article\" \/>\n<meta property=\"og:title\" content=\"Grupo A\u00e7o Cearense em um dos maiores encontros digitais sobre TI - Grupo A\u00e7o Cearense\" \/>\n<meta property=\"og:description\" content=\"A partir dos novos caminhos tomados com o in\u00edcio da pandemia do novo coronav\u00edrus, os(...)\" \/>\n<meta property=\"og:url\" content=\"https:\/\/previews.elleven.digital\/acocearense\/en\/noticia\/grupo-aco-cearense-em-um-dos-maiores-encontros-digitais-sobre-ti\/\" \/>\n<meta property=\"og:site_name\" content=\"Grupo A\u00e7o Cearense\" \/>\n<meta property=\"article:modified_time\" content=\"2025-05-07T19:36:29+00:00\" \/>\n<meta property=\"og:image\" content=\"https:\/\/previews.elleven.digital\/acocearense\/wp-content\/uploads\/2025\/05\/imperio.jpg\" \/>\n\t<meta property=\"og:image:width\" content=\"1200\" \/>\n\t<meta property=\"og:image:height\" content=\"674\" \/>\n\t<meta property=\"og:image:type\" content=\"image\/jpeg\" \/>\n<meta name=\"twitter:card\" content=\"summary_large_image\" \/>\n<meta name=\"twitter:label1\" content=\"Est. reading time\" \/>\n\t<meta name=\"twitter:data1\" content=\"2 minutes\" \/>\n<script type=\"application\/ld+json\" class=\"yoast-schema-graph\">{\"@context\":\"https:\/\/schema.org\",\"@graph\":[{\"@type\":\"WebPage\",\"@id\":\"https:\/\/previews.elleven.digital\/acocearense\/noticia\/grupo-aco-cearense-em-um-dos-maiores-encontros-digitais-sobre-ti\/\",\"url\":\"https:\/\/previews.elleven.digital\/acocearense\/noticia\/grupo-aco-cearense-em-um-dos-maiores-encontros-digitais-sobre-ti\/\",\"name\":\"Grupo A\u00e7o Cearense em um dos maiores encontros digitais sobre TI - Grupo A\u00e7o Cearense\",\"isPartOf\":{\"@id\":\"https:\/\/previews.elleven.digital\/acocearense\/#website\"},\"primaryImageOfPage\":{\"@id\":\"https:\/\/previews.elleven.digital\/acocearense\/noticia\/grupo-aco-cearense-em-um-dos-maiores-encontros-digitais-sobre-ti\/#primaryimage\"},\"image\":{\"@id\":\"https:\/\/previews.elleven.digital\/acocearense\/noticia\/grupo-aco-cearense-em-um-dos-maiores-encontros-digitais-sobre-ti\/#primaryimage\"},\"thumbnailUrl\":\"https:\/\/previews.elleven.digital\/acocearense\/wp-content\/uploads\/2025\/05\/imperio.jpg\",\"datePublished\":\"2020-06-18T19:36:04+00:00\",\"dateModified\":\"2025-05-07T19:36:29+00:00\",\"breadcrumb\":{\"@id\":\"https:\/\/previews.elleven.digital\/acocearense\/noticia\/grupo-aco-cearense-em-um-dos-maiores-encontros-digitais-sobre-ti\/#breadcrumb\"},\"inLanguage\":\"en-US\",\"potentialAction\":[{\"@type\":\"ReadAction\",\"target\":[\"https:\/\/previews.elleven.digital\/acocearense\/noticia\/grupo-aco-cearense-em-um-dos-maiores-encontros-digitais-sobre-ti\/\"]}]},{\"@type\":\"ImageObject\",\"inLanguage\":\"en-US\",\"@id\":\"https:\/\/previews.elleven.digital\/acocearense\/noticia\/grupo-aco-cearense-em-um-dos-maiores-encontros-digitais-sobre-ti\/#primaryimage\",\"url\":\"https:\/\/previews.elleven.digital\/acocearense\/wp-content\/uploads\/2025\/05\/imperio.jpg\",\"contentUrl\":\"https:\/\/previews.elleven.digital\/acocearense\/wp-content\/uploads\/2025\/05\/imperio.jpg\",\"width\":1200,\"height\":674},{\"@type\":\"BreadcrumbList\",\"@id\":\"https:\/\/previews.elleven.digital\/acocearense\/noticia\/grupo-aco-cearense-em-um-dos-maiores-encontros-digitais-sobre-ti\/#breadcrumb\",\"itemListElement\":[{\"@type\":\"ListItem\",\"position\":1,\"name\":\"In\u00edcio\",\"item\":\"https:\/\/previews.elleven.digital\/acocearense\/\"},{\"@type\":\"ListItem\",\"position\":2,\"name\":\"Not\u00edcias\",\"item\":\"https:\/\/previews.elleven.digital\/acocearense\/noticias\/\"},{\"@type\":\"ListItem\",\"position\":3,\"name\":\"Grupo A\u00e7o Cearense em um dos maiores encontros digitais sobre TI\"}]},{\"@type\":\"WebSite\",\"@id\":\"https:\/\/previews.elleven.digital\/acocearense\/#website\",\"url\":\"https:\/\/previews.elleven.digital\/acocearense\/\",\"name\":\"A\u00e7o Cearense\",\"description\":\"H\u00e1 mais de 45 anos no mercado brasileiro do a\u00e7o.\",\"alternateName\":\"A\u00e7o Cearense\",\"potentialAction\":[{\"@type\":\"SearchAction\",\"target\":{\"@type\":\"EntryPoint\",\"urlTemplate\":\"https:\/\/previews.elleven.digital\/acocearense\/?s={search_term_string}\"},\"query-input\":{\"@type\":\"PropertyValueSpecification\",\"valueRequired\":true,\"valueName\":\"search_term_string\"}}],\"inLanguage\":\"en-US\"}]}<\/script>\n<!-- \/ Yoast SEO plugin. -->","yoast_head_json":{"title":"Grupo A\u00e7o Cearense em um dos maiores encontros digitais sobre TI - Grupo A\u00e7o Cearense","robots":{"index":"index","follow":"follow","max-snippet":"max-snippet:-1","max-image-preview":"max-image-preview:large","max-video-preview":"max-video-preview:-1"},"canonical":"https:\/\/previews.elleven.digital\/acocearense\/en\/noticia\/grupo-aco-cearense-em-um-dos-maiores-encontros-digitais-sobre-ti\/","og_locale":"en_US","og_type":"article","og_title":"Grupo A\u00e7o Cearense em um dos maiores encontros digitais sobre TI - Grupo A\u00e7o Cearense","og_description":"A partir dos novos caminhos tomados com o in\u00edcio da pandemia do novo coronav\u00edrus, os(...)","og_url":"https:\/\/previews.elleven.digital\/acocearense\/en\/noticia\/grupo-aco-cearense-em-um-dos-maiores-encontros-digitais-sobre-ti\/","og_site_name":"Grupo A\u00e7o Cearense","article_modified_time":"2025-05-07T19:36:29+00:00","og_image":[{"width":1200,"height":674,"url":"https:\/\/previews.elleven.digital\/acocearense\/wp-content\/uploads\/2025\/05\/imperio.jpg","type":"image\/jpeg"}],"twitter_card":"summary_large_image","twitter_misc":{"Est. reading time":"2 minutes"},"schema":{"@context":"https:\/\/schema.org","@graph":[{"@type":"WebPage","@id":"https:\/\/previews.elleven.digital\/acocearense\/noticia\/grupo-aco-cearense-em-um-dos-maiores-encontros-digitais-sobre-ti\/","url":"https:\/\/previews.elleven.digital\/acocearense\/noticia\/grupo-aco-cearense-em-um-dos-maiores-encontros-digitais-sobre-ti\/","name":"Grupo A\u00e7o Cearense em um dos maiores encontros digitais sobre TI - Grupo A\u00e7o Cearense","isPartOf":{"@id":"https:\/\/previews.elleven.digital\/acocearense\/#website"},"primaryImageOfPage":{"@id":"https:\/\/previews.elleven.digital\/acocearense\/noticia\/grupo-aco-cearense-em-um-dos-maiores-encontros-digitais-sobre-ti\/#primaryimage"},"image":{"@id":"https:\/\/previews.elleven.digital\/acocearense\/noticia\/grupo-aco-cearense-em-um-dos-maiores-encontros-digitais-sobre-ti\/#primaryimage"},"thumbnailUrl":"https:\/\/previews.elleven.digital\/acocearense\/wp-content\/uploads\/2025\/05\/imperio.jpg","datePublished":"2020-06-18T19:36:04+00:00","dateModified":"2025-05-07T19:36:29+00:00","breadcrumb":{"@id":"https:\/\/previews.elleven.digital\/acocearense\/noticia\/grupo-aco-cearense-em-um-dos-maiores-encontros-digitais-sobre-ti\/#breadcrumb"},"inLanguage":"en-US","potentialAction":[{"@type":"ReadAction","target":["https:\/\/previews.elleven.digital\/acocearense\/noticia\/grupo-aco-cearense-em-um-dos-maiores-encontros-digitais-sobre-ti\/"]}]},{"@type":"ImageObject","inLanguage":"en-US","@id":"https:\/\/previews.elleven.digital\/acocearense\/noticia\/grupo-aco-cearense-em-um-dos-maiores-encontros-digitais-sobre-ti\/#primaryimage","url":"https:\/\/previews.elleven.digital\/acocearense\/wp-content\/uploads\/2025\/05\/imperio.jpg","contentUrl":"https:\/\/previews.elleven.digital\/acocearense\/wp-content\/uploads\/2025\/05\/imperio.jpg","width":1200,"height":674},{"@type":"BreadcrumbList","@id":"https:\/\/previews.elleven.digital\/acocearense\/noticia\/grupo-aco-cearense-em-um-dos-maiores-encontros-digitais-sobre-ti\/#breadcrumb","itemListElement":[{"@type":"ListItem","position":1,"name":"In\u00edcio","item":"https:\/\/previews.elleven.digital\/acocearense\/"},{"@type":"ListItem","position":2,"name":"Not\u00edcias","item":"https:\/\/previews.elleven.digital\/acocearense\/noticias\/"},{"@type":"ListItem","position":3,"name":"Grupo A\u00e7o Cearense em um dos maiores encontros digitais sobre TI"}]},{"@type":"WebSite","@id":"https:\/\/previews.elleven.digital\/acocearense\/#website","url":"https:\/\/previews.elleven.digital\/acocearense\/","name":"Cear\u00e1 Steel","description":"We have been in the Brazilian steel market for over 45 years.","alternateName":"A\u00e7o Cearense","potentialAction":[{"@type":"SearchAction","target":{"@type":"EntryPoint","urlTemplate":"https:\/\/previews.elleven.digital\/acocearense\/?s={search_term_string}"},"query-input":{"@type":"PropertyValueSpecification","valueRequired":true,"valueName":"search_term_string"}}],"inLanguage":"en-US"}]}},"_links":{"self":[{"href":"https:\/\/previews.elleven.digital\/acocearense\/en\/wp-json\/wp\/v2\/noticia\/2016","targetHints":{"allow":["GET"]}}],"collection":[{"href":"https:\/\/previews.elleven.digital\/acocearense\/en\/wp-json\/wp\/v2\/noticia"}],"about":[{"href":"https:\/\/previews.elleven.digital\/acocearense\/en\/wp-json\/wp\/v2\/types\/noticia"}],"wp:featuredmedia":[{"embeddable":true,"href":"https:\/\/previews.elleven.digital\/acocearense\/en\/wp-json\/wp\/v2\/media\/1996"}],"wp:attachment":[{"href":"https:\/\/previews.elleven.digital\/acocearense\/en\/wp-json\/wp\/v2\/media?parent=2016"}],"wp:term":[{"taxonomy":"categoria-noticia","embeddable":true,"href":"https:\/\/previews.elleven.digital\/acocearense\/en\/wp-json\/wp\/v2\/categoria-noticia?post=2016"}],"curies":[{"name":"wp","href":"https:\/\/api.w.org\/{rel}","templated":true}]}}