{"id":2010,"date":"2020-05-14T16:34:37","date_gmt":"2020-05-14T19:34:37","guid":{"rendered":"https:\/\/previews.elleven.digital\/acocearense\/?post_type=noticia&#038;p=2010"},"modified":"2025-05-07T16:35:08","modified_gmt":"2025-05-07T19:35:08","slug":"live-em-homenagem-as-maes-foi-um-sucesso","status":"publish","type":"noticia","link":"https:\/\/previews.elleven.digital\/acocearense\/en\/noticia\/live-em-homenagem-as-maes-foi-um-sucesso\/","title":{"rendered":"Live in honor of mothers was a success!"},"content":{"rendered":"<p>The A\u00e7o Cearense Group held a charity livestream on Saturday (9) to honor and help struggling mothers. In total, more than 1,600 people watched the broadcast on Instagram, and more than 4,200 viewed it in the following 24 hours via stories. Donations, via bank transfer and the Picpay app, totaled 5.7 tons of food. The A\u00e7o Cearense Institute will double this amount, totaling 11.4 tons of food for the institutions supported by the A\u00e7o Cearense Institute. One thousand masks were also donated and will be distributed to needy families served by the Institute.<br \/>\nOf particular note was the way in which Jacqueane Martins, SINOBRAS&#039;s Reducer Supply Manager, managed the campaign and engaged a large portion of the donations. She called several contacts, employees, and suppliers of the company, asking for help and explaining how to donate. They all said yes, and she managed to collect almost 4 tons of food.<em>\u00a0&quot;I was already going to donate, but I was motivated to do more to benefit a large number of people. I did it from the heart, and I know that helping others is a very important mission.&quot;<\/em>, said Jacqueane.<\/p>\n<p><img loading=\"lazy\" decoding=\"async\" class=\"size-full wp-image-7937 aligncenter\" src=\"https:\/\/previews.elleven.digital\/acocearense\/wp-content\/uploads\/2020\/07\/maes.png\" sizes=\"auto, (max-width: 300px) 100vw, 300px\" srcset=\"https:\/\/previews.elleven.digital\/acocearense\/wp-content\/uploads\/2020\/07\/maes.png 300w, https:\/\/previews.elleven.digital\/acocearense\/wp-content\/uploads\/2020\/07\/maes-150x150.png 150w\" alt=\"\" width=\"300\" height=\"300\" \/><br \/>\nDuring the livestream, Aline Ferreira, the Group&#039;s Vice President of Sales and Finance, invited Marcela Fabr\u00edcio, Consultant and Image Coach, to discuss &quot;Being a Woman and the Transformative Potential of Motherhood.&quot; Next, Rosemeire Matos, President of the A\u00e7o Cearense Institute and Administrative Director of the A\u00e7o Cearense Group, spoke about the importance of helping those in need. Finally, singer Waldonys paid special tribute to mothers, performing songs with vocals and accordion.<\/p>","protected":false},"featured_media":1998,"template":"","meta":{"_acf_changed":false,"inline_featured_image":false},"categoria-noticia":[],"class_list":["post-2010","noticia","type-noticia","status-publish","has-post-thumbnail","hentry"],"acf":{"link":""},"yoast_head":"<!-- This site is optimized with the Yoast SEO plugin v25.9 - https:\/\/yoast.com\/wordpress\/plugins\/seo\/ -->\n<title>Live em homenagem \u00e0s m\u00e3es foi um sucesso! - Grupo A\u00e7o Cearense<\/title>\n<meta name=\"robots\" content=\"index, follow, max-snippet:-1, max-image-preview:large, max-video-preview:-1\" \/>\n<link rel=\"canonical\" href=\"https:\/\/previews.elleven.digital\/acocearense\/en\/noticia\/live-em-homenagem-as-maes-foi-um-sucesso\/\" \/>\n<meta property=\"og:locale\" content=\"en_US\" \/>\n<meta property=\"og:type\" content=\"article\" \/>\n<meta property=\"og:title\" content=\"Live em homenagem \u00e0s m\u00e3es foi um sucesso! - Grupo A\u00e7o Cearense\" \/>\n<meta property=\"og:description\" content=\"O Grupo A\u00e7o Cearense promoveu uma Live Beneficente no s\u00e1bado (9) para homenagear e ajudar(...)\" \/>\n<meta property=\"og:url\" content=\"https:\/\/previews.elleven.digital\/acocearense\/en\/noticia\/live-em-homenagem-as-maes-foi-um-sucesso\/\" \/>\n<meta property=\"og:site_name\" content=\"Grupo A\u00e7o Cearense\" \/>\n<meta property=\"article:modified_time\" content=\"2025-05-07T19:35:08+00:00\" \/>\n<meta property=\"og:image\" content=\"https:\/\/previews.elleven.digital\/acocearense\/wp-content\/uploads\/2025\/05\/dia-das-maes.jpg\" \/>\n\t<meta property=\"og:image:width\" content=\"2542\" \/>\n\t<meta property=\"og:image:height\" content=\"1307\" \/>\n\t<meta property=\"og:image:type\" content=\"image\/jpeg\" \/>\n<meta name=\"twitter:card\" content=\"summary_large_image\" \/>\n<meta name=\"twitter:label1\" content=\"Est. reading time\" \/>\n\t<meta name=\"twitter:data1\" content=\"2 minutes\" \/>\n<script type=\"application\/ld+json\" class=\"yoast-schema-graph\">{\"@context\":\"https:\/\/schema.org\",\"@graph\":[{\"@type\":\"WebPage\",\"@id\":\"https:\/\/previews.elleven.digital\/acocearense\/noticia\/live-em-homenagem-as-maes-foi-um-sucesso\/\",\"url\":\"https:\/\/previews.elleven.digital\/acocearense\/noticia\/live-em-homenagem-as-maes-foi-um-sucesso\/\",\"name\":\"Live em homenagem \u00e0s m\u00e3es foi um sucesso! - Grupo A\u00e7o Cearense\",\"isPartOf\":{\"@id\":\"https:\/\/previews.elleven.digital\/acocearense\/#website\"},\"primaryImageOfPage\":{\"@id\":\"https:\/\/previews.elleven.digital\/acocearense\/noticia\/live-em-homenagem-as-maes-foi-um-sucesso\/#primaryimage\"},\"image\":{\"@id\":\"https:\/\/previews.elleven.digital\/acocearense\/noticia\/live-em-homenagem-as-maes-foi-um-sucesso\/#primaryimage\"},\"thumbnailUrl\":\"https:\/\/previews.elleven.digital\/acocearense\/wp-content\/uploads\/2025\/05\/dia-das-maes.jpg\",\"datePublished\":\"2020-05-14T19:34:37+00:00\",\"dateModified\":\"2025-05-07T19:35:08+00:00\",\"breadcrumb\":{\"@id\":\"https:\/\/previews.elleven.digital\/acocearense\/noticia\/live-em-homenagem-as-maes-foi-um-sucesso\/#breadcrumb\"},\"inLanguage\":\"en-US\",\"potentialAction\":[{\"@type\":\"ReadAction\",\"target\":[\"https:\/\/previews.elleven.digital\/acocearense\/noticia\/live-em-homenagem-as-maes-foi-um-sucesso\/\"]}]},{\"@type\":\"ImageObject\",\"inLanguage\":\"en-US\",\"@id\":\"https:\/\/previews.elleven.digital\/acocearense\/noticia\/live-em-homenagem-as-maes-foi-um-sucesso\/#primaryimage\",\"url\":\"https:\/\/previews.elleven.digital\/acocearense\/wp-content\/uploads\/2025\/05\/dia-das-maes.jpg\",\"contentUrl\":\"https:\/\/previews.elleven.digital\/acocearense\/wp-content\/uploads\/2025\/05\/dia-das-maes.jpg\",\"width\":2542,\"height\":1307},{\"@type\":\"BreadcrumbList\",\"@id\":\"https:\/\/previews.elleven.digital\/acocearense\/noticia\/live-em-homenagem-as-maes-foi-um-sucesso\/#breadcrumb\",\"itemListElement\":[{\"@type\":\"ListItem\",\"position\":1,\"name\":\"In\u00edcio\",\"item\":\"https:\/\/previews.elleven.digital\/acocearense\/\"},{\"@type\":\"ListItem\",\"position\":2,\"name\":\"Not\u00edcias\",\"item\":\"https:\/\/previews.elleven.digital\/acocearense\/noticias\/\"},{\"@type\":\"ListItem\",\"position\":3,\"name\":\"Live em homenagem \u00e0s m\u00e3es foi um sucesso!\"}]},{\"@type\":\"WebSite\",\"@id\":\"https:\/\/previews.elleven.digital\/acocearense\/#website\",\"url\":\"https:\/\/previews.elleven.digital\/acocearense\/\",\"name\":\"A\u00e7o Cearense\",\"description\":\"H\u00e1 mais de 45 anos no mercado brasileiro do a\u00e7o.\",\"alternateName\":\"A\u00e7o Cearense\",\"potentialAction\":[{\"@type\":\"SearchAction\",\"target\":{\"@type\":\"EntryPoint\",\"urlTemplate\":\"https:\/\/previews.elleven.digital\/acocearense\/?s={search_term_string}\"},\"query-input\":{\"@type\":\"PropertyValueSpecification\",\"valueRequired\":true,\"valueName\":\"search_term_string\"}}],\"inLanguage\":\"en-US\"}]}<\/script>\n<!-- \/ Yoast SEO plugin. -->","yoast_head_json":{"title":"Live em homenagem \u00e0s m\u00e3es foi um sucesso! - Grupo A\u00e7o Cearense","robots":{"index":"index","follow":"follow","max-snippet":"max-snippet:-1","max-image-preview":"max-image-preview:large","max-video-preview":"max-video-preview:-1"},"canonical":"https:\/\/previews.elleven.digital\/acocearense\/en\/noticia\/live-em-homenagem-as-maes-foi-um-sucesso\/","og_locale":"en_US","og_type":"article","og_title":"Live em homenagem \u00e0s m\u00e3es foi um sucesso! - Grupo A\u00e7o Cearense","og_description":"O Grupo A\u00e7o Cearense promoveu uma Live Beneficente no s\u00e1bado (9) para homenagear e ajudar(...)","og_url":"https:\/\/previews.elleven.digital\/acocearense\/en\/noticia\/live-em-homenagem-as-maes-foi-um-sucesso\/","og_site_name":"Grupo A\u00e7o Cearense","article_modified_time":"2025-05-07T19:35:08+00:00","og_image":[{"width":2542,"height":1307,"url":"https:\/\/previews.elleven.digital\/acocearense\/wp-content\/uploads\/2025\/05\/dia-das-maes.jpg","type":"image\/jpeg"}],"twitter_card":"summary_large_image","twitter_misc":{"Est. reading time":"2 minutes"},"schema":{"@context":"https:\/\/schema.org","@graph":[{"@type":"WebPage","@id":"https:\/\/previews.elleven.digital\/acocearense\/noticia\/live-em-homenagem-as-maes-foi-um-sucesso\/","url":"https:\/\/previews.elleven.digital\/acocearense\/noticia\/live-em-homenagem-as-maes-foi-um-sucesso\/","name":"Live em homenagem \u00e0s m\u00e3es foi um sucesso! - Grupo A\u00e7o Cearense","isPartOf":{"@id":"https:\/\/previews.elleven.digital\/acocearense\/#website"},"primaryImageOfPage":{"@id":"https:\/\/previews.elleven.digital\/acocearense\/noticia\/live-em-homenagem-as-maes-foi-um-sucesso\/#primaryimage"},"image":{"@id":"https:\/\/previews.elleven.digital\/acocearense\/noticia\/live-em-homenagem-as-maes-foi-um-sucesso\/#primaryimage"},"thumbnailUrl":"https:\/\/previews.elleven.digital\/acocearense\/wp-content\/uploads\/2025\/05\/dia-das-maes.jpg","datePublished":"2020-05-14T19:34:37+00:00","dateModified":"2025-05-07T19:35:08+00:00","breadcrumb":{"@id":"https:\/\/previews.elleven.digital\/acocearense\/noticia\/live-em-homenagem-as-maes-foi-um-sucesso\/#breadcrumb"},"inLanguage":"en-US","potentialAction":[{"@type":"ReadAction","target":["https:\/\/previews.elleven.digital\/acocearense\/noticia\/live-em-homenagem-as-maes-foi-um-sucesso\/"]}]},{"@type":"ImageObject","inLanguage":"en-US","@id":"https:\/\/previews.elleven.digital\/acocearense\/noticia\/live-em-homenagem-as-maes-foi-um-sucesso\/#primaryimage","url":"https:\/\/previews.elleven.digital\/acocearense\/wp-content\/uploads\/2025\/05\/dia-das-maes.jpg","contentUrl":"https:\/\/previews.elleven.digital\/acocearense\/wp-content\/uploads\/2025\/05\/dia-das-maes.jpg","width":2542,"height":1307},{"@type":"BreadcrumbList","@id":"https:\/\/previews.elleven.digital\/acocearense\/noticia\/live-em-homenagem-as-maes-foi-um-sucesso\/#breadcrumb","itemListElement":[{"@type":"ListItem","position":1,"name":"In\u00edcio","item":"https:\/\/previews.elleven.digital\/acocearense\/"},{"@type":"ListItem","position":2,"name":"Not\u00edcias","item":"https:\/\/previews.elleven.digital\/acocearense\/noticias\/"},{"@type":"ListItem","position":3,"name":"Live em homenagem \u00e0s m\u00e3es foi um sucesso!"}]},{"@type":"WebSite","@id":"https:\/\/previews.elleven.digital\/acocearense\/#website","url":"https:\/\/previews.elleven.digital\/acocearense\/","name":"Cear\u00e1 Steel","description":"We have been in the Brazilian steel market for over 45 years.","alternateName":"A\u00e7o Cearense","potentialAction":[{"@type":"SearchAction","target":{"@type":"EntryPoint","urlTemplate":"https:\/\/previews.elleven.digital\/acocearense\/?s={search_term_string}"},"query-input":{"@type":"PropertyValueSpecification","valueRequired":true,"valueName":"search_term_string"}}],"inLanguage":"en-US"}]}},"_links":{"self":[{"href":"https:\/\/previews.elleven.digital\/acocearense\/en\/wp-json\/wp\/v2\/noticia\/2010","targetHints":{"allow":["GET"]}}],"collection":[{"href":"https:\/\/previews.elleven.digital\/acocearense\/en\/wp-json\/wp\/v2\/noticia"}],"about":[{"href":"https:\/\/previews.elleven.digital\/acocearense\/en\/wp-json\/wp\/v2\/types\/noticia"}],"wp:featuredmedia":[{"embeddable":true,"href":"https:\/\/previews.elleven.digital\/acocearense\/en\/wp-json\/wp\/v2\/media\/1998"}],"wp:attachment":[{"href":"https:\/\/previews.elleven.digital\/acocearense\/en\/wp-json\/wp\/v2\/media?parent=2010"}],"wp:term":[{"taxonomy":"categoria-noticia","embeddable":true,"href":"https:\/\/previews.elleven.digital\/acocearense\/en\/wp-json\/wp\/v2\/categoria-noticia?post=2010"}],"curies":[{"name":"wp","href":"https:\/\/api.w.org\/{rel}","templated":true}]}}