{"id":1990,"date":"2020-02-05T16:25:44","date_gmt":"2020-02-05T19:25:44","guid":{"rendered":"https:\/\/previews.elleven.digital\/acocearense\/?post_type=noticia&#038;p=1990"},"modified":"2025-05-07T16:26:04","modified_gmt":"2025-05-07T19:26:04","slug":"instituto-aco-cearense-em-acao-atleta-patrocinado-e-homenageado","status":"publish","type":"noticia","link":"https:\/\/previews.elleven.digital\/acocearense\/en\/noticia\/instituto-aco-cearense-em-acao-atleta-patrocinado-e-homenageado\/","title":{"rendered":"Cear\u00e1 Steel Institute in Action \u2013 Sponsored athlete is honored"},"content":{"rendered":"<p>IAC-supported athlete Jonathan Benvindo achieved 1st place in the Karate Ranking, released by the Cear\u00e1 Karate Federation. Jonathan was one of the honorees on Friday (31) during the Best of the Year 2019 party, which the entity promoted, at Mans\u00e3o Dunas. He received three decorations: National Highlight, International Highlight and Ranking Champion.<br \/>\n<img loading=\"lazy\" decoding=\"async\" class=\"size-medium wp-image-7065 aligncenter\" src=\"https:\/\/grupoacocearense.com.br\/wp-content\/uploads\/2020\/03\/unnamed-3-300x199.jpg\" alt=\"atleta em a\u00e7\u00e3o\" width=\"300\" height=\"199\" \/><br \/>\nLuiz Carlos Cardoso, president of the Cear\u00e1 Karate Federation, said the young man is a highly regarded talent for Cear\u00e1. &quot;This isn&#039;t the first time he&#039;s placed high in the rankings and been honored by the Federation. He&#039;s an excellent athlete with a promising future,&quot; the president commented.<\/p>","protected":false},"featured_media":1978,"template":"","meta":{"_acf_changed":false,"inline_featured_image":false},"categoria-noticia":[],"class_list":["post-1990","noticia","type-noticia","status-publish","has-post-thumbnail","hentry"],"acf":{"link":""},"yoast_head":"<!-- This site is optimized with the Yoast SEO plugin v25.9 - https:\/\/yoast.com\/wordpress\/plugins\/seo\/ -->\n<title>Instituto A\u00e7o Cearense em A\u00e7\u00e3o \u2013 Atleta patrocinado \u00e9 homenageado - Grupo A\u00e7o Cearense<\/title>\n<meta name=\"robots\" content=\"index, follow, max-snippet:-1, max-image-preview:large, max-video-preview:-1\" \/>\n<link rel=\"canonical\" href=\"https:\/\/previews.elleven.digital\/acocearense\/en\/noticia\/instituto-aco-cearense-em-acao-atleta-patrocinado-e-homenageado\/\" \/>\n<meta property=\"og:locale\" content=\"en_US\" \/>\n<meta property=\"og:type\" content=\"article\" \/>\n<meta property=\"og:title\" content=\"Instituto A\u00e7o Cearense em A\u00e7\u00e3o \u2013 Atleta patrocinado \u00e9 homenageado - Grupo A\u00e7o Cearense\" \/>\n<meta property=\"og:description\" content=\"O atleta apoiado pelo IAC, Jonathan Benvindo, alcan\u00e7ou o 1\u00ba lugar no Ranking de Karat\u00ea,(...)\" \/>\n<meta property=\"og:url\" content=\"https:\/\/previews.elleven.digital\/acocearense\/en\/noticia\/instituto-aco-cearense-em-acao-atleta-patrocinado-e-homenageado\/\" \/>\n<meta property=\"og:site_name\" content=\"Grupo A\u00e7o Cearense\" \/>\n<meta property=\"article:modified_time\" content=\"2025-05-07T19:26:04+00:00\" \/>\n<meta property=\"og:image\" content=\"https:\/\/previews.elleven.digital\/acocearense\/wp-content\/uploads\/2025\/05\/unnamed-4-1.jpg\" \/>\n\t<meta property=\"og:image:width\" content=\"658\" \/>\n\t<meta property=\"og:image:height\" content=\"544\" \/>\n\t<meta property=\"og:image:type\" content=\"image\/jpeg\" \/>\n<meta name=\"twitter:card\" content=\"summary_large_image\" \/>\n<meta name=\"twitter:label1\" content=\"Est. reading time\" \/>\n\t<meta name=\"twitter:data1\" content=\"2 minutes\" \/>\n<script type=\"application\/ld+json\" class=\"yoast-schema-graph\">{\"@context\":\"https:\/\/schema.org\",\"@graph\":[{\"@type\":\"WebPage\",\"@id\":\"https:\/\/previews.elleven.digital\/acocearense\/noticia\/instituto-aco-cearense-em-acao-atleta-patrocinado-e-homenageado\/\",\"url\":\"https:\/\/previews.elleven.digital\/acocearense\/noticia\/instituto-aco-cearense-em-acao-atleta-patrocinado-e-homenageado\/\",\"name\":\"Instituto A\u00e7o Cearense em A\u00e7\u00e3o \u2013 Atleta patrocinado \u00e9 homenageado - Grupo A\u00e7o Cearense\",\"isPartOf\":{\"@id\":\"https:\/\/previews.elleven.digital\/acocearense\/#website\"},\"primaryImageOfPage\":{\"@id\":\"https:\/\/previews.elleven.digital\/acocearense\/noticia\/instituto-aco-cearense-em-acao-atleta-patrocinado-e-homenageado\/#primaryimage\"},\"image\":{\"@id\":\"https:\/\/previews.elleven.digital\/acocearense\/noticia\/instituto-aco-cearense-em-acao-atleta-patrocinado-e-homenageado\/#primaryimage\"},\"thumbnailUrl\":\"https:\/\/previews.elleven.digital\/acocearense\/wp-content\/uploads\/2025\/05\/unnamed-4-1.jpg\",\"datePublished\":\"2020-02-05T19:25:44+00:00\",\"dateModified\":\"2025-05-07T19:26:04+00:00\",\"breadcrumb\":{\"@id\":\"https:\/\/previews.elleven.digital\/acocearense\/noticia\/instituto-aco-cearense-em-acao-atleta-patrocinado-e-homenageado\/#breadcrumb\"},\"inLanguage\":\"en-US\",\"potentialAction\":[{\"@type\":\"ReadAction\",\"target\":[\"https:\/\/previews.elleven.digital\/acocearense\/noticia\/instituto-aco-cearense-em-acao-atleta-patrocinado-e-homenageado\/\"]}]},{\"@type\":\"ImageObject\",\"inLanguage\":\"en-US\",\"@id\":\"https:\/\/previews.elleven.digital\/acocearense\/noticia\/instituto-aco-cearense-em-acao-atleta-patrocinado-e-homenageado\/#primaryimage\",\"url\":\"https:\/\/previews.elleven.digital\/acocearense\/wp-content\/uploads\/2025\/05\/unnamed-4-1.jpg\",\"contentUrl\":\"https:\/\/previews.elleven.digital\/acocearense\/wp-content\/uploads\/2025\/05\/unnamed-4-1.jpg\",\"width\":658,\"height\":544},{\"@type\":\"BreadcrumbList\",\"@id\":\"https:\/\/previews.elleven.digital\/acocearense\/noticia\/instituto-aco-cearense-em-acao-atleta-patrocinado-e-homenageado\/#breadcrumb\",\"itemListElement\":[{\"@type\":\"ListItem\",\"position\":1,\"name\":\"In\u00edcio\",\"item\":\"https:\/\/previews.elleven.digital\/acocearense\/\"},{\"@type\":\"ListItem\",\"position\":2,\"name\":\"Not\u00edcias\",\"item\":\"https:\/\/previews.elleven.digital\/acocearense\/noticias\/\"},{\"@type\":\"ListItem\",\"position\":3,\"name\":\"Instituto A\u00e7o Cearense em A\u00e7\u00e3o \u2013 Atleta patrocinado \u00e9 homenageado\"}]},{\"@type\":\"WebSite\",\"@id\":\"https:\/\/previews.elleven.digital\/acocearense\/#website\",\"url\":\"https:\/\/previews.elleven.digital\/acocearense\/\",\"name\":\"A\u00e7o Cearense\",\"description\":\"H\u00e1 mais de 45 anos no mercado brasileiro do a\u00e7o.\",\"alternateName\":\"A\u00e7o Cearense\",\"potentialAction\":[{\"@type\":\"SearchAction\",\"target\":{\"@type\":\"EntryPoint\",\"urlTemplate\":\"https:\/\/previews.elleven.digital\/acocearense\/?s={search_term_string}\"},\"query-input\":{\"@type\":\"PropertyValueSpecification\",\"valueRequired\":true,\"valueName\":\"search_term_string\"}}],\"inLanguage\":\"en-US\"}]}<\/script>\n<!-- \/ Yoast SEO plugin. -->","yoast_head_json":{"title":"Instituto A\u00e7o Cearense em A\u00e7\u00e3o \u2013 Atleta patrocinado \u00e9 homenageado - Grupo A\u00e7o Cearense","robots":{"index":"index","follow":"follow","max-snippet":"max-snippet:-1","max-image-preview":"max-image-preview:large","max-video-preview":"max-video-preview:-1"},"canonical":"https:\/\/previews.elleven.digital\/acocearense\/en\/noticia\/instituto-aco-cearense-em-acao-atleta-patrocinado-e-homenageado\/","og_locale":"en_US","og_type":"article","og_title":"Instituto A\u00e7o Cearense em A\u00e7\u00e3o \u2013 Atleta patrocinado \u00e9 homenageado - Grupo A\u00e7o Cearense","og_description":"O atleta apoiado pelo IAC, Jonathan Benvindo, alcan\u00e7ou o 1\u00ba lugar no Ranking de Karat\u00ea,(...)","og_url":"https:\/\/previews.elleven.digital\/acocearense\/en\/noticia\/instituto-aco-cearense-em-acao-atleta-patrocinado-e-homenageado\/","og_site_name":"Grupo A\u00e7o Cearense","article_modified_time":"2025-05-07T19:26:04+00:00","og_image":[{"width":658,"height":544,"url":"https:\/\/previews.elleven.digital\/acocearense\/wp-content\/uploads\/2025\/05\/unnamed-4-1.jpg","type":"image\/jpeg"}],"twitter_card":"summary_large_image","twitter_misc":{"Est. reading time":"2 minutes"},"schema":{"@context":"https:\/\/schema.org","@graph":[{"@type":"WebPage","@id":"https:\/\/previews.elleven.digital\/acocearense\/noticia\/instituto-aco-cearense-em-acao-atleta-patrocinado-e-homenageado\/","url":"https:\/\/previews.elleven.digital\/acocearense\/noticia\/instituto-aco-cearense-em-acao-atleta-patrocinado-e-homenageado\/","name":"Instituto A\u00e7o Cearense em A\u00e7\u00e3o \u2013 Atleta patrocinado \u00e9 homenageado - Grupo A\u00e7o Cearense","isPartOf":{"@id":"https:\/\/previews.elleven.digital\/acocearense\/#website"},"primaryImageOfPage":{"@id":"https:\/\/previews.elleven.digital\/acocearense\/noticia\/instituto-aco-cearense-em-acao-atleta-patrocinado-e-homenageado\/#primaryimage"},"image":{"@id":"https:\/\/previews.elleven.digital\/acocearense\/noticia\/instituto-aco-cearense-em-acao-atleta-patrocinado-e-homenageado\/#primaryimage"},"thumbnailUrl":"https:\/\/previews.elleven.digital\/acocearense\/wp-content\/uploads\/2025\/05\/unnamed-4-1.jpg","datePublished":"2020-02-05T19:25:44+00:00","dateModified":"2025-05-07T19:26:04+00:00","breadcrumb":{"@id":"https:\/\/previews.elleven.digital\/acocearense\/noticia\/instituto-aco-cearense-em-acao-atleta-patrocinado-e-homenageado\/#breadcrumb"},"inLanguage":"en-US","potentialAction":[{"@type":"ReadAction","target":["https:\/\/previews.elleven.digital\/acocearense\/noticia\/instituto-aco-cearense-em-acao-atleta-patrocinado-e-homenageado\/"]}]},{"@type":"ImageObject","inLanguage":"en-US","@id":"https:\/\/previews.elleven.digital\/acocearense\/noticia\/instituto-aco-cearense-em-acao-atleta-patrocinado-e-homenageado\/#primaryimage","url":"https:\/\/previews.elleven.digital\/acocearense\/wp-content\/uploads\/2025\/05\/unnamed-4-1.jpg","contentUrl":"https:\/\/previews.elleven.digital\/acocearense\/wp-content\/uploads\/2025\/05\/unnamed-4-1.jpg","width":658,"height":544},{"@type":"BreadcrumbList","@id":"https:\/\/previews.elleven.digital\/acocearense\/noticia\/instituto-aco-cearense-em-acao-atleta-patrocinado-e-homenageado\/#breadcrumb","itemListElement":[{"@type":"ListItem","position":1,"name":"In\u00edcio","item":"https:\/\/previews.elleven.digital\/acocearense\/"},{"@type":"ListItem","position":2,"name":"Not\u00edcias","item":"https:\/\/previews.elleven.digital\/acocearense\/noticias\/"},{"@type":"ListItem","position":3,"name":"Instituto A\u00e7o Cearense em A\u00e7\u00e3o \u2013 Atleta patrocinado \u00e9 homenageado"}]},{"@type":"WebSite","@id":"https:\/\/previews.elleven.digital\/acocearense\/#website","url":"https:\/\/previews.elleven.digital\/acocearense\/","name":"Cear\u00e1 Steel","description":"We have been in the Brazilian steel market for over 45 years.","alternateName":"A\u00e7o Cearense","potentialAction":[{"@type":"SearchAction","target":{"@type":"EntryPoint","urlTemplate":"https:\/\/previews.elleven.digital\/acocearense\/?s={search_term_string}"},"query-input":{"@type":"PropertyValueSpecification","valueRequired":true,"valueName":"search_term_string"}}],"inLanguage":"en-US"}]}},"_links":{"self":[{"href":"https:\/\/previews.elleven.digital\/acocearense\/en\/wp-json\/wp\/v2\/noticia\/1990","targetHints":{"allow":["GET"]}}],"collection":[{"href":"https:\/\/previews.elleven.digital\/acocearense\/en\/wp-json\/wp\/v2\/noticia"}],"about":[{"href":"https:\/\/previews.elleven.digital\/acocearense\/en\/wp-json\/wp\/v2\/types\/noticia"}],"wp:featuredmedia":[{"embeddable":true,"href":"https:\/\/previews.elleven.digital\/acocearense\/en\/wp-json\/wp\/v2\/media\/1978"}],"wp:attachment":[{"href":"https:\/\/previews.elleven.digital\/acocearense\/en\/wp-json\/wp\/v2\/media?parent=1990"}],"wp:term":[{"taxonomy":"categoria-noticia","embeddable":true,"href":"https:\/\/previews.elleven.digital\/acocearense\/en\/wp-json\/wp\/v2\/categoria-noticia?post=1990"}],"curies":[{"name":"wp","href":"https:\/\/api.w.org\/{rel}","templated":true}]}}