{"id":1986,"date":"2020-01-03T16:23:20","date_gmt":"2020-01-03T19:23:20","guid":{"rendered":"https:\/\/previews.elleven.digital\/acocearense\/?post_type=noticia&#038;p=1986"},"modified":"2025-05-07T16:23:40","modified_gmt":"2025-05-07T19:23:40","slug":"alimentos-arrecadados-na-sipat-sao-doados-a-instituicoes-apoiadas-pelo-instituto-aco-cearense","status":"publish","type":"noticia","link":"https:\/\/previews.elleven.digital\/acocearense\/en\/noticia\/alimentos-arrecadados-na-sipat-sao-doados-a-instituicoes-apoiadas-pelo-instituto-aco-cearense\/","title":{"rendered":"Food collected at SIPAT is donated to institutions supported by the Instituto A\u00e7o Cearense"},"content":{"rendered":"<p>On December 26th and 27th, food collected during A\u00e7o Cearense&#039;s 2019 SIPAT (Shopping Assistance Program) was donated to 15 charities supported by the Instituto A\u00e7o Cearense. A total of 5 tons of food were donated, including 473 kg of whole milk powder.<br \/>\nThe institutions that benefited were: Champions School Association, Helping Hand Recovery Center \u2013 CREMA, Clara&#039;s Home, Ecological Research and Living Center \u2013 CEPEVIVE, Amadeu Barros Leal Daycare Center, Evangelical Community Conex\u00e3o, Francisco de Assis Home, S\u00e3o Vicente de Paulo Association, Patronato Santana, Project in the Desert, Maria Adelaide Family Support Center \u2013 ABESF, Community Assistance and Philanthropic Association Recovering Lives, Boqueir\u00e3o Community, Batista Home and Lucas Dantas Community Association \u2013 ACOLD.<\/p>","protected":false},"featured_media":1982,"template":"","meta":{"_acf_changed":false,"inline_featured_image":false},"categoria-noticia":[],"class_list":["post-1986","noticia","type-noticia","status-publish","has-post-thumbnail","hentry"],"acf":{"link":""},"yoast_head":"<!-- This site is optimized with the Yoast SEO plugin v25.9 - https:\/\/yoast.com\/wordpress\/plugins\/seo\/ -->\n<title>Alimentos arrecadados na SIPAT s\u00e3o doados a institui\u00e7\u00f5es apoiadas pelo Instituto A\u00e7o Cearense - Grupo A\u00e7o Cearense<\/title>\n<meta name=\"robots\" content=\"index, follow, max-snippet:-1, max-image-preview:large, max-video-preview:-1\" \/>\n<link rel=\"canonical\" href=\"https:\/\/previews.elleven.digital\/acocearense\/en\/noticia\/alimentos-arrecadados-na-sipat-sao-doados-a-instituicoes-apoiadas-pelo-instituto-aco-cearense\/\" \/>\n<meta property=\"og:locale\" content=\"en_US\" \/>\n<meta property=\"og:type\" content=\"article\" \/>\n<meta property=\"og:title\" content=\"Alimentos arrecadados na SIPAT s\u00e3o doados a institui\u00e7\u00f5es apoiadas pelo Instituto A\u00e7o Cearense - Grupo A\u00e7o Cearense\" \/>\n<meta property=\"og:description\" content=\"Nos dias 26 e 27 de dezembro, os alimentos arrecadados na SIPAT 2019 da A\u00e7o(...)\" \/>\n<meta property=\"og:url\" content=\"https:\/\/previews.elleven.digital\/acocearense\/en\/noticia\/alimentos-arrecadados-na-sipat-sao-doados-a-instituicoes-apoiadas-pelo-instituto-aco-cearense\/\" \/>\n<meta property=\"og:site_name\" content=\"Grupo A\u00e7o Cearense\" \/>\n<meta property=\"article:modified_time\" content=\"2025-05-07T19:23:40+00:00\" \/>\n<meta property=\"og:image\" content=\"https:\/\/previews.elleven.digital\/acocearense\/wp-content\/uploads\/2025\/05\/image-1024x553-1.jpeg\" \/>\n\t<meta property=\"og:image:width\" content=\"1024\" \/>\n\t<meta property=\"og:image:height\" content=\"553\" \/>\n\t<meta property=\"og:image:type\" content=\"image\/jpeg\" \/>\n<meta name=\"twitter:card\" content=\"summary_large_image\" \/>\n<meta name=\"twitter:label1\" content=\"Est. reading time\" \/>\n\t<meta name=\"twitter:data1\" content=\"1 minute\" \/>\n<script type=\"application\/ld+json\" class=\"yoast-schema-graph\">{\"@context\":\"https:\/\/schema.org\",\"@graph\":[{\"@type\":\"WebPage\",\"@id\":\"https:\/\/previews.elleven.digital\/acocearense\/noticia\/alimentos-arrecadados-na-sipat-sao-doados-a-instituicoes-apoiadas-pelo-instituto-aco-cearense\/\",\"url\":\"https:\/\/previews.elleven.digital\/acocearense\/noticia\/alimentos-arrecadados-na-sipat-sao-doados-a-instituicoes-apoiadas-pelo-instituto-aco-cearense\/\",\"name\":\"Alimentos arrecadados na SIPAT s\u00e3o doados a institui\u00e7\u00f5es apoiadas pelo Instituto A\u00e7o Cearense - Grupo A\u00e7o Cearense\",\"isPartOf\":{\"@id\":\"https:\/\/previews.elleven.digital\/acocearense\/#website\"},\"primaryImageOfPage\":{\"@id\":\"https:\/\/previews.elleven.digital\/acocearense\/noticia\/alimentos-arrecadados-na-sipat-sao-doados-a-instituicoes-apoiadas-pelo-instituto-aco-cearense\/#primaryimage\"},\"image\":{\"@id\":\"https:\/\/previews.elleven.digital\/acocearense\/noticia\/alimentos-arrecadados-na-sipat-sao-doados-a-instituicoes-apoiadas-pelo-instituto-aco-cearense\/#primaryimage\"},\"thumbnailUrl\":\"https:\/\/previews.elleven.digital\/acocearense\/wp-content\/uploads\/2025\/05\/image-1024x553-1.jpeg\",\"datePublished\":\"2020-01-03T19:23:20+00:00\",\"dateModified\":\"2025-05-07T19:23:40+00:00\",\"breadcrumb\":{\"@id\":\"https:\/\/previews.elleven.digital\/acocearense\/noticia\/alimentos-arrecadados-na-sipat-sao-doados-a-instituicoes-apoiadas-pelo-instituto-aco-cearense\/#breadcrumb\"},\"inLanguage\":\"en-US\",\"potentialAction\":[{\"@type\":\"ReadAction\",\"target\":[\"https:\/\/previews.elleven.digital\/acocearense\/noticia\/alimentos-arrecadados-na-sipat-sao-doados-a-instituicoes-apoiadas-pelo-instituto-aco-cearense\/\"]}]},{\"@type\":\"ImageObject\",\"inLanguage\":\"en-US\",\"@id\":\"https:\/\/previews.elleven.digital\/acocearense\/noticia\/alimentos-arrecadados-na-sipat-sao-doados-a-instituicoes-apoiadas-pelo-instituto-aco-cearense\/#primaryimage\",\"url\":\"https:\/\/previews.elleven.digital\/acocearense\/wp-content\/uploads\/2025\/05\/image-1024x553-1.jpeg\",\"contentUrl\":\"https:\/\/previews.elleven.digital\/acocearense\/wp-content\/uploads\/2025\/05\/image-1024x553-1.jpeg\",\"width\":1024,\"height\":553},{\"@type\":\"BreadcrumbList\",\"@id\":\"https:\/\/previews.elleven.digital\/acocearense\/noticia\/alimentos-arrecadados-na-sipat-sao-doados-a-instituicoes-apoiadas-pelo-instituto-aco-cearense\/#breadcrumb\",\"itemListElement\":[{\"@type\":\"ListItem\",\"position\":1,\"name\":\"In\u00edcio\",\"item\":\"https:\/\/previews.elleven.digital\/acocearense\/\"},{\"@type\":\"ListItem\",\"position\":2,\"name\":\"Not\u00edcias\",\"item\":\"https:\/\/previews.elleven.digital\/acocearense\/noticias\/\"},{\"@type\":\"ListItem\",\"position\":3,\"name\":\"Alimentos arrecadados na SIPAT s\u00e3o doados a institui\u00e7\u00f5es apoiadas pelo Instituto A\u00e7o Cearense\"}]},{\"@type\":\"WebSite\",\"@id\":\"https:\/\/previews.elleven.digital\/acocearense\/#website\",\"url\":\"https:\/\/previews.elleven.digital\/acocearense\/\",\"name\":\"A\u00e7o Cearense\",\"description\":\"H\u00e1 mais de 45 anos no mercado brasileiro do a\u00e7o.\",\"alternateName\":\"A\u00e7o Cearense\",\"potentialAction\":[{\"@type\":\"SearchAction\",\"target\":{\"@type\":\"EntryPoint\",\"urlTemplate\":\"https:\/\/previews.elleven.digital\/acocearense\/?s={search_term_string}\"},\"query-input\":{\"@type\":\"PropertyValueSpecification\",\"valueRequired\":true,\"valueName\":\"search_term_string\"}}],\"inLanguage\":\"en-US\"}]}<\/script>\n<!-- \/ Yoast SEO plugin. -->","yoast_head_json":{"title":"Alimentos arrecadados na SIPAT s\u00e3o doados a institui\u00e7\u00f5es apoiadas pelo Instituto A\u00e7o Cearense - Grupo A\u00e7o Cearense","robots":{"index":"index","follow":"follow","max-snippet":"max-snippet:-1","max-image-preview":"max-image-preview:large","max-video-preview":"max-video-preview:-1"},"canonical":"https:\/\/previews.elleven.digital\/acocearense\/en\/noticia\/alimentos-arrecadados-na-sipat-sao-doados-a-instituicoes-apoiadas-pelo-instituto-aco-cearense\/","og_locale":"en_US","og_type":"article","og_title":"Alimentos arrecadados na SIPAT s\u00e3o doados a institui\u00e7\u00f5es apoiadas pelo Instituto A\u00e7o Cearense - Grupo A\u00e7o Cearense","og_description":"Nos dias 26 e 27 de dezembro, os alimentos arrecadados na SIPAT 2019 da A\u00e7o(...)","og_url":"https:\/\/previews.elleven.digital\/acocearense\/en\/noticia\/alimentos-arrecadados-na-sipat-sao-doados-a-instituicoes-apoiadas-pelo-instituto-aco-cearense\/","og_site_name":"Grupo A\u00e7o Cearense","article_modified_time":"2025-05-07T19:23:40+00:00","og_image":[{"width":1024,"height":553,"url":"https:\/\/previews.elleven.digital\/acocearense\/wp-content\/uploads\/2025\/05\/image-1024x553-1.jpeg","type":"image\/jpeg"}],"twitter_card":"summary_large_image","twitter_misc":{"Est. reading time":"1 minute"},"schema":{"@context":"https:\/\/schema.org","@graph":[{"@type":"WebPage","@id":"https:\/\/previews.elleven.digital\/acocearense\/noticia\/alimentos-arrecadados-na-sipat-sao-doados-a-instituicoes-apoiadas-pelo-instituto-aco-cearense\/","url":"https:\/\/previews.elleven.digital\/acocearense\/noticia\/alimentos-arrecadados-na-sipat-sao-doados-a-instituicoes-apoiadas-pelo-instituto-aco-cearense\/","name":"Alimentos arrecadados na SIPAT s\u00e3o doados a institui\u00e7\u00f5es apoiadas pelo Instituto A\u00e7o Cearense - Grupo A\u00e7o Cearense","isPartOf":{"@id":"https:\/\/previews.elleven.digital\/acocearense\/#website"},"primaryImageOfPage":{"@id":"https:\/\/previews.elleven.digital\/acocearense\/noticia\/alimentos-arrecadados-na-sipat-sao-doados-a-instituicoes-apoiadas-pelo-instituto-aco-cearense\/#primaryimage"},"image":{"@id":"https:\/\/previews.elleven.digital\/acocearense\/noticia\/alimentos-arrecadados-na-sipat-sao-doados-a-instituicoes-apoiadas-pelo-instituto-aco-cearense\/#primaryimage"},"thumbnailUrl":"https:\/\/previews.elleven.digital\/acocearense\/wp-content\/uploads\/2025\/05\/image-1024x553-1.jpeg","datePublished":"2020-01-03T19:23:20+00:00","dateModified":"2025-05-07T19:23:40+00:00","breadcrumb":{"@id":"https:\/\/previews.elleven.digital\/acocearense\/noticia\/alimentos-arrecadados-na-sipat-sao-doados-a-instituicoes-apoiadas-pelo-instituto-aco-cearense\/#breadcrumb"},"inLanguage":"en-US","potentialAction":[{"@type":"ReadAction","target":["https:\/\/previews.elleven.digital\/acocearense\/noticia\/alimentos-arrecadados-na-sipat-sao-doados-a-instituicoes-apoiadas-pelo-instituto-aco-cearense\/"]}]},{"@type":"ImageObject","inLanguage":"en-US","@id":"https:\/\/previews.elleven.digital\/acocearense\/noticia\/alimentos-arrecadados-na-sipat-sao-doados-a-instituicoes-apoiadas-pelo-instituto-aco-cearense\/#primaryimage","url":"https:\/\/previews.elleven.digital\/acocearense\/wp-content\/uploads\/2025\/05\/image-1024x553-1.jpeg","contentUrl":"https:\/\/previews.elleven.digital\/acocearense\/wp-content\/uploads\/2025\/05\/image-1024x553-1.jpeg","width":1024,"height":553},{"@type":"BreadcrumbList","@id":"https:\/\/previews.elleven.digital\/acocearense\/noticia\/alimentos-arrecadados-na-sipat-sao-doados-a-instituicoes-apoiadas-pelo-instituto-aco-cearense\/#breadcrumb","itemListElement":[{"@type":"ListItem","position":1,"name":"In\u00edcio","item":"https:\/\/previews.elleven.digital\/acocearense\/"},{"@type":"ListItem","position":2,"name":"Not\u00edcias","item":"https:\/\/previews.elleven.digital\/acocearense\/noticias\/"},{"@type":"ListItem","position":3,"name":"Alimentos arrecadados na SIPAT s\u00e3o doados a institui\u00e7\u00f5es apoiadas pelo Instituto A\u00e7o Cearense"}]},{"@type":"WebSite","@id":"https:\/\/previews.elleven.digital\/acocearense\/#website","url":"https:\/\/previews.elleven.digital\/acocearense\/","name":"Cear\u00e1 Steel","description":"We have been in the Brazilian steel market for over 45 years.","alternateName":"A\u00e7o Cearense","potentialAction":[{"@type":"SearchAction","target":{"@type":"EntryPoint","urlTemplate":"https:\/\/previews.elleven.digital\/acocearense\/?s={search_term_string}"},"query-input":{"@type":"PropertyValueSpecification","valueRequired":true,"valueName":"search_term_string"}}],"inLanguage":"en-US"}]}},"_links":{"self":[{"href":"https:\/\/previews.elleven.digital\/acocearense\/en\/wp-json\/wp\/v2\/noticia\/1986","targetHints":{"allow":["GET"]}}],"collection":[{"href":"https:\/\/previews.elleven.digital\/acocearense\/en\/wp-json\/wp\/v2\/noticia"}],"about":[{"href":"https:\/\/previews.elleven.digital\/acocearense\/en\/wp-json\/wp\/v2\/types\/noticia"}],"wp:featuredmedia":[{"embeddable":true,"href":"https:\/\/previews.elleven.digital\/acocearense\/en\/wp-json\/wp\/v2\/media\/1982"}],"wp:attachment":[{"href":"https:\/\/previews.elleven.digital\/acocearense\/en\/wp-json\/wp\/v2\/media?parent=1986"}],"wp:term":[{"taxonomy":"categoria-noticia","embeddable":true,"href":"https:\/\/previews.elleven.digital\/acocearense\/en\/wp-json\/wp\/v2\/categoria-noticia?post=1986"}],"curies":[{"name":"wp","href":"https:\/\/api.w.org\/{rel}","templated":true}]}}