{"id":1939,"date":"2019-11-01T16:04:14","date_gmt":"2019-11-01T19:04:14","guid":{"rendered":"https:\/\/previews.elleven.digital\/acocearense\/?post_type=noticia&#038;p=1939"},"modified":"2025-05-07T16:04:51","modified_gmt":"2025-05-07T19:04:51","slug":"workshop-seja-um-lider-de-herois-reune-gestores-de-diversas-empresas-em-fortaleza","status":"publish","type":"noticia","link":"https:\/\/previews.elleven.digital\/acocearense\/en\/noticia\/workshop-seja-um-lider-de-herois-reune-gestores-de-diversas-empresas-em-fortaleza\/","title":{"rendered":"Workshop \u201cBe a Leader of Heroes\u201d brings together managers from several companies in Fortaleza"},"content":{"rendered":"<p>Vox L\u00edderes, with the support of Grupo A\u00e7o Cearense, hosted the workshop &quot;Be a Leader of Heroes&quot; \u2013 How to Create a Team of Unbeatable Heroes, held on September 25th. The event featured writer Leandro Moreira as the keynote speaker.<br \/>\nThe event&#039;s content revolved around leadership with employees, how to motivate and delight them. In addition to writer Leandro, the event also featured lectures by Aline Ferreira, Vice President of Grupo A\u00e7o Cearense; Marcelo Pimentel, Managing Partner of Barneys, Butchers, and Ollies; Raduan Melo, Partner at PWR Gest\u00e3o; and Newton Guimar\u00e3es J\u00fanior, Managing Partner of Vox L\u00edderes Executive Education and Special Markets Manager at Grupo A\u00e7o Cearense.<br \/>\nMore than 100 employees from A\u00e7o Cearense Comercial and A\u00e7o Cearense Industrial participated in the workshop. &quot;It was fantastic! A moment of great learning, with shared experiences of leadership, entrepreneurial vision, engagement, and a new approach to purpose. I&#039;m grateful for the opportunity to participate in this great event,&quot; said Erike Mendes, Logistics Manager at A\u00e7o Cearense.<\/p>","protected":false},"featured_media":1935,"template":"","meta":{"_acf_changed":false,"inline_featured_image":false},"categoria-noticia":[],"class_list":["post-1939","noticia","type-noticia","status-publish","has-post-thumbnail","hentry"],"acf":{"link":""},"yoast_head":"<!-- This site is optimized with the Yoast SEO plugin v25.9 - https:\/\/yoast.com\/wordpress\/plugins\/seo\/ -->\n<title>Workshop \u201cSeja um L\u00edder de Her\u00f3is\u201d re\u00fane gestores de diversas empresas em Fortaleza - Grupo A\u00e7o Cearense<\/title>\n<meta name=\"robots\" content=\"index, follow, max-snippet:-1, max-image-preview:large, max-video-preview:-1\" \/>\n<link rel=\"canonical\" href=\"https:\/\/previews.elleven.digital\/acocearense\/en\/noticia\/workshop-seja-um-lider-de-herois-reune-gestores-de-diversas-empresas-em-fortaleza\/\" \/>\n<meta property=\"og:locale\" content=\"en_US\" \/>\n<meta property=\"og:type\" content=\"article\" \/>\n<meta property=\"og:title\" content=\"Workshop \u201cSeja um L\u00edder de Her\u00f3is\u201d re\u00fane gestores de diversas empresas em Fortaleza - Grupo A\u00e7o Cearense\" \/>\n<meta property=\"og:description\" content=\"A Vox L\u00edderes, com o apoio do Grupo A\u00e7o Cearense, promoveu o Workshop \u201cSeja um(...)\" \/>\n<meta property=\"og:url\" content=\"https:\/\/previews.elleven.digital\/acocearense\/en\/noticia\/workshop-seja-um-lider-de-herois-reune-gestores-de-diversas-empresas-em-fortaleza\/\" \/>\n<meta property=\"og:site_name\" content=\"Grupo A\u00e7o Cearense\" \/>\n<meta property=\"article:modified_time\" content=\"2025-05-07T19:04:51+00:00\" \/>\n<meta property=\"og:image\" content=\"https:\/\/previews.elleven.digital\/acocearense\/wp-content\/uploads\/2025\/05\/workshop-seja-um-lider.jpg\" \/>\n\t<meta property=\"og:image:width\" content=\"1024\" \/>\n\t<meta property=\"og:image:height\" content=\"724\" \/>\n\t<meta property=\"og:image:type\" content=\"image\/jpeg\" \/>\n<meta name=\"twitter:card\" content=\"summary_large_image\" \/>\n<meta name=\"twitter:label1\" content=\"Est. reading time\" \/>\n\t<meta name=\"twitter:data1\" content=\"2 minutes\" \/>\n<script type=\"application\/ld+json\" class=\"yoast-schema-graph\">{\"@context\":\"https:\/\/schema.org\",\"@graph\":[{\"@type\":\"WebPage\",\"@id\":\"https:\/\/previews.elleven.digital\/acocearense\/noticia\/workshop-seja-um-lider-de-herois-reune-gestores-de-diversas-empresas-em-fortaleza\/\",\"url\":\"https:\/\/previews.elleven.digital\/acocearense\/noticia\/workshop-seja-um-lider-de-herois-reune-gestores-de-diversas-empresas-em-fortaleza\/\",\"name\":\"Workshop \u201cSeja um L\u00edder de Her\u00f3is\u201d re\u00fane gestores de diversas empresas em Fortaleza - Grupo A\u00e7o Cearense\",\"isPartOf\":{\"@id\":\"https:\/\/previews.elleven.digital\/acocearense\/#website\"},\"primaryImageOfPage\":{\"@id\":\"https:\/\/previews.elleven.digital\/acocearense\/noticia\/workshop-seja-um-lider-de-herois-reune-gestores-de-diversas-empresas-em-fortaleza\/#primaryimage\"},\"image\":{\"@id\":\"https:\/\/previews.elleven.digital\/acocearense\/noticia\/workshop-seja-um-lider-de-herois-reune-gestores-de-diversas-empresas-em-fortaleza\/#primaryimage\"},\"thumbnailUrl\":\"https:\/\/previews.elleven.digital\/acocearense\/wp-content\/uploads\/2025\/05\/workshop-seja-um-lider.jpg\",\"datePublished\":\"2019-11-01T19:04:14+00:00\",\"dateModified\":\"2025-05-07T19:04:51+00:00\",\"breadcrumb\":{\"@id\":\"https:\/\/previews.elleven.digital\/acocearense\/noticia\/workshop-seja-um-lider-de-herois-reune-gestores-de-diversas-empresas-em-fortaleza\/#breadcrumb\"},\"inLanguage\":\"en-US\",\"potentialAction\":[{\"@type\":\"ReadAction\",\"target\":[\"https:\/\/previews.elleven.digital\/acocearense\/noticia\/workshop-seja-um-lider-de-herois-reune-gestores-de-diversas-empresas-em-fortaleza\/\"]}]},{\"@type\":\"ImageObject\",\"inLanguage\":\"en-US\",\"@id\":\"https:\/\/previews.elleven.digital\/acocearense\/noticia\/workshop-seja-um-lider-de-herois-reune-gestores-de-diversas-empresas-em-fortaleza\/#primaryimage\",\"url\":\"https:\/\/previews.elleven.digital\/acocearense\/wp-content\/uploads\/2025\/05\/workshop-seja-um-lider.jpg\",\"contentUrl\":\"https:\/\/previews.elleven.digital\/acocearense\/wp-content\/uploads\/2025\/05\/workshop-seja-um-lider.jpg\",\"width\":1024,\"height\":724},{\"@type\":\"BreadcrumbList\",\"@id\":\"https:\/\/previews.elleven.digital\/acocearense\/noticia\/workshop-seja-um-lider-de-herois-reune-gestores-de-diversas-empresas-em-fortaleza\/#breadcrumb\",\"itemListElement\":[{\"@type\":\"ListItem\",\"position\":1,\"name\":\"In\u00edcio\",\"item\":\"https:\/\/previews.elleven.digital\/acocearense\/\"},{\"@type\":\"ListItem\",\"position\":2,\"name\":\"Not\u00edcias\",\"item\":\"https:\/\/previews.elleven.digital\/acocearense\/noticias\/\"},{\"@type\":\"ListItem\",\"position\":3,\"name\":\"Workshop \u201cSeja um L\u00edder de Her\u00f3is\u201d re\u00fane gestores de diversas empresas em Fortaleza\"}]},{\"@type\":\"WebSite\",\"@id\":\"https:\/\/previews.elleven.digital\/acocearense\/#website\",\"url\":\"https:\/\/previews.elleven.digital\/acocearense\/\",\"name\":\"A\u00e7o Cearense\",\"description\":\"H\u00e1 mais de 45 anos no mercado brasileiro do a\u00e7o.\",\"alternateName\":\"A\u00e7o Cearense\",\"potentialAction\":[{\"@type\":\"SearchAction\",\"target\":{\"@type\":\"EntryPoint\",\"urlTemplate\":\"https:\/\/previews.elleven.digital\/acocearense\/?s={search_term_string}\"},\"query-input\":{\"@type\":\"PropertyValueSpecification\",\"valueRequired\":true,\"valueName\":\"search_term_string\"}}],\"inLanguage\":\"en-US\"}]}<\/script>\n<!-- \/ Yoast SEO plugin. -->","yoast_head_json":{"title":"Workshop \u201cSeja um L\u00edder de Her\u00f3is\u201d re\u00fane gestores de diversas empresas em Fortaleza - Grupo A\u00e7o Cearense","robots":{"index":"index","follow":"follow","max-snippet":"max-snippet:-1","max-image-preview":"max-image-preview:large","max-video-preview":"max-video-preview:-1"},"canonical":"https:\/\/previews.elleven.digital\/acocearense\/en\/noticia\/workshop-seja-um-lider-de-herois-reune-gestores-de-diversas-empresas-em-fortaleza\/","og_locale":"en_US","og_type":"article","og_title":"Workshop \u201cSeja um L\u00edder de Her\u00f3is\u201d re\u00fane gestores de diversas empresas em Fortaleza - Grupo A\u00e7o Cearense","og_description":"A Vox L\u00edderes, com o apoio do Grupo A\u00e7o Cearense, promoveu o Workshop \u201cSeja um(...)","og_url":"https:\/\/previews.elleven.digital\/acocearense\/en\/noticia\/workshop-seja-um-lider-de-herois-reune-gestores-de-diversas-empresas-em-fortaleza\/","og_site_name":"Grupo A\u00e7o Cearense","article_modified_time":"2025-05-07T19:04:51+00:00","og_image":[{"width":1024,"height":724,"url":"https:\/\/previews.elleven.digital\/acocearense\/wp-content\/uploads\/2025\/05\/workshop-seja-um-lider.jpg","type":"image\/jpeg"}],"twitter_card":"summary_large_image","twitter_misc":{"Est. reading time":"2 minutes"},"schema":{"@context":"https:\/\/schema.org","@graph":[{"@type":"WebPage","@id":"https:\/\/previews.elleven.digital\/acocearense\/noticia\/workshop-seja-um-lider-de-herois-reune-gestores-de-diversas-empresas-em-fortaleza\/","url":"https:\/\/previews.elleven.digital\/acocearense\/noticia\/workshop-seja-um-lider-de-herois-reune-gestores-de-diversas-empresas-em-fortaleza\/","name":"Workshop \u201cSeja um L\u00edder de Her\u00f3is\u201d re\u00fane gestores de diversas empresas em Fortaleza - Grupo A\u00e7o Cearense","isPartOf":{"@id":"https:\/\/previews.elleven.digital\/acocearense\/#website"},"primaryImageOfPage":{"@id":"https:\/\/previews.elleven.digital\/acocearense\/noticia\/workshop-seja-um-lider-de-herois-reune-gestores-de-diversas-empresas-em-fortaleza\/#primaryimage"},"image":{"@id":"https:\/\/previews.elleven.digital\/acocearense\/noticia\/workshop-seja-um-lider-de-herois-reune-gestores-de-diversas-empresas-em-fortaleza\/#primaryimage"},"thumbnailUrl":"https:\/\/previews.elleven.digital\/acocearense\/wp-content\/uploads\/2025\/05\/workshop-seja-um-lider.jpg","datePublished":"2019-11-01T19:04:14+00:00","dateModified":"2025-05-07T19:04:51+00:00","breadcrumb":{"@id":"https:\/\/previews.elleven.digital\/acocearense\/noticia\/workshop-seja-um-lider-de-herois-reune-gestores-de-diversas-empresas-em-fortaleza\/#breadcrumb"},"inLanguage":"en-US","potentialAction":[{"@type":"ReadAction","target":["https:\/\/previews.elleven.digital\/acocearense\/noticia\/workshop-seja-um-lider-de-herois-reune-gestores-de-diversas-empresas-em-fortaleza\/"]}]},{"@type":"ImageObject","inLanguage":"en-US","@id":"https:\/\/previews.elleven.digital\/acocearense\/noticia\/workshop-seja-um-lider-de-herois-reune-gestores-de-diversas-empresas-em-fortaleza\/#primaryimage","url":"https:\/\/previews.elleven.digital\/acocearense\/wp-content\/uploads\/2025\/05\/workshop-seja-um-lider.jpg","contentUrl":"https:\/\/previews.elleven.digital\/acocearense\/wp-content\/uploads\/2025\/05\/workshop-seja-um-lider.jpg","width":1024,"height":724},{"@type":"BreadcrumbList","@id":"https:\/\/previews.elleven.digital\/acocearense\/noticia\/workshop-seja-um-lider-de-herois-reune-gestores-de-diversas-empresas-em-fortaleza\/#breadcrumb","itemListElement":[{"@type":"ListItem","position":1,"name":"In\u00edcio","item":"https:\/\/previews.elleven.digital\/acocearense\/"},{"@type":"ListItem","position":2,"name":"Not\u00edcias","item":"https:\/\/previews.elleven.digital\/acocearense\/noticias\/"},{"@type":"ListItem","position":3,"name":"Workshop \u201cSeja um L\u00edder de Her\u00f3is\u201d re\u00fane gestores de diversas empresas em Fortaleza"}]},{"@type":"WebSite","@id":"https:\/\/previews.elleven.digital\/acocearense\/#website","url":"https:\/\/previews.elleven.digital\/acocearense\/","name":"Cear\u00e1 Steel","description":"We have been in the Brazilian steel market for over 45 years.","alternateName":"A\u00e7o Cearense","potentialAction":[{"@type":"SearchAction","target":{"@type":"EntryPoint","urlTemplate":"https:\/\/previews.elleven.digital\/acocearense\/?s={search_term_string}"},"query-input":{"@type":"PropertyValueSpecification","valueRequired":true,"valueName":"search_term_string"}}],"inLanguage":"en-US"}]}},"_links":{"self":[{"href":"https:\/\/previews.elleven.digital\/acocearense\/en\/wp-json\/wp\/v2\/noticia\/1939","targetHints":{"allow":["GET"]}}],"collection":[{"href":"https:\/\/previews.elleven.digital\/acocearense\/en\/wp-json\/wp\/v2\/noticia"}],"about":[{"href":"https:\/\/previews.elleven.digital\/acocearense\/en\/wp-json\/wp\/v2\/types\/noticia"}],"wp:featuredmedia":[{"embeddable":true,"href":"https:\/\/previews.elleven.digital\/acocearense\/en\/wp-json\/wp\/v2\/media\/1935"}],"wp:attachment":[{"href":"https:\/\/previews.elleven.digital\/acocearense\/en\/wp-json\/wp\/v2\/media?parent=1939"}],"wp:term":[{"taxonomy":"categoria-noticia","embeddable":true,"href":"https:\/\/previews.elleven.digital\/acocearense\/en\/wp-json\/wp\/v2\/categoria-noticia?post=1939"}],"curies":[{"name":"wp","href":"https:\/\/api.w.org\/{rel}","templated":true}]}}