{"id":1924,"date":"2019-10-23T15:57:53","date_gmt":"2019-10-23T18:57:53","guid":{"rendered":"https:\/\/previews.elleven.digital\/acocearense\/?post_type=noticia&#038;p=1924"},"modified":"2025-05-07T15:58:18","modified_gmt":"2025-05-07T18:58:18","slug":"aco-cearense-industrial-ganha-premio-por-programa-de-reuso-e-economia-de-agua","status":"publish","type":"noticia","link":"https:\/\/previews.elleven.digital\/acocearense\/en\/noticia\/aco-cearense-industrial-ganha-premio-por-programa-de-reuso-e-economia-de-agua\/","title":{"rendered":"A\u00e7o Cearense Industrial wins award for water reuse and conservation program"},"content":{"rendered":"<p>A\u00e7o Cearense Industrial Matriz received the SUEZ Proof-not-Promises Award on October 18th for its work in maintaining the cooling system&#039;s water treatment system, which reduced machine outages while simultaneously saving water. The ceremony took place at the Mercure Fortaleza Hotel.<br \/>\nThe Award aims to recognize the work companies do in the environmental field. The awards are presented in several countries and take into account evidence of energy and water savings. By choosing the best projects that demonstrate these changes, companies are encouraged to innovate and adopt best practices.<br \/>\n<img loading=\"lazy\" decoding=\"async\" class=\"size-medium wp-image-6453 alignright\" src=\"https:\/\/grupoacocearense.com.br\/wp-content\/uploads\/2019\/12\/unnamed-14-260x300.jpg\" sizes=\"auto, (max-width: 260px) 100vw, 260px\" srcset=\"https:\/\/previews.elleven.digital\/acocearense\/wp-content\/uploads\/2019\/12\/unnamed-14-260x300.jpg 260w, https:\/\/previews.elleven.digital\/acocearense\/wp-content\/uploads\/2019\/12\/unnamed-14-768x886.jpg 768w, https:\/\/previews.elleven.digital\/acocearense\/wp-content\/uploads\/2019\/12\/unnamed-14-888x1024.jpg 888w, https:\/\/previews.elleven.digital\/acocearense\/wp-content\/uploads\/2019\/12\/unnamed-14.jpg 1110w\" alt=\"Representando a ACI, Rosemeire Matos, Diretora Administrativa da empresa\" width=\"260\" height=\"300\" \/>Representing A\u00e7o Cearense Industrial, Rosemeire Matos, the company&#039;s Administrative Director, commented on the achievement: &quot;It&#039;s a great pleasure to receive this trophy. We were recognized for a job well done, so I can only thank SUEZ and our entire team for their hard work, which resulted in savings for the company. Today, we have better water quality and improved reuse. I&#039;m grateful and very happy with this result,&quot; she said during the event.<br \/>\nKleber Anast\u00e1cio, Maintenance Coordinator at A\u00e7o Cearense Industrial and responsible for the initiative, commented: &quot;In addition to the savings, with this work we were able to reverse corrosion and clogging issues in our industrial water cooling system, which were causing machine interruptions and production downtime.&quot;<br \/>\nWith the project, A\u00e7o Cearense Industrial has already managed to reduce consumption by 1,800,000 liters of water per year, generating annual savings of R$ 92,552.00.<\/p>","protected":false},"featured_media":1906,"template":"","meta":{"_acf_changed":false,"inline_featured_image":false},"categoria-noticia":[],"class_list":["post-1924","noticia","type-noticia","status-publish","has-post-thumbnail","hentry"],"acf":{"link":""},"yoast_head":"<!-- This site is optimized with the Yoast SEO plugin v25.9 - https:\/\/yoast.com\/wordpress\/plugins\/seo\/ -->\n<title>A\u00e7o Cearense Industrial ganha pr\u00eamio por programa de reuso e economia de \u00e1gua - Grupo A\u00e7o Cearense<\/title>\n<meta name=\"robots\" content=\"index, follow, max-snippet:-1, max-image-preview:large, max-video-preview:-1\" \/>\n<link rel=\"canonical\" href=\"https:\/\/previews.elleven.digital\/acocearense\/en\/noticia\/aco-cearense-industrial-ganha-premio-por-programa-de-reuso-e-economia-de-agua\/\" \/>\n<meta property=\"og:locale\" content=\"en_US\" \/>\n<meta property=\"og:type\" content=\"article\" \/>\n<meta property=\"og:title\" content=\"A\u00e7o Cearense Industrial ganha pr\u00eamio por programa de reuso e economia de \u00e1gua - Grupo A\u00e7o Cearense\" \/>\n<meta property=\"og:description\" content=\"A\u00a0A\u00e7o Cearense Industrial Matriz recebeu, no dia 18\/10, o Pr\u00eamio SUEZ Proof not Promises (Prova(...)\" \/>\n<meta property=\"og:url\" content=\"https:\/\/previews.elleven.digital\/acocearense\/en\/noticia\/aco-cearense-industrial-ganha-premio-por-programa-de-reuso-e-economia-de-agua\/\" \/>\n<meta property=\"og:site_name\" content=\"Grupo A\u00e7o Cearense\" \/>\n<meta property=\"article:modified_time\" content=\"2025-05-07T18:58:18+00:00\" \/>\n<meta property=\"og:image\" content=\"https:\/\/previews.elleven.digital\/acocearense\/wp-content\/uploads\/2025\/05\/unnamed-10.jpg\" \/>\n\t<meta property=\"og:image:width\" content=\"1280\" \/>\n\t<meta property=\"og:image:height\" content=\"960\" \/>\n\t<meta property=\"og:image:type\" content=\"image\/jpeg\" \/>\n<meta name=\"twitter:card\" content=\"summary_large_image\" \/>\n<meta name=\"twitter:label1\" content=\"Est. reading time\" \/>\n\t<meta name=\"twitter:data1\" content=\"1 minute\" \/>\n<script type=\"application\/ld+json\" class=\"yoast-schema-graph\">{\"@context\":\"https:\/\/schema.org\",\"@graph\":[{\"@type\":\"WebPage\",\"@id\":\"https:\/\/previews.elleven.digital\/acocearense\/noticia\/aco-cearense-industrial-ganha-premio-por-programa-de-reuso-e-economia-de-agua\/\",\"url\":\"https:\/\/previews.elleven.digital\/acocearense\/noticia\/aco-cearense-industrial-ganha-premio-por-programa-de-reuso-e-economia-de-agua\/\",\"name\":\"A\u00e7o Cearense Industrial ganha pr\u00eamio por programa de reuso e economia de \u00e1gua - Grupo A\u00e7o Cearense\",\"isPartOf\":{\"@id\":\"https:\/\/previews.elleven.digital\/acocearense\/#website\"},\"primaryImageOfPage\":{\"@id\":\"https:\/\/previews.elleven.digital\/acocearense\/noticia\/aco-cearense-industrial-ganha-premio-por-programa-de-reuso-e-economia-de-agua\/#primaryimage\"},\"image\":{\"@id\":\"https:\/\/previews.elleven.digital\/acocearense\/noticia\/aco-cearense-industrial-ganha-premio-por-programa-de-reuso-e-economia-de-agua\/#primaryimage\"},\"thumbnailUrl\":\"https:\/\/previews.elleven.digital\/acocearense\/wp-content\/uploads\/2025\/05\/unnamed-10.jpg\",\"datePublished\":\"2019-10-23T18:57:53+00:00\",\"dateModified\":\"2025-05-07T18:58:18+00:00\",\"breadcrumb\":{\"@id\":\"https:\/\/previews.elleven.digital\/acocearense\/noticia\/aco-cearense-industrial-ganha-premio-por-programa-de-reuso-e-economia-de-agua\/#breadcrumb\"},\"inLanguage\":\"en-US\",\"potentialAction\":[{\"@type\":\"ReadAction\",\"target\":[\"https:\/\/previews.elleven.digital\/acocearense\/noticia\/aco-cearense-industrial-ganha-premio-por-programa-de-reuso-e-economia-de-agua\/\"]}]},{\"@type\":\"ImageObject\",\"inLanguage\":\"en-US\",\"@id\":\"https:\/\/previews.elleven.digital\/acocearense\/noticia\/aco-cearense-industrial-ganha-premio-por-programa-de-reuso-e-economia-de-agua\/#primaryimage\",\"url\":\"https:\/\/previews.elleven.digital\/acocearense\/wp-content\/uploads\/2025\/05\/unnamed-10.jpg\",\"contentUrl\":\"https:\/\/previews.elleven.digital\/acocearense\/wp-content\/uploads\/2025\/05\/unnamed-10.jpg\",\"width\":1280,\"height\":960},{\"@type\":\"BreadcrumbList\",\"@id\":\"https:\/\/previews.elleven.digital\/acocearense\/noticia\/aco-cearense-industrial-ganha-premio-por-programa-de-reuso-e-economia-de-agua\/#breadcrumb\",\"itemListElement\":[{\"@type\":\"ListItem\",\"position\":1,\"name\":\"In\u00edcio\",\"item\":\"https:\/\/previews.elleven.digital\/acocearense\/\"},{\"@type\":\"ListItem\",\"position\":2,\"name\":\"Not\u00edcias\",\"item\":\"https:\/\/previews.elleven.digital\/acocearense\/noticias\/\"},{\"@type\":\"ListItem\",\"position\":3,\"name\":\"A\u00e7o Cearense Industrial ganha pr\u00eamio por programa de reuso e economia de \u00e1gua\"}]},{\"@type\":\"WebSite\",\"@id\":\"https:\/\/previews.elleven.digital\/acocearense\/#website\",\"url\":\"https:\/\/previews.elleven.digital\/acocearense\/\",\"name\":\"A\u00e7o Cearense\",\"description\":\"H\u00e1 mais de 45 anos no mercado brasileiro do a\u00e7o.\",\"alternateName\":\"A\u00e7o Cearense\",\"potentialAction\":[{\"@type\":\"SearchAction\",\"target\":{\"@type\":\"EntryPoint\",\"urlTemplate\":\"https:\/\/previews.elleven.digital\/acocearense\/?s={search_term_string}\"},\"query-input\":{\"@type\":\"PropertyValueSpecification\",\"valueRequired\":true,\"valueName\":\"search_term_string\"}}],\"inLanguage\":\"en-US\"}]}<\/script>\n<!-- \/ Yoast SEO plugin. -->","yoast_head_json":{"title":"A\u00e7o Cearense Industrial ganha pr\u00eamio por programa de reuso e economia de \u00e1gua - Grupo A\u00e7o Cearense","robots":{"index":"index","follow":"follow","max-snippet":"max-snippet:-1","max-image-preview":"max-image-preview:large","max-video-preview":"max-video-preview:-1"},"canonical":"https:\/\/previews.elleven.digital\/acocearense\/en\/noticia\/aco-cearense-industrial-ganha-premio-por-programa-de-reuso-e-economia-de-agua\/","og_locale":"en_US","og_type":"article","og_title":"A\u00e7o Cearense Industrial ganha pr\u00eamio por programa de reuso e economia de \u00e1gua - Grupo A\u00e7o Cearense","og_description":"A\u00a0A\u00e7o Cearense Industrial Matriz recebeu, no dia 18\/10, o Pr\u00eamio SUEZ Proof not Promises (Prova(...)","og_url":"https:\/\/previews.elleven.digital\/acocearense\/en\/noticia\/aco-cearense-industrial-ganha-premio-por-programa-de-reuso-e-economia-de-agua\/","og_site_name":"Grupo A\u00e7o Cearense","article_modified_time":"2025-05-07T18:58:18+00:00","og_image":[{"width":1280,"height":960,"url":"https:\/\/previews.elleven.digital\/acocearense\/wp-content\/uploads\/2025\/05\/unnamed-10.jpg","type":"image\/jpeg"}],"twitter_card":"summary_large_image","twitter_misc":{"Est. reading time":"1 minute"},"schema":{"@context":"https:\/\/schema.org","@graph":[{"@type":"WebPage","@id":"https:\/\/previews.elleven.digital\/acocearense\/noticia\/aco-cearense-industrial-ganha-premio-por-programa-de-reuso-e-economia-de-agua\/","url":"https:\/\/previews.elleven.digital\/acocearense\/noticia\/aco-cearense-industrial-ganha-premio-por-programa-de-reuso-e-economia-de-agua\/","name":"A\u00e7o Cearense Industrial ganha pr\u00eamio por programa de reuso e economia de \u00e1gua - Grupo A\u00e7o Cearense","isPartOf":{"@id":"https:\/\/previews.elleven.digital\/acocearense\/#website"},"primaryImageOfPage":{"@id":"https:\/\/previews.elleven.digital\/acocearense\/noticia\/aco-cearense-industrial-ganha-premio-por-programa-de-reuso-e-economia-de-agua\/#primaryimage"},"image":{"@id":"https:\/\/previews.elleven.digital\/acocearense\/noticia\/aco-cearense-industrial-ganha-premio-por-programa-de-reuso-e-economia-de-agua\/#primaryimage"},"thumbnailUrl":"https:\/\/previews.elleven.digital\/acocearense\/wp-content\/uploads\/2025\/05\/unnamed-10.jpg","datePublished":"2019-10-23T18:57:53+00:00","dateModified":"2025-05-07T18:58:18+00:00","breadcrumb":{"@id":"https:\/\/previews.elleven.digital\/acocearense\/noticia\/aco-cearense-industrial-ganha-premio-por-programa-de-reuso-e-economia-de-agua\/#breadcrumb"},"inLanguage":"en-US","potentialAction":[{"@type":"ReadAction","target":["https:\/\/previews.elleven.digital\/acocearense\/noticia\/aco-cearense-industrial-ganha-premio-por-programa-de-reuso-e-economia-de-agua\/"]}]},{"@type":"ImageObject","inLanguage":"en-US","@id":"https:\/\/previews.elleven.digital\/acocearense\/noticia\/aco-cearense-industrial-ganha-premio-por-programa-de-reuso-e-economia-de-agua\/#primaryimage","url":"https:\/\/previews.elleven.digital\/acocearense\/wp-content\/uploads\/2025\/05\/unnamed-10.jpg","contentUrl":"https:\/\/previews.elleven.digital\/acocearense\/wp-content\/uploads\/2025\/05\/unnamed-10.jpg","width":1280,"height":960},{"@type":"BreadcrumbList","@id":"https:\/\/previews.elleven.digital\/acocearense\/noticia\/aco-cearense-industrial-ganha-premio-por-programa-de-reuso-e-economia-de-agua\/#breadcrumb","itemListElement":[{"@type":"ListItem","position":1,"name":"In\u00edcio","item":"https:\/\/previews.elleven.digital\/acocearense\/"},{"@type":"ListItem","position":2,"name":"Not\u00edcias","item":"https:\/\/previews.elleven.digital\/acocearense\/noticias\/"},{"@type":"ListItem","position":3,"name":"A\u00e7o Cearense Industrial ganha pr\u00eamio por programa de reuso e economia de \u00e1gua"}]},{"@type":"WebSite","@id":"https:\/\/previews.elleven.digital\/acocearense\/#website","url":"https:\/\/previews.elleven.digital\/acocearense\/","name":"Cear\u00e1 Steel","description":"We have been in the Brazilian steel market for over 45 years.","alternateName":"A\u00e7o Cearense","potentialAction":[{"@type":"SearchAction","target":{"@type":"EntryPoint","urlTemplate":"https:\/\/previews.elleven.digital\/acocearense\/?s={search_term_string}"},"query-input":{"@type":"PropertyValueSpecification","valueRequired":true,"valueName":"search_term_string"}}],"inLanguage":"en-US"}]}},"_links":{"self":[{"href":"https:\/\/previews.elleven.digital\/acocearense\/en\/wp-json\/wp\/v2\/noticia\/1924","targetHints":{"allow":["GET"]}}],"collection":[{"href":"https:\/\/previews.elleven.digital\/acocearense\/en\/wp-json\/wp\/v2\/noticia"}],"about":[{"href":"https:\/\/previews.elleven.digital\/acocearense\/en\/wp-json\/wp\/v2\/types\/noticia"}],"wp:featuredmedia":[{"embeddable":true,"href":"https:\/\/previews.elleven.digital\/acocearense\/en\/wp-json\/wp\/v2\/media\/1906"}],"wp:attachment":[{"href":"https:\/\/previews.elleven.digital\/acocearense\/en\/wp-json\/wp\/v2\/media?parent=1924"}],"wp:term":[{"taxonomy":"categoria-noticia","embeddable":true,"href":"https:\/\/previews.elleven.digital\/acocearense\/en\/wp-json\/wp\/v2\/categoria-noticia?post=1924"}],"curies":[{"name":"wp","href":"https:\/\/api.w.org\/{rel}","templated":true}]}}