{"id":1923,"date":"2019-10-20T15:57:15","date_gmt":"2019-10-20T18:57:15","guid":{"rendered":"https:\/\/previews.elleven.digital\/acocearense\/?post_type=noticia&#038;p=1923"},"modified":"2025-05-07T15:57:50","modified_gmt":"2025-05-07T18:57:50","slug":"instituto-aco-cearense-realiza-programacoes-no-dia-das-criancas","status":"publish","type":"noticia","link":"https:\/\/previews.elleven.digital\/acocearense\/en\/noticia\/instituto-aco-cearense-realiza-programacoes-no-dia-das-criancas\/","title":{"rendered":"Instituto A\u00e7o Cearense holds programs on Children&#039;s Day"},"content":{"rendered":"<p>In order to celebrate Children&#039;s Day with the supported institutions, the Instituto A\u00e7o Cearense (IAC) promoted a series of fun activities for children served by entities located in Caucaia - CE and Marab\u00e1 - PA.<br \/>\nOn the 11th, 49 children from the Associa\u00e7\u00e3o Escola de Campe\u00f5es (AEC), located in Caucaia, spent the morning at Shopping Benfica, attending a movie and theater show, as well as playing and having a snack. The event was held in partnership with Shopping Benfica through the 2019 Happy Morning Project. The following day (12), in partnership with SESC Fortaleza, the Instituto A\u00e7o Cearense took another 70 children from the AEC for a morning of games and fun at SESC, including popcorn, cotton candy, and snacks. To end the week, the Instituto A\u00e7o Cearense and the Escola de Campe\u00f5es held a special program on a farm on Saturday (19) for 160 children aged 6 to 12 served by the institution. There were games, a pool swim, snacks, treats, and the delivery of gifts and toys.<br \/>\nFor Maria dos Prazeres, mother of Jo\u00e3o Abra\u00e3o, an AEC student who participated in the program on the 11th, which included a movie screening, the moment was remarkable. &quot;We had never been to the movies before. I loved watching the film with my son. I still can&#039;t believe that after 40 years of age, I was able to go to the movies. I&#039;m feeling like a kid again,&quot; she commented emotionally.<br \/>\nIn Marab\u00e1, on October 15th, the Institute took 45 children from the Child and Adolescent Assistance Foundation (FUNCAD), located in Marab\u00e1, Amap\u00e1, for a tour of the Marab\u00e1 Zoo and Botanical Park. The children learned about the 35 different species sheltered by the institution, including tortoises, parrots, macaws, hawks, monkeys, jaguars, deer, tapirs, and wild pigs. &quot;It was really cool! We saw so many animals. I&#039;d never seen a jaguar up close,&quot; said 7-year-old Heitor Sedrigo.<\/p>","protected":false},"featured_media":1907,"template":"","meta":{"_acf_changed":false,"inline_featured_image":false},"categoria-noticia":[],"class_list":["post-1923","noticia","type-noticia","status-publish","has-post-thumbnail","hentry"],"acf":{"link":""},"yoast_head":"<!-- This site is optimized with the Yoast SEO plugin v25.9 - https:\/\/yoast.com\/wordpress\/plugins\/seo\/ -->\n<title>Instituto A\u00e7o Cearense realiza programa\u00e7\u00f5es no Dia das Crian\u00e7as - Grupo A\u00e7o Cearense<\/title>\n<meta name=\"robots\" content=\"index, follow, max-snippet:-1, max-image-preview:large, max-video-preview:-1\" \/>\n<link rel=\"canonical\" href=\"https:\/\/previews.elleven.digital\/acocearense\/en\/noticia\/instituto-aco-cearense-realiza-programacoes-no-dia-das-criancas\/\" \/>\n<meta property=\"og:locale\" content=\"en_US\" \/>\n<meta property=\"og:type\" content=\"article\" \/>\n<meta property=\"og:title\" content=\"Instituto A\u00e7o Cearense realiza programa\u00e7\u00f5es no Dia das Crian\u00e7as - Grupo A\u00e7o Cearense\" \/>\n<meta property=\"og:description\" content=\"Com a finalidade de celebrar o Dia das Crian\u00e7as com as institui\u00e7\u00f5es apoiadas, o Instituto(...)\" \/>\n<meta property=\"og:url\" content=\"https:\/\/previews.elleven.digital\/acocearense\/en\/noticia\/instituto-aco-cearense-realiza-programacoes-no-dia-das-criancas\/\" \/>\n<meta property=\"og:site_name\" content=\"Grupo A\u00e7o Cearense\" \/>\n<meta property=\"article:modified_time\" content=\"2025-05-07T18:57:50+00:00\" \/>\n<meta property=\"og:image\" content=\"https:\/\/previews.elleven.digital\/acocearense\/wp-content\/uploads\/2025\/05\/dia-das-crianas-1.jpg\" \/>\n\t<meta property=\"og:image:width\" content=\"1024\" \/>\n\t<meta property=\"og:image:height\" content=\"724\" \/>\n\t<meta property=\"og:image:type\" content=\"image\/jpeg\" \/>\n<meta name=\"twitter:card\" content=\"summary_large_image\" \/>\n<meta name=\"twitter:label1\" content=\"Est. reading time\" \/>\n\t<meta name=\"twitter:data1\" content=\"2 minutes\" \/>\n<script type=\"application\/ld+json\" class=\"yoast-schema-graph\">{\"@context\":\"https:\/\/schema.org\",\"@graph\":[{\"@type\":\"WebPage\",\"@id\":\"https:\/\/previews.elleven.digital\/acocearense\/noticia\/instituto-aco-cearense-realiza-programacoes-no-dia-das-criancas\/\",\"url\":\"https:\/\/previews.elleven.digital\/acocearense\/noticia\/instituto-aco-cearense-realiza-programacoes-no-dia-das-criancas\/\",\"name\":\"Instituto A\u00e7o Cearense realiza programa\u00e7\u00f5es no Dia das Crian\u00e7as - Grupo A\u00e7o Cearense\",\"isPartOf\":{\"@id\":\"https:\/\/previews.elleven.digital\/acocearense\/#website\"},\"primaryImageOfPage\":{\"@id\":\"https:\/\/previews.elleven.digital\/acocearense\/noticia\/instituto-aco-cearense-realiza-programacoes-no-dia-das-criancas\/#primaryimage\"},\"image\":{\"@id\":\"https:\/\/previews.elleven.digital\/acocearense\/noticia\/instituto-aco-cearense-realiza-programacoes-no-dia-das-criancas\/#primaryimage\"},\"thumbnailUrl\":\"https:\/\/previews.elleven.digital\/acocearense\/wp-content\/uploads\/2025\/05\/dia-das-crianas-1.jpg\",\"datePublished\":\"2019-10-20T18:57:15+00:00\",\"dateModified\":\"2025-05-07T18:57:50+00:00\",\"breadcrumb\":{\"@id\":\"https:\/\/previews.elleven.digital\/acocearense\/noticia\/instituto-aco-cearense-realiza-programacoes-no-dia-das-criancas\/#breadcrumb\"},\"inLanguage\":\"en-US\",\"potentialAction\":[{\"@type\":\"ReadAction\",\"target\":[\"https:\/\/previews.elleven.digital\/acocearense\/noticia\/instituto-aco-cearense-realiza-programacoes-no-dia-das-criancas\/\"]}]},{\"@type\":\"ImageObject\",\"inLanguage\":\"en-US\",\"@id\":\"https:\/\/previews.elleven.digital\/acocearense\/noticia\/instituto-aco-cearense-realiza-programacoes-no-dia-das-criancas\/#primaryimage\",\"url\":\"https:\/\/previews.elleven.digital\/acocearense\/wp-content\/uploads\/2025\/05\/dia-das-crianas-1.jpg\",\"contentUrl\":\"https:\/\/previews.elleven.digital\/acocearense\/wp-content\/uploads\/2025\/05\/dia-das-crianas-1.jpg\",\"width\":1024,\"height\":724},{\"@type\":\"BreadcrumbList\",\"@id\":\"https:\/\/previews.elleven.digital\/acocearense\/noticia\/instituto-aco-cearense-realiza-programacoes-no-dia-das-criancas\/#breadcrumb\",\"itemListElement\":[{\"@type\":\"ListItem\",\"position\":1,\"name\":\"In\u00edcio\",\"item\":\"https:\/\/previews.elleven.digital\/acocearense\/\"},{\"@type\":\"ListItem\",\"position\":2,\"name\":\"Not\u00edcias\",\"item\":\"https:\/\/previews.elleven.digital\/acocearense\/noticias\/\"},{\"@type\":\"ListItem\",\"position\":3,\"name\":\"Instituto A\u00e7o Cearense realiza programa\u00e7\u00f5es no Dia das Crian\u00e7as\"}]},{\"@type\":\"WebSite\",\"@id\":\"https:\/\/previews.elleven.digital\/acocearense\/#website\",\"url\":\"https:\/\/previews.elleven.digital\/acocearense\/\",\"name\":\"A\u00e7o Cearense\",\"description\":\"H\u00e1 mais de 45 anos no mercado brasileiro do a\u00e7o.\",\"alternateName\":\"A\u00e7o Cearense\",\"potentialAction\":[{\"@type\":\"SearchAction\",\"target\":{\"@type\":\"EntryPoint\",\"urlTemplate\":\"https:\/\/previews.elleven.digital\/acocearense\/?s={search_term_string}\"},\"query-input\":{\"@type\":\"PropertyValueSpecification\",\"valueRequired\":true,\"valueName\":\"search_term_string\"}}],\"inLanguage\":\"en-US\"}]}<\/script>\n<!-- \/ Yoast SEO plugin. -->","yoast_head_json":{"title":"Instituto A\u00e7o Cearense realiza programa\u00e7\u00f5es no Dia das Crian\u00e7as - Grupo A\u00e7o Cearense","robots":{"index":"index","follow":"follow","max-snippet":"max-snippet:-1","max-image-preview":"max-image-preview:large","max-video-preview":"max-video-preview:-1"},"canonical":"https:\/\/previews.elleven.digital\/acocearense\/en\/noticia\/instituto-aco-cearense-realiza-programacoes-no-dia-das-criancas\/","og_locale":"en_US","og_type":"article","og_title":"Instituto A\u00e7o Cearense realiza programa\u00e7\u00f5es no Dia das Crian\u00e7as - Grupo A\u00e7o Cearense","og_description":"Com a finalidade de celebrar o Dia das Crian\u00e7as com as institui\u00e7\u00f5es apoiadas, o Instituto(...)","og_url":"https:\/\/previews.elleven.digital\/acocearense\/en\/noticia\/instituto-aco-cearense-realiza-programacoes-no-dia-das-criancas\/","og_site_name":"Grupo A\u00e7o Cearense","article_modified_time":"2025-05-07T18:57:50+00:00","og_image":[{"width":1024,"height":724,"url":"https:\/\/previews.elleven.digital\/acocearense\/wp-content\/uploads\/2025\/05\/dia-das-crianas-1.jpg","type":"image\/jpeg"}],"twitter_card":"summary_large_image","twitter_misc":{"Est. reading time":"2 minutes"},"schema":{"@context":"https:\/\/schema.org","@graph":[{"@type":"WebPage","@id":"https:\/\/previews.elleven.digital\/acocearense\/noticia\/instituto-aco-cearense-realiza-programacoes-no-dia-das-criancas\/","url":"https:\/\/previews.elleven.digital\/acocearense\/noticia\/instituto-aco-cearense-realiza-programacoes-no-dia-das-criancas\/","name":"Instituto A\u00e7o Cearense realiza programa\u00e7\u00f5es no Dia das Crian\u00e7as - Grupo A\u00e7o Cearense","isPartOf":{"@id":"https:\/\/previews.elleven.digital\/acocearense\/#website"},"primaryImageOfPage":{"@id":"https:\/\/previews.elleven.digital\/acocearense\/noticia\/instituto-aco-cearense-realiza-programacoes-no-dia-das-criancas\/#primaryimage"},"image":{"@id":"https:\/\/previews.elleven.digital\/acocearense\/noticia\/instituto-aco-cearense-realiza-programacoes-no-dia-das-criancas\/#primaryimage"},"thumbnailUrl":"https:\/\/previews.elleven.digital\/acocearense\/wp-content\/uploads\/2025\/05\/dia-das-crianas-1.jpg","datePublished":"2019-10-20T18:57:15+00:00","dateModified":"2025-05-07T18:57:50+00:00","breadcrumb":{"@id":"https:\/\/previews.elleven.digital\/acocearense\/noticia\/instituto-aco-cearense-realiza-programacoes-no-dia-das-criancas\/#breadcrumb"},"inLanguage":"en-US","potentialAction":[{"@type":"ReadAction","target":["https:\/\/previews.elleven.digital\/acocearense\/noticia\/instituto-aco-cearense-realiza-programacoes-no-dia-das-criancas\/"]}]},{"@type":"ImageObject","inLanguage":"en-US","@id":"https:\/\/previews.elleven.digital\/acocearense\/noticia\/instituto-aco-cearense-realiza-programacoes-no-dia-das-criancas\/#primaryimage","url":"https:\/\/previews.elleven.digital\/acocearense\/wp-content\/uploads\/2025\/05\/dia-das-crianas-1.jpg","contentUrl":"https:\/\/previews.elleven.digital\/acocearense\/wp-content\/uploads\/2025\/05\/dia-das-crianas-1.jpg","width":1024,"height":724},{"@type":"BreadcrumbList","@id":"https:\/\/previews.elleven.digital\/acocearense\/noticia\/instituto-aco-cearense-realiza-programacoes-no-dia-das-criancas\/#breadcrumb","itemListElement":[{"@type":"ListItem","position":1,"name":"In\u00edcio","item":"https:\/\/previews.elleven.digital\/acocearense\/"},{"@type":"ListItem","position":2,"name":"Not\u00edcias","item":"https:\/\/previews.elleven.digital\/acocearense\/noticias\/"},{"@type":"ListItem","position":3,"name":"Instituto A\u00e7o Cearense realiza programa\u00e7\u00f5es no Dia das Crian\u00e7as"}]},{"@type":"WebSite","@id":"https:\/\/previews.elleven.digital\/acocearense\/#website","url":"https:\/\/previews.elleven.digital\/acocearense\/","name":"Cear\u00e1 Steel","description":"We have been in the Brazilian steel market for over 45 years.","alternateName":"A\u00e7o Cearense","potentialAction":[{"@type":"SearchAction","target":{"@type":"EntryPoint","urlTemplate":"https:\/\/previews.elleven.digital\/acocearense\/?s={search_term_string}"},"query-input":{"@type":"PropertyValueSpecification","valueRequired":true,"valueName":"search_term_string"}}],"inLanguage":"en-US"}]}},"_links":{"self":[{"href":"https:\/\/previews.elleven.digital\/acocearense\/en\/wp-json\/wp\/v2\/noticia\/1923","targetHints":{"allow":["GET"]}}],"collection":[{"href":"https:\/\/previews.elleven.digital\/acocearense\/en\/wp-json\/wp\/v2\/noticia"}],"about":[{"href":"https:\/\/previews.elleven.digital\/acocearense\/en\/wp-json\/wp\/v2\/types\/noticia"}],"wp:featuredmedia":[{"embeddable":true,"href":"https:\/\/previews.elleven.digital\/acocearense\/en\/wp-json\/wp\/v2\/media\/1907"}],"wp:attachment":[{"href":"https:\/\/previews.elleven.digital\/acocearense\/en\/wp-json\/wp\/v2\/media?parent=1923"}],"wp:term":[{"taxonomy":"categoria-noticia","embeddable":true,"href":"https:\/\/previews.elleven.digital\/acocearense\/en\/wp-json\/wp\/v2\/categoria-noticia?post=1923"}],"curies":[{"name":"wp","href":"https:\/\/api.w.org\/{rel}","templated":true}]}}