{"id":1917,"date":"2019-10-09T15:52:57","date_gmt":"2019-10-09T18:52:57","guid":{"rendered":"https:\/\/previews.elleven.digital\/acocearense\/?post_type=noticia&#038;p=1917"},"modified":"2025-05-07T15:53:31","modified_gmt":"2025-05-07T18:53:31","slug":"instituto-aco-cearense-realiza-acoes-do-dia-do-idoso","status":"publish","type":"noticia","link":"https:\/\/previews.elleven.digital\/acocearense\/en\/noticia\/instituto-aco-cearense-realiza-acoes-do-dia-do-idoso\/","title":{"rendered":"Instituto A\u00e7o Cearense carries out activities for Senior Citizens&#039; Day"},"content":{"rendered":"<p>International Older Persons Day (October 1) was established by the United Nations (UN) and to celebrate the date, the Instituto A\u00e7o Cearense held actions on October 2nd in Fortaleza, at the Olavo Bilac Elderly Shelter Unit and on October 4th in Marab\u00e1, at the Lar S\u00e3o Vicente de Paulo. The objective of the visits was to provide a &quot;meeting of generations&quot; between the elderly and some adolescents from the social projects supported by the Instituto A\u00e7o Cearense.<br \/>\nIn Fortaleza, a musical afternoon was held on October 2nd at the Olavo Bilac Shelter, with the Musicart group from the Associa\u00e7\u00e3o Escola de Campe\u00f5es (AEC). Ten students were also chosen to visit the elderly. The AEC students were able to tour the entire space, interact, and give souvenirs to the 75 elderly residents at the shelter.<br \/>\n&quot;We took the students, who often displayed behavioral complications, so they could understand the importance of valuing older people and giving more value to life,&quot; commented Luciana Rabelo, Coordinator of the Instituto A\u00e7o Cearense.<img loading=\"lazy\" decoding=\"async\" class=\"wp-image-6409 aligncenter\" src=\"https:\/\/grupoacocearense.com.br\/wp-content\/uploads\/2019\/12\/unnamed-300x225.jpg\" sizes=\"auto, (max-width: 319px) 100vw, 319px\" srcset=\"https:\/\/previews.elleven.digital\/acocearense\/wp-content\/uploads\/2019\/12\/unnamed-300x225.jpg 300w, https:\/\/previews.elleven.digital\/acocearense\/wp-content\/uploads\/2019\/12\/unnamed-768x576.jpg 768w, https:\/\/previews.elleven.digital\/acocearense\/wp-content\/uploads\/2019\/12\/unnamed.jpg 960w\" alt=\"fotos de visitantes com idosos \" width=\"319\" height=\"239\" \/><br \/>\nIn Marab\u00e1, on October 4th, the elderly at Lar S\u00e3o Vicente de Paulo were visited by 10 FUNCAD students from the project: &quot;Music that awakens gifts and talents,&quot; who played, sang, and also interacted. At the end, cleaning products were donated to the 29 elderly people at the institution.<\/p>","protected":false},"featured_media":1913,"template":"","meta":{"_acf_changed":false,"inline_featured_image":false},"categoria-noticia":[],"class_list":["post-1917","noticia","type-noticia","status-publish","has-post-thumbnail","hentry"],"acf":{"link":""},"yoast_head":"<!-- This site is optimized with the Yoast SEO plugin v25.9 - https:\/\/yoast.com\/wordpress\/plugins\/seo\/ -->\n<title>Instituto A\u00e7o Cearense realiza a\u00e7\u00f5es do Dia do Idoso - Grupo A\u00e7o Cearense<\/title>\n<meta name=\"robots\" content=\"index, follow, max-snippet:-1, max-image-preview:large, max-video-preview:-1\" \/>\n<link rel=\"canonical\" href=\"https:\/\/previews.elleven.digital\/acocearense\/en\/noticia\/instituto-aco-cearense-realiza-acoes-do-dia-do-idoso\/\" \/>\n<meta property=\"og:locale\" content=\"en_US\" \/>\n<meta property=\"og:type\" content=\"article\" \/>\n<meta property=\"og:title\" content=\"Instituto A\u00e7o Cearense realiza a\u00e7\u00f5es do Dia do Idoso - Grupo A\u00e7o Cearense\" \/>\n<meta property=\"og:description\" content=\"O Dia Internacional do Idoso (1\u00ba de outubro) foi institu\u00eddo pela Organiza\u00e7\u00e3o das Na\u00e7\u00f5es Unidas(...)\" \/>\n<meta property=\"og:url\" content=\"https:\/\/previews.elleven.digital\/acocearense\/en\/noticia\/instituto-aco-cearense-realiza-acoes-do-dia-do-idoso\/\" \/>\n<meta property=\"og:site_name\" content=\"Grupo A\u00e7o Cearense\" \/>\n<meta property=\"article:modified_time\" content=\"2025-05-07T18:53:31+00:00\" \/>\n<meta property=\"og:image\" content=\"https:\/\/previews.elleven.digital\/acocearense\/wp-content\/uploads\/2025\/05\/unnamed-1-2.jpg\" \/>\n\t<meta property=\"og:image:width\" content=\"960\" \/>\n\t<meta property=\"og:image:height\" content=\"621\" \/>\n\t<meta property=\"og:image:type\" content=\"image\/jpeg\" \/>\n<meta name=\"twitter:card\" content=\"summary_large_image\" \/>\n<meta name=\"twitter:label1\" content=\"Est. reading time\" \/>\n\t<meta name=\"twitter:data1\" content=\"2 minutes\" \/>\n<script type=\"application\/ld+json\" class=\"yoast-schema-graph\">{\"@context\":\"https:\/\/schema.org\",\"@graph\":[{\"@type\":\"WebPage\",\"@id\":\"https:\/\/previews.elleven.digital\/acocearense\/noticia\/instituto-aco-cearense-realiza-acoes-do-dia-do-idoso\/\",\"url\":\"https:\/\/previews.elleven.digital\/acocearense\/noticia\/instituto-aco-cearense-realiza-acoes-do-dia-do-idoso\/\",\"name\":\"Instituto A\u00e7o Cearense realiza a\u00e7\u00f5es do Dia do Idoso - Grupo A\u00e7o Cearense\",\"isPartOf\":{\"@id\":\"https:\/\/previews.elleven.digital\/acocearense\/#website\"},\"primaryImageOfPage\":{\"@id\":\"https:\/\/previews.elleven.digital\/acocearense\/noticia\/instituto-aco-cearense-realiza-acoes-do-dia-do-idoso\/#primaryimage\"},\"image\":{\"@id\":\"https:\/\/previews.elleven.digital\/acocearense\/noticia\/instituto-aco-cearense-realiza-acoes-do-dia-do-idoso\/#primaryimage\"},\"thumbnailUrl\":\"https:\/\/previews.elleven.digital\/acocearense\/wp-content\/uploads\/2025\/05\/unnamed-1-2.jpg\",\"datePublished\":\"2019-10-09T18:52:57+00:00\",\"dateModified\":\"2025-05-07T18:53:31+00:00\",\"breadcrumb\":{\"@id\":\"https:\/\/previews.elleven.digital\/acocearense\/noticia\/instituto-aco-cearense-realiza-acoes-do-dia-do-idoso\/#breadcrumb\"},\"inLanguage\":\"en-US\",\"potentialAction\":[{\"@type\":\"ReadAction\",\"target\":[\"https:\/\/previews.elleven.digital\/acocearense\/noticia\/instituto-aco-cearense-realiza-acoes-do-dia-do-idoso\/\"]}]},{\"@type\":\"ImageObject\",\"inLanguage\":\"en-US\",\"@id\":\"https:\/\/previews.elleven.digital\/acocearense\/noticia\/instituto-aco-cearense-realiza-acoes-do-dia-do-idoso\/#primaryimage\",\"url\":\"https:\/\/previews.elleven.digital\/acocearense\/wp-content\/uploads\/2025\/05\/unnamed-1-2.jpg\",\"contentUrl\":\"https:\/\/previews.elleven.digital\/acocearense\/wp-content\/uploads\/2025\/05\/unnamed-1-2.jpg\",\"width\":960,\"height\":621},{\"@type\":\"BreadcrumbList\",\"@id\":\"https:\/\/previews.elleven.digital\/acocearense\/noticia\/instituto-aco-cearense-realiza-acoes-do-dia-do-idoso\/#breadcrumb\",\"itemListElement\":[{\"@type\":\"ListItem\",\"position\":1,\"name\":\"In\u00edcio\",\"item\":\"https:\/\/previews.elleven.digital\/acocearense\/\"},{\"@type\":\"ListItem\",\"position\":2,\"name\":\"Not\u00edcias\",\"item\":\"https:\/\/previews.elleven.digital\/acocearense\/noticias\/\"},{\"@type\":\"ListItem\",\"position\":3,\"name\":\"Instituto A\u00e7o Cearense realiza a\u00e7\u00f5es do Dia do Idoso\"}]},{\"@type\":\"WebSite\",\"@id\":\"https:\/\/previews.elleven.digital\/acocearense\/#website\",\"url\":\"https:\/\/previews.elleven.digital\/acocearense\/\",\"name\":\"A\u00e7o Cearense\",\"description\":\"H\u00e1 mais de 45 anos no mercado brasileiro do a\u00e7o.\",\"alternateName\":\"A\u00e7o Cearense\",\"potentialAction\":[{\"@type\":\"SearchAction\",\"target\":{\"@type\":\"EntryPoint\",\"urlTemplate\":\"https:\/\/previews.elleven.digital\/acocearense\/?s={search_term_string}\"},\"query-input\":{\"@type\":\"PropertyValueSpecification\",\"valueRequired\":true,\"valueName\":\"search_term_string\"}}],\"inLanguage\":\"en-US\"}]}<\/script>\n<!-- \/ Yoast SEO plugin. -->","yoast_head_json":{"title":"Instituto A\u00e7o Cearense realiza a\u00e7\u00f5es do Dia do Idoso - Grupo A\u00e7o Cearense","robots":{"index":"index","follow":"follow","max-snippet":"max-snippet:-1","max-image-preview":"max-image-preview:large","max-video-preview":"max-video-preview:-1"},"canonical":"https:\/\/previews.elleven.digital\/acocearense\/en\/noticia\/instituto-aco-cearense-realiza-acoes-do-dia-do-idoso\/","og_locale":"en_US","og_type":"article","og_title":"Instituto A\u00e7o Cearense realiza a\u00e7\u00f5es do Dia do Idoso - Grupo A\u00e7o Cearense","og_description":"O Dia Internacional do Idoso (1\u00ba de outubro) foi institu\u00eddo pela Organiza\u00e7\u00e3o das Na\u00e7\u00f5es Unidas(...)","og_url":"https:\/\/previews.elleven.digital\/acocearense\/en\/noticia\/instituto-aco-cearense-realiza-acoes-do-dia-do-idoso\/","og_site_name":"Grupo A\u00e7o Cearense","article_modified_time":"2025-05-07T18:53:31+00:00","og_image":[{"width":960,"height":621,"url":"https:\/\/previews.elleven.digital\/acocearense\/wp-content\/uploads\/2025\/05\/unnamed-1-2.jpg","type":"image\/jpeg"}],"twitter_card":"summary_large_image","twitter_misc":{"Est. reading time":"2 minutes"},"schema":{"@context":"https:\/\/schema.org","@graph":[{"@type":"WebPage","@id":"https:\/\/previews.elleven.digital\/acocearense\/noticia\/instituto-aco-cearense-realiza-acoes-do-dia-do-idoso\/","url":"https:\/\/previews.elleven.digital\/acocearense\/noticia\/instituto-aco-cearense-realiza-acoes-do-dia-do-idoso\/","name":"Instituto A\u00e7o Cearense realiza a\u00e7\u00f5es do Dia do Idoso - Grupo A\u00e7o Cearense","isPartOf":{"@id":"https:\/\/previews.elleven.digital\/acocearense\/#website"},"primaryImageOfPage":{"@id":"https:\/\/previews.elleven.digital\/acocearense\/noticia\/instituto-aco-cearense-realiza-acoes-do-dia-do-idoso\/#primaryimage"},"image":{"@id":"https:\/\/previews.elleven.digital\/acocearense\/noticia\/instituto-aco-cearense-realiza-acoes-do-dia-do-idoso\/#primaryimage"},"thumbnailUrl":"https:\/\/previews.elleven.digital\/acocearense\/wp-content\/uploads\/2025\/05\/unnamed-1-2.jpg","datePublished":"2019-10-09T18:52:57+00:00","dateModified":"2025-05-07T18:53:31+00:00","breadcrumb":{"@id":"https:\/\/previews.elleven.digital\/acocearense\/noticia\/instituto-aco-cearense-realiza-acoes-do-dia-do-idoso\/#breadcrumb"},"inLanguage":"en-US","potentialAction":[{"@type":"ReadAction","target":["https:\/\/previews.elleven.digital\/acocearense\/noticia\/instituto-aco-cearense-realiza-acoes-do-dia-do-idoso\/"]}]},{"@type":"ImageObject","inLanguage":"en-US","@id":"https:\/\/previews.elleven.digital\/acocearense\/noticia\/instituto-aco-cearense-realiza-acoes-do-dia-do-idoso\/#primaryimage","url":"https:\/\/previews.elleven.digital\/acocearense\/wp-content\/uploads\/2025\/05\/unnamed-1-2.jpg","contentUrl":"https:\/\/previews.elleven.digital\/acocearense\/wp-content\/uploads\/2025\/05\/unnamed-1-2.jpg","width":960,"height":621},{"@type":"BreadcrumbList","@id":"https:\/\/previews.elleven.digital\/acocearense\/noticia\/instituto-aco-cearense-realiza-acoes-do-dia-do-idoso\/#breadcrumb","itemListElement":[{"@type":"ListItem","position":1,"name":"In\u00edcio","item":"https:\/\/previews.elleven.digital\/acocearense\/"},{"@type":"ListItem","position":2,"name":"Not\u00edcias","item":"https:\/\/previews.elleven.digital\/acocearense\/noticias\/"},{"@type":"ListItem","position":3,"name":"Instituto A\u00e7o Cearense realiza a\u00e7\u00f5es do Dia do Idoso"}]},{"@type":"WebSite","@id":"https:\/\/previews.elleven.digital\/acocearense\/#website","url":"https:\/\/previews.elleven.digital\/acocearense\/","name":"Cear\u00e1 Steel","description":"We have been in the Brazilian steel market for over 45 years.","alternateName":"A\u00e7o Cearense","potentialAction":[{"@type":"SearchAction","target":{"@type":"EntryPoint","urlTemplate":"https:\/\/previews.elleven.digital\/acocearense\/?s={search_term_string}"},"query-input":{"@type":"PropertyValueSpecification","valueRequired":true,"valueName":"search_term_string"}}],"inLanguage":"en-US"}]}},"_links":{"self":[{"href":"https:\/\/previews.elleven.digital\/acocearense\/en\/wp-json\/wp\/v2\/noticia\/1917","targetHints":{"allow":["GET"]}}],"collection":[{"href":"https:\/\/previews.elleven.digital\/acocearense\/en\/wp-json\/wp\/v2\/noticia"}],"about":[{"href":"https:\/\/previews.elleven.digital\/acocearense\/en\/wp-json\/wp\/v2\/types\/noticia"}],"wp:featuredmedia":[{"embeddable":true,"href":"https:\/\/previews.elleven.digital\/acocearense\/en\/wp-json\/wp\/v2\/media\/1913"}],"wp:attachment":[{"href":"https:\/\/previews.elleven.digital\/acocearense\/en\/wp-json\/wp\/v2\/media?parent=1917"}],"wp:term":[{"taxonomy":"categoria-noticia","embeddable":true,"href":"https:\/\/previews.elleven.digital\/acocearense\/en\/wp-json\/wp\/v2\/categoria-noticia?post=1917"}],"curies":[{"name":"wp","href":"https:\/\/api.w.org\/{rel}","templated":true}]}}