{"id":1905,"date":"2019-09-20T15:47:44","date_gmt":"2019-09-20T18:47:44","guid":{"rendered":"https:\/\/previews.elleven.digital\/acocearense\/?post_type=noticia&#038;p=1905"},"modified":"2025-05-07T15:52:26","modified_gmt":"2025-05-07T18:52:26","slug":"lisandra-dantas-e-presenca-confirmada-na-meia-maratona-do-sol","status":"publish","type":"noticia","link":"https:\/\/previews.elleven.digital\/acocearense\/en\/noticia\/lisandra-dantas-e-presenca-confirmada-na-meia-maratona-do-sol\/","title":{"rendered":"Lisandra Dantas is confirmed to be present at the Sol Half Marathon"},"content":{"rendered":"<div class=\"m_4507818015039945926gmail-AD2M2015Texto\">Next Saturday (21), the street racing athlete sponsored by Instituto A\u00e7o Cearense, Lisandra Dantas, will be in Natal-RN to participate in one of the most disputed races in the Northeast, the Meia Maratona do Sol.<\/div>\n<div class=\"m_4507818015039945926gmail-AD2M2015Texto\"><\/div>\n<div class=\"m_4507818015039945926gmail-AD2M2015Texto\">The race is the largest sporting event in the state of Rio Grande do Norte and has been held in the capital of Rio Grande do Norte since 2014. In the fifth edition of the Half Marathon, in September 2018, the event brought together more than 7,500 registered athletes from all over Brazil and several other countries, running in three different challenges: 21 km, 10 km and 5 km.<\/div>\n<div class=\"m_4507818015039945926gmail-AD2M2015Texto\"><\/div>\n<div class=\"m_4507818015039945926gmail-AD2M2015Texto\">Lisandra, who is preparing to run the 5km Sol Half Marathon, has been a road runner since 2016 and has already accumulated 18 podium finishes. &quot;I&#039;m looking forward to this race, as I&#039;ve been waiting for it since the beginning of the year. I&#039;ve been training hard to achieve this podium finish,&quot; she commented.<\/div>\n<h2 class=\"m_4507818015039945926gmail-m-7960528501596898185gmail-m-1265365152930642081gmail-m8596654567679577072gmail-ad2m2015interttulo\">About the Cear\u00e1 Steel Institute<\/h2>\n<div class=\"m_4507818015039945926gmail-m-7960528501596898185gmail-m-1265365152930642081gmail-m8596654567679577072gmail-ad2m2015texto\"><span lang=\"EN-US\">The Cear\u00e1 Steel Institute is responsible for all of the Cear\u00e1 Steel Group&#039;s social, educational, sports, and entrepreneurial initiatives. It contributes to the development of Cear\u00e1, Par\u00e1, and Tocantins, where SINOBRAS and SINOBRAS FLORESTAL, two of the Group&#039;s companies, are located. With over R$12 million invested, the Institute has already served 160 institutions, benefiting over 80,000 people.<\/span><\/div>","protected":false},"featured_media":1915,"template":"","meta":{"_acf_changed":false,"inline_featured_image":false},"categoria-noticia":[],"class_list":["post-1905","noticia","type-noticia","status-publish","has-post-thumbnail","hentry"],"acf":{"link":""},"yoast_head":"<!-- This site is optimized with the Yoast SEO plugin v25.9 - https:\/\/yoast.com\/wordpress\/plugins\/seo\/ -->\n<title>Lisandra Dantas \u00e9 presen\u00e7a confirmada na Meia Maratona do Sol - Grupo A\u00e7o Cearense<\/title>\n<meta name=\"robots\" content=\"index, follow, max-snippet:-1, max-image-preview:large, max-video-preview:-1\" \/>\n<link rel=\"canonical\" href=\"https:\/\/previews.elleven.digital\/acocearense\/en\/noticia\/lisandra-dantas-e-presenca-confirmada-na-meia-maratona-do-sol\/\" \/>\n<meta property=\"og:locale\" content=\"en_US\" \/>\n<meta property=\"og:type\" content=\"article\" \/>\n<meta property=\"og:title\" content=\"Lisandra Dantas \u00e9 presen\u00e7a confirmada na Meia Maratona do Sol - Grupo A\u00e7o Cearense\" \/>\n<meta property=\"og:description\" content=\"No pr\u00f3ximo s\u00e1bado (21), a atleta de corridas de rua patrocinada pelo Instituto A\u00e7o Cearense,(...)\" \/>\n<meta property=\"og:url\" content=\"https:\/\/previews.elleven.digital\/acocearense\/en\/noticia\/lisandra-dantas-e-presenca-confirmada-na-meia-maratona-do-sol\/\" \/>\n<meta property=\"og:site_name\" content=\"Grupo A\u00e7o Cearense\" \/>\n<meta property=\"article:modified_time\" content=\"2025-05-07T18:52:26+00:00\" \/>\n<meta property=\"og:image\" content=\"https:\/\/previews.elleven.digital\/acocearense\/wp-content\/uploads\/2025\/05\/Meia-Maratona-do-sol-1024x1024-1.jpeg\" \/>\n\t<meta property=\"og:image:width\" content=\"1024\" \/>\n\t<meta property=\"og:image:height\" content=\"1024\" \/>\n\t<meta property=\"og:image:type\" content=\"image\/jpeg\" \/>\n<meta name=\"twitter:card\" content=\"summary_large_image\" \/>\n<meta name=\"twitter:label1\" content=\"Est. reading time\" \/>\n\t<meta name=\"twitter:data1\" content=\"2 minutes\" \/>\n<script type=\"application\/ld+json\" class=\"yoast-schema-graph\">{\"@context\":\"https:\/\/schema.org\",\"@graph\":[{\"@type\":\"WebPage\",\"@id\":\"https:\/\/previews.elleven.digital\/acocearense\/noticia\/lisandra-dantas-e-presenca-confirmada-na-meia-maratona-do-sol\/\",\"url\":\"https:\/\/previews.elleven.digital\/acocearense\/noticia\/lisandra-dantas-e-presenca-confirmada-na-meia-maratona-do-sol\/\",\"name\":\"Lisandra Dantas \u00e9 presen\u00e7a confirmada na Meia Maratona do Sol - Grupo A\u00e7o Cearense\",\"isPartOf\":{\"@id\":\"https:\/\/previews.elleven.digital\/acocearense\/#website\"},\"primaryImageOfPage\":{\"@id\":\"https:\/\/previews.elleven.digital\/acocearense\/noticia\/lisandra-dantas-e-presenca-confirmada-na-meia-maratona-do-sol\/#primaryimage\"},\"image\":{\"@id\":\"https:\/\/previews.elleven.digital\/acocearense\/noticia\/lisandra-dantas-e-presenca-confirmada-na-meia-maratona-do-sol\/#primaryimage\"},\"thumbnailUrl\":\"https:\/\/previews.elleven.digital\/acocearense\/wp-content\/uploads\/2025\/05\/Meia-Maratona-do-sol-1024x1024-1.jpeg\",\"datePublished\":\"2019-09-20T18:47:44+00:00\",\"dateModified\":\"2025-05-07T18:52:26+00:00\",\"breadcrumb\":{\"@id\":\"https:\/\/previews.elleven.digital\/acocearense\/noticia\/lisandra-dantas-e-presenca-confirmada-na-meia-maratona-do-sol\/#breadcrumb\"},\"inLanguage\":\"en-US\",\"potentialAction\":[{\"@type\":\"ReadAction\",\"target\":[\"https:\/\/previews.elleven.digital\/acocearense\/noticia\/lisandra-dantas-e-presenca-confirmada-na-meia-maratona-do-sol\/\"]}]},{\"@type\":\"ImageObject\",\"inLanguage\":\"en-US\",\"@id\":\"https:\/\/previews.elleven.digital\/acocearense\/noticia\/lisandra-dantas-e-presenca-confirmada-na-meia-maratona-do-sol\/#primaryimage\",\"url\":\"https:\/\/previews.elleven.digital\/acocearense\/wp-content\/uploads\/2025\/05\/Meia-Maratona-do-sol-1024x1024-1.jpeg\",\"contentUrl\":\"https:\/\/previews.elleven.digital\/acocearense\/wp-content\/uploads\/2025\/05\/Meia-Maratona-do-sol-1024x1024-1.jpeg\",\"width\":1024,\"height\":1024},{\"@type\":\"BreadcrumbList\",\"@id\":\"https:\/\/previews.elleven.digital\/acocearense\/noticia\/lisandra-dantas-e-presenca-confirmada-na-meia-maratona-do-sol\/#breadcrumb\",\"itemListElement\":[{\"@type\":\"ListItem\",\"position\":1,\"name\":\"In\u00edcio\",\"item\":\"https:\/\/previews.elleven.digital\/acocearense\/\"},{\"@type\":\"ListItem\",\"position\":2,\"name\":\"Not\u00edcias\",\"item\":\"https:\/\/previews.elleven.digital\/acocearense\/noticias\/\"},{\"@type\":\"ListItem\",\"position\":3,\"name\":\"Lisandra Dantas \u00e9 presen\u00e7a confirmada na Meia Maratona do Sol\"}]},{\"@type\":\"WebSite\",\"@id\":\"https:\/\/previews.elleven.digital\/acocearense\/#website\",\"url\":\"https:\/\/previews.elleven.digital\/acocearense\/\",\"name\":\"A\u00e7o Cearense\",\"description\":\"H\u00e1 mais de 45 anos no mercado brasileiro do a\u00e7o.\",\"alternateName\":\"A\u00e7o Cearense\",\"potentialAction\":[{\"@type\":\"SearchAction\",\"target\":{\"@type\":\"EntryPoint\",\"urlTemplate\":\"https:\/\/previews.elleven.digital\/acocearense\/?s={search_term_string}\"},\"query-input\":{\"@type\":\"PropertyValueSpecification\",\"valueRequired\":true,\"valueName\":\"search_term_string\"}}],\"inLanguage\":\"en-US\"}]}<\/script>\n<!-- \/ Yoast SEO plugin. -->","yoast_head_json":{"title":"Lisandra Dantas \u00e9 presen\u00e7a confirmada na Meia Maratona do Sol - Grupo A\u00e7o Cearense","robots":{"index":"index","follow":"follow","max-snippet":"max-snippet:-1","max-image-preview":"max-image-preview:large","max-video-preview":"max-video-preview:-1"},"canonical":"https:\/\/previews.elleven.digital\/acocearense\/en\/noticia\/lisandra-dantas-e-presenca-confirmada-na-meia-maratona-do-sol\/","og_locale":"en_US","og_type":"article","og_title":"Lisandra Dantas \u00e9 presen\u00e7a confirmada na Meia Maratona do Sol - Grupo A\u00e7o Cearense","og_description":"No pr\u00f3ximo s\u00e1bado (21), a atleta de corridas de rua patrocinada pelo Instituto A\u00e7o Cearense,(...)","og_url":"https:\/\/previews.elleven.digital\/acocearense\/en\/noticia\/lisandra-dantas-e-presenca-confirmada-na-meia-maratona-do-sol\/","og_site_name":"Grupo A\u00e7o Cearense","article_modified_time":"2025-05-07T18:52:26+00:00","og_image":[{"width":1024,"height":1024,"url":"https:\/\/previews.elleven.digital\/acocearense\/wp-content\/uploads\/2025\/05\/Meia-Maratona-do-sol-1024x1024-1.jpeg","type":"image\/jpeg"}],"twitter_card":"summary_large_image","twitter_misc":{"Est. reading time":"2 minutes"},"schema":{"@context":"https:\/\/schema.org","@graph":[{"@type":"WebPage","@id":"https:\/\/previews.elleven.digital\/acocearense\/noticia\/lisandra-dantas-e-presenca-confirmada-na-meia-maratona-do-sol\/","url":"https:\/\/previews.elleven.digital\/acocearense\/noticia\/lisandra-dantas-e-presenca-confirmada-na-meia-maratona-do-sol\/","name":"Lisandra Dantas \u00e9 presen\u00e7a confirmada na Meia Maratona do Sol - Grupo A\u00e7o Cearense","isPartOf":{"@id":"https:\/\/previews.elleven.digital\/acocearense\/#website"},"primaryImageOfPage":{"@id":"https:\/\/previews.elleven.digital\/acocearense\/noticia\/lisandra-dantas-e-presenca-confirmada-na-meia-maratona-do-sol\/#primaryimage"},"image":{"@id":"https:\/\/previews.elleven.digital\/acocearense\/noticia\/lisandra-dantas-e-presenca-confirmada-na-meia-maratona-do-sol\/#primaryimage"},"thumbnailUrl":"https:\/\/previews.elleven.digital\/acocearense\/wp-content\/uploads\/2025\/05\/Meia-Maratona-do-sol-1024x1024-1.jpeg","datePublished":"2019-09-20T18:47:44+00:00","dateModified":"2025-05-07T18:52:26+00:00","breadcrumb":{"@id":"https:\/\/previews.elleven.digital\/acocearense\/noticia\/lisandra-dantas-e-presenca-confirmada-na-meia-maratona-do-sol\/#breadcrumb"},"inLanguage":"en-US","potentialAction":[{"@type":"ReadAction","target":["https:\/\/previews.elleven.digital\/acocearense\/noticia\/lisandra-dantas-e-presenca-confirmada-na-meia-maratona-do-sol\/"]}]},{"@type":"ImageObject","inLanguage":"en-US","@id":"https:\/\/previews.elleven.digital\/acocearense\/noticia\/lisandra-dantas-e-presenca-confirmada-na-meia-maratona-do-sol\/#primaryimage","url":"https:\/\/previews.elleven.digital\/acocearense\/wp-content\/uploads\/2025\/05\/Meia-Maratona-do-sol-1024x1024-1.jpeg","contentUrl":"https:\/\/previews.elleven.digital\/acocearense\/wp-content\/uploads\/2025\/05\/Meia-Maratona-do-sol-1024x1024-1.jpeg","width":1024,"height":1024},{"@type":"BreadcrumbList","@id":"https:\/\/previews.elleven.digital\/acocearense\/noticia\/lisandra-dantas-e-presenca-confirmada-na-meia-maratona-do-sol\/#breadcrumb","itemListElement":[{"@type":"ListItem","position":1,"name":"In\u00edcio","item":"https:\/\/previews.elleven.digital\/acocearense\/"},{"@type":"ListItem","position":2,"name":"Not\u00edcias","item":"https:\/\/previews.elleven.digital\/acocearense\/noticias\/"},{"@type":"ListItem","position":3,"name":"Lisandra Dantas \u00e9 presen\u00e7a confirmada na Meia Maratona do Sol"}]},{"@type":"WebSite","@id":"https:\/\/previews.elleven.digital\/acocearense\/#website","url":"https:\/\/previews.elleven.digital\/acocearense\/","name":"Cear\u00e1 Steel","description":"We have been in the Brazilian steel market for over 45 years.","alternateName":"A\u00e7o Cearense","potentialAction":[{"@type":"SearchAction","target":{"@type":"EntryPoint","urlTemplate":"https:\/\/previews.elleven.digital\/acocearense\/?s={search_term_string}"},"query-input":{"@type":"PropertyValueSpecification","valueRequired":true,"valueName":"search_term_string"}}],"inLanguage":"en-US"}]}},"_links":{"self":[{"href":"https:\/\/previews.elleven.digital\/acocearense\/en\/wp-json\/wp\/v2\/noticia\/1905","targetHints":{"allow":["GET"]}}],"collection":[{"href":"https:\/\/previews.elleven.digital\/acocearense\/en\/wp-json\/wp\/v2\/noticia"}],"about":[{"href":"https:\/\/previews.elleven.digital\/acocearense\/en\/wp-json\/wp\/v2\/types\/noticia"}],"wp:featuredmedia":[{"embeddable":true,"href":"https:\/\/previews.elleven.digital\/acocearense\/en\/wp-json\/wp\/v2\/media\/1915"}],"wp:attachment":[{"href":"https:\/\/previews.elleven.digital\/acocearense\/en\/wp-json\/wp\/v2\/media?parent=1905"}],"wp:term":[{"taxonomy":"categoria-noticia","embeddable":true,"href":"https:\/\/previews.elleven.digital\/acocearense\/en\/wp-json\/wp\/v2\/categoria-noticia?post=1905"}],"curies":[{"name":"wp","href":"https:\/\/api.w.org\/{rel}","templated":true}]}}