{"id":1903,"date":"2019-09-17T15:46:43","date_gmt":"2019-09-17T18:46:43","guid":{"rendered":"https:\/\/previews.elleven.digital\/acocearense\/?post_type=noticia&#038;p=1903"},"modified":"2025-05-07T15:47:09","modified_gmt":"2025-05-07T18:47:09","slug":"projeto-iac-solidario-movimenta-colaboradores","status":"publish","type":"noticia","link":"https:\/\/previews.elleven.digital\/acocearense\/en\/noticia\/projeto-iac-solidario-movimenta-colaboradores\/","title":{"rendered":"IAC Solidarity Project mobilizes employees"},"content":{"rendered":"<p>Fulfilling its mission of promoting actions that guarantee the execution and multiplication of social initiatives to transform lives, the Instituto A\u00e7o Cearense held another edition of the campaign\u00a0<strong>IAC Solidarity<\/strong>\u00a0at SINOBRAS and SINOBRAS Florestal, from 08\/28 to 09\/04.<\/p>\n<p>More than 350 pieces of clothing in good condition were collected at both companies. At SINOBRAS, participating employees received a Bob&#039;s combo voucher (burger, soda, and fries). At SINOBRAS Florestal, a<em>smartphone<\/em>\u00a0A Samsung was raffled off among the participants. The winning employee was Andr\u00e9ia Sousa, from the Administrative Department, who commented: &quot;I&#039;m so happy to have won the phone! I&#039;m going to give it to my husband as a gift, as he needs it, and I promised him that if I won, I would give it to him.&quot;\u00a0<strong>IAC Solidarity<\/strong>\u00a0It&#039;s a very good initiative, not only because of the prize, but also because we exercise our solidarity side and help others.\u201d<img loading=\"lazy\" decoding=\"async\" class=\"alignright size-medium wp-image-6004\" src=\"https:\/\/grupoacocearense.com.br\/wp-content\/uploads\/2019\/09\/colaboradora-iac-solidario-171x300.jpeg\" sizes=\"auto, (max-width: 171px) 100vw, 171px\" srcset=\"https:\/\/previews.elleven.digital\/acocearense\/wp-content\/uploads\/2019\/09\/colaboradora-iac-solidario-171x300.jpeg 171w, https:\/\/previews.elleven.digital\/acocearense\/wp-content\/uploads\/2019\/09\/colaboradora-iac-solidario.jpeg 192w\" alt=\"colaboradora no iac solid\u00e1rio\" width=\"171\" height=\"300\" \/><\/p>\n<p>The campaign\u00a0<strong>IAC Solidarity<\/strong>\u00a0also took place at A\u00e7o Cearense Comercial and A\u00e7o Cearense Industrial, from August 21st to 24th. With the combined participation of employees from all A\u00e7o Cearense Group companies, 1,028 items of clothing were collected. The items will be donated to institutions supported by the A\u00e7o Cearense Institute for bazaars.<\/p>","protected":false},"featured_media":1885,"template":"","meta":{"_acf_changed":false,"inline_featured_image":false},"categoria-noticia":[],"class_list":["post-1903","noticia","type-noticia","status-publish","has-post-thumbnail","hentry"],"acf":{"link":""},"yoast_head":"<!-- This site is optimized with the Yoast SEO plugin v25.9 - https:\/\/yoast.com\/wordpress\/plugins\/seo\/ -->\n<title>Projeto IAC Solid\u00e1rio movimenta colaboradores - Grupo A\u00e7o Cearense<\/title>\n<meta name=\"robots\" content=\"index, follow, max-snippet:-1, max-image-preview:large, max-video-preview:-1\" \/>\n<link rel=\"canonical\" href=\"https:\/\/previews.elleven.digital\/acocearense\/en\/noticia\/projeto-iac-solidario-movimenta-colaboradores\/\" \/>\n<meta property=\"og:locale\" content=\"en_US\" \/>\n<meta property=\"og:type\" content=\"article\" \/>\n<meta property=\"og:title\" content=\"Projeto IAC Solid\u00e1rio movimenta colaboradores - Grupo A\u00e7o Cearense\" \/>\n<meta property=\"og:description\" content=\"Cumprindo a sua miss\u00e3o de promover a\u00e7\u00f5es que garantam a execu\u00e7\u00e3o e multiplica\u00e7\u00e3o de iniciativas(...)\" \/>\n<meta property=\"og:url\" content=\"https:\/\/previews.elleven.digital\/acocearense\/en\/noticia\/projeto-iac-solidario-movimenta-colaboradores\/\" \/>\n<meta property=\"og:site_name\" content=\"Grupo A\u00e7o Cearense\" \/>\n<meta property=\"article:modified_time\" content=\"2025-05-07T18:47:09+00:00\" \/>\n<meta property=\"og:image\" content=\"https:\/\/previews.elleven.digital\/acocearense\/wp-content\/uploads\/2025\/05\/colaboradores-iac.jpg\" \/>\n\t<meta property=\"og:image:width\" content=\"2048\" \/>\n\t<meta property=\"og:image:height\" content=\"1448\" \/>\n\t<meta property=\"og:image:type\" content=\"image\/jpeg\" \/>\n<meta name=\"twitter:card\" content=\"summary_large_image\" \/>\n<meta name=\"twitter:label1\" content=\"Est. reading time\" \/>\n\t<meta name=\"twitter:data1\" content=\"1 minute\" \/>\n<script type=\"application\/ld+json\" class=\"yoast-schema-graph\">{\"@context\":\"https:\/\/schema.org\",\"@graph\":[{\"@type\":\"WebPage\",\"@id\":\"https:\/\/previews.elleven.digital\/acocearense\/noticia\/projeto-iac-solidario-movimenta-colaboradores\/\",\"url\":\"https:\/\/previews.elleven.digital\/acocearense\/noticia\/projeto-iac-solidario-movimenta-colaboradores\/\",\"name\":\"Projeto IAC Solid\u00e1rio movimenta colaboradores - Grupo A\u00e7o Cearense\",\"isPartOf\":{\"@id\":\"https:\/\/previews.elleven.digital\/acocearense\/#website\"},\"primaryImageOfPage\":{\"@id\":\"https:\/\/previews.elleven.digital\/acocearense\/noticia\/projeto-iac-solidario-movimenta-colaboradores\/#primaryimage\"},\"image\":{\"@id\":\"https:\/\/previews.elleven.digital\/acocearense\/noticia\/projeto-iac-solidario-movimenta-colaboradores\/#primaryimage\"},\"thumbnailUrl\":\"https:\/\/previews.elleven.digital\/acocearense\/wp-content\/uploads\/2025\/05\/colaboradores-iac.jpg\",\"datePublished\":\"2019-09-17T18:46:43+00:00\",\"dateModified\":\"2025-05-07T18:47:09+00:00\",\"breadcrumb\":{\"@id\":\"https:\/\/previews.elleven.digital\/acocearense\/noticia\/projeto-iac-solidario-movimenta-colaboradores\/#breadcrumb\"},\"inLanguage\":\"en-US\",\"potentialAction\":[{\"@type\":\"ReadAction\",\"target\":[\"https:\/\/previews.elleven.digital\/acocearense\/noticia\/projeto-iac-solidario-movimenta-colaboradores\/\"]}]},{\"@type\":\"ImageObject\",\"inLanguage\":\"en-US\",\"@id\":\"https:\/\/previews.elleven.digital\/acocearense\/noticia\/projeto-iac-solidario-movimenta-colaboradores\/#primaryimage\",\"url\":\"https:\/\/previews.elleven.digital\/acocearense\/wp-content\/uploads\/2025\/05\/colaboradores-iac.jpg\",\"contentUrl\":\"https:\/\/previews.elleven.digital\/acocearense\/wp-content\/uploads\/2025\/05\/colaboradores-iac.jpg\",\"width\":2048,\"height\":1448},{\"@type\":\"BreadcrumbList\",\"@id\":\"https:\/\/previews.elleven.digital\/acocearense\/noticia\/projeto-iac-solidario-movimenta-colaboradores\/#breadcrumb\",\"itemListElement\":[{\"@type\":\"ListItem\",\"position\":1,\"name\":\"In\u00edcio\",\"item\":\"https:\/\/previews.elleven.digital\/acocearense\/\"},{\"@type\":\"ListItem\",\"position\":2,\"name\":\"Not\u00edcias\",\"item\":\"https:\/\/previews.elleven.digital\/acocearense\/noticias\/\"},{\"@type\":\"ListItem\",\"position\":3,\"name\":\"Projeto IAC Solid\u00e1rio movimenta colaboradores\"}]},{\"@type\":\"WebSite\",\"@id\":\"https:\/\/previews.elleven.digital\/acocearense\/#website\",\"url\":\"https:\/\/previews.elleven.digital\/acocearense\/\",\"name\":\"A\u00e7o Cearense\",\"description\":\"H\u00e1 mais de 45 anos no mercado brasileiro do a\u00e7o.\",\"alternateName\":\"A\u00e7o Cearense\",\"potentialAction\":[{\"@type\":\"SearchAction\",\"target\":{\"@type\":\"EntryPoint\",\"urlTemplate\":\"https:\/\/previews.elleven.digital\/acocearense\/?s={search_term_string}\"},\"query-input\":{\"@type\":\"PropertyValueSpecification\",\"valueRequired\":true,\"valueName\":\"search_term_string\"}}],\"inLanguage\":\"en-US\"}]}<\/script>\n<!-- \/ Yoast SEO plugin. -->","yoast_head_json":{"title":"Projeto IAC Solid\u00e1rio movimenta colaboradores - Grupo A\u00e7o Cearense","robots":{"index":"index","follow":"follow","max-snippet":"max-snippet:-1","max-image-preview":"max-image-preview:large","max-video-preview":"max-video-preview:-1"},"canonical":"https:\/\/previews.elleven.digital\/acocearense\/en\/noticia\/projeto-iac-solidario-movimenta-colaboradores\/","og_locale":"en_US","og_type":"article","og_title":"Projeto IAC Solid\u00e1rio movimenta colaboradores - Grupo A\u00e7o Cearense","og_description":"Cumprindo a sua miss\u00e3o de promover a\u00e7\u00f5es que garantam a execu\u00e7\u00e3o e multiplica\u00e7\u00e3o de iniciativas(...)","og_url":"https:\/\/previews.elleven.digital\/acocearense\/en\/noticia\/projeto-iac-solidario-movimenta-colaboradores\/","og_site_name":"Grupo A\u00e7o Cearense","article_modified_time":"2025-05-07T18:47:09+00:00","og_image":[{"width":2048,"height":1448,"url":"https:\/\/previews.elleven.digital\/acocearense\/wp-content\/uploads\/2025\/05\/colaboradores-iac.jpg","type":"image\/jpeg"}],"twitter_card":"summary_large_image","twitter_misc":{"Est. reading time":"1 minute"},"schema":{"@context":"https:\/\/schema.org","@graph":[{"@type":"WebPage","@id":"https:\/\/previews.elleven.digital\/acocearense\/noticia\/projeto-iac-solidario-movimenta-colaboradores\/","url":"https:\/\/previews.elleven.digital\/acocearense\/noticia\/projeto-iac-solidario-movimenta-colaboradores\/","name":"Projeto IAC Solid\u00e1rio movimenta colaboradores - Grupo A\u00e7o Cearense","isPartOf":{"@id":"https:\/\/previews.elleven.digital\/acocearense\/#website"},"primaryImageOfPage":{"@id":"https:\/\/previews.elleven.digital\/acocearense\/noticia\/projeto-iac-solidario-movimenta-colaboradores\/#primaryimage"},"image":{"@id":"https:\/\/previews.elleven.digital\/acocearense\/noticia\/projeto-iac-solidario-movimenta-colaboradores\/#primaryimage"},"thumbnailUrl":"https:\/\/previews.elleven.digital\/acocearense\/wp-content\/uploads\/2025\/05\/colaboradores-iac.jpg","datePublished":"2019-09-17T18:46:43+00:00","dateModified":"2025-05-07T18:47:09+00:00","breadcrumb":{"@id":"https:\/\/previews.elleven.digital\/acocearense\/noticia\/projeto-iac-solidario-movimenta-colaboradores\/#breadcrumb"},"inLanguage":"en-US","potentialAction":[{"@type":"ReadAction","target":["https:\/\/previews.elleven.digital\/acocearense\/noticia\/projeto-iac-solidario-movimenta-colaboradores\/"]}]},{"@type":"ImageObject","inLanguage":"en-US","@id":"https:\/\/previews.elleven.digital\/acocearense\/noticia\/projeto-iac-solidario-movimenta-colaboradores\/#primaryimage","url":"https:\/\/previews.elleven.digital\/acocearense\/wp-content\/uploads\/2025\/05\/colaboradores-iac.jpg","contentUrl":"https:\/\/previews.elleven.digital\/acocearense\/wp-content\/uploads\/2025\/05\/colaboradores-iac.jpg","width":2048,"height":1448},{"@type":"BreadcrumbList","@id":"https:\/\/previews.elleven.digital\/acocearense\/noticia\/projeto-iac-solidario-movimenta-colaboradores\/#breadcrumb","itemListElement":[{"@type":"ListItem","position":1,"name":"In\u00edcio","item":"https:\/\/previews.elleven.digital\/acocearense\/"},{"@type":"ListItem","position":2,"name":"Not\u00edcias","item":"https:\/\/previews.elleven.digital\/acocearense\/noticias\/"},{"@type":"ListItem","position":3,"name":"Projeto IAC Solid\u00e1rio movimenta colaboradores"}]},{"@type":"WebSite","@id":"https:\/\/previews.elleven.digital\/acocearense\/#website","url":"https:\/\/previews.elleven.digital\/acocearense\/","name":"Cear\u00e1 Steel","description":"We have been in the Brazilian steel market for over 45 years.","alternateName":"A\u00e7o Cearense","potentialAction":[{"@type":"SearchAction","target":{"@type":"EntryPoint","urlTemplate":"https:\/\/previews.elleven.digital\/acocearense\/?s={search_term_string}"},"query-input":{"@type":"PropertyValueSpecification","valueRequired":true,"valueName":"search_term_string"}}],"inLanguage":"en-US"}]}},"_links":{"self":[{"href":"https:\/\/previews.elleven.digital\/acocearense\/en\/wp-json\/wp\/v2\/noticia\/1903","targetHints":{"allow":["GET"]}}],"collection":[{"href":"https:\/\/previews.elleven.digital\/acocearense\/en\/wp-json\/wp\/v2\/noticia"}],"about":[{"href":"https:\/\/previews.elleven.digital\/acocearense\/en\/wp-json\/wp\/v2\/types\/noticia"}],"wp:featuredmedia":[{"embeddable":true,"href":"https:\/\/previews.elleven.digital\/acocearense\/en\/wp-json\/wp\/v2\/media\/1885"}],"wp:attachment":[{"href":"https:\/\/previews.elleven.digital\/acocearense\/en\/wp-json\/wp\/v2\/media?parent=1903"}],"wp:term":[{"taxonomy":"categoria-noticia","embeddable":true,"href":"https:\/\/previews.elleven.digital\/acocearense\/en\/wp-json\/wp\/v2\/categoria-noticia?post=1903"}],"curies":[{"name":"wp","href":"https:\/\/api.w.org\/{rel}","templated":true}]}}