{"id":1896,"date":"2019-08-20T15:42:56","date_gmt":"2019-08-20T18:42:56","guid":{"rendered":"https:\/\/previews.elleven.digital\/acocearense\/?post_type=noticia&#038;p=1896"},"modified":"2025-05-07T15:43:19","modified_gmt":"2025-05-07T18:43:19","slug":"presidente-do-grupo-aco-cearense-participou-de-reuniao-do-secretariado-municipal-de-fortaleza","status":"publish","type":"noticia","link":"https:\/\/previews.elleven.digital\/acocearense\/en\/noticia\/presidente-do-grupo-aco-cearense-participou-de-reuniao-do-secretariado-municipal-de-fortaleza\/","title":{"rendered":"President of the A\u00e7o Cearense Group participated in a meeting of the Fortaleza Municipal Secretariat"},"content":{"rendered":"<p>The previous Saturday, the 17th, Vilmar Ferreira, president of Grupo A\u00e7o Cearense, participated in the Fortaleza Municipal Secretariat Meeting at the invitation of Mayor Roberto Claudio. During the meeting, held at the S\u00e3o Jos\u00e9 Municipal Theater, the businessman presented his career to the municipal secretaries.<br \/>\nFifty years ago, Vilmar Ferreira left his hometown of Marco, in the interior of Cear\u00e1, to live in Fortaleza; it was the beginning of a story that would transform a rural man into a successful businessman. In his lecture &quot;The Journey of an Entrepreneur,&quot; the president of Grupo A\u00e7o Cearense recounts his career path since arriving in the capital and how he built one of the largest business groups in the state.<br \/>\nThe A\u00e7o Cearense Group, which celebrates its 40th anniversary this October, is a leader in the steel industry in the North and Northeast regions. It currently has four companies and an institute with operations in Cear\u00e1, Par\u00e1, and Tocantins: A\u00e7o Cearense Comercial, A\u00e7o Cearense Industrial, SINOBRAS, SINOBRAS Florestal, and Instituto A\u00e7o Cearense.<\/p>","protected":false},"featured_media":1894,"template":"","meta":{"_acf_changed":false,"inline_featured_image":false},"categoria-noticia":[],"class_list":["post-1896","noticia","type-noticia","status-publish","has-post-thumbnail","hentry"],"acf":{"link":""},"yoast_head":"<!-- This site is optimized with the Yoast SEO plugin v25.9 - https:\/\/yoast.com\/wordpress\/plugins\/seo\/ -->\n<title>Presidente do Grupo A\u00e7o Cearense participou de Reuni\u00e3o do Secretariado Municipal de Fortaleza - Grupo A\u00e7o Cearense<\/title>\n<meta name=\"robots\" content=\"index, follow, max-snippet:-1, max-image-preview:large, max-video-preview:-1\" \/>\n<link rel=\"canonical\" href=\"https:\/\/previews.elleven.digital\/acocearense\/en\/noticia\/presidente-do-grupo-aco-cearense-participou-de-reuniao-do-secretariado-municipal-de-fortaleza\/\" \/>\n<meta property=\"og:locale\" content=\"en_US\" \/>\n<meta property=\"og:type\" content=\"article\" \/>\n<meta property=\"og:title\" content=\"Presidente do Grupo A\u00e7o Cearense participou de Reuni\u00e3o do Secretariado Municipal de Fortaleza - Grupo A\u00e7o Cearense\" \/>\n<meta property=\"og:description\" content=\"No s\u00e1bado anterior, 17, o presidente do Grupo A\u00e7o Cearense, Vilmar Ferreira, participou da Reuni\u00e3o(...)\" \/>\n<meta property=\"og:url\" content=\"https:\/\/previews.elleven.digital\/acocearense\/en\/noticia\/presidente-do-grupo-aco-cearense-participou-de-reuniao-do-secretariado-municipal-de-fortaleza\/\" \/>\n<meta property=\"og:site_name\" content=\"Grupo A\u00e7o Cearense\" \/>\n<meta property=\"article:modified_time\" content=\"2025-05-07T18:43:19+00:00\" \/>\n<meta property=\"og:image\" content=\"https:\/\/previews.elleven.digital\/acocearense\/wp-content\/uploads\/2025\/05\/SrVilmar-1024x916-1.jpg\" \/>\n\t<meta property=\"og:image:width\" content=\"1024\" \/>\n\t<meta property=\"og:image:height\" content=\"916\" \/>\n\t<meta property=\"og:image:type\" content=\"image\/jpeg\" \/>\n<meta name=\"twitter:card\" content=\"summary_large_image\" \/>\n<meta name=\"twitter:label1\" content=\"Est. reading time\" \/>\n\t<meta name=\"twitter:data1\" content=\"2 minutes\" \/>\n<script type=\"application\/ld+json\" class=\"yoast-schema-graph\">{\"@context\":\"https:\/\/schema.org\",\"@graph\":[{\"@type\":\"WebPage\",\"@id\":\"https:\/\/previews.elleven.digital\/acocearense\/noticia\/presidente-do-grupo-aco-cearense-participou-de-reuniao-do-secretariado-municipal-de-fortaleza\/\",\"url\":\"https:\/\/previews.elleven.digital\/acocearense\/noticia\/presidente-do-grupo-aco-cearense-participou-de-reuniao-do-secretariado-municipal-de-fortaleza\/\",\"name\":\"Presidente do Grupo A\u00e7o Cearense participou de Reuni\u00e3o do Secretariado Municipal de Fortaleza - Grupo A\u00e7o Cearense\",\"isPartOf\":{\"@id\":\"https:\/\/previews.elleven.digital\/acocearense\/#website\"},\"primaryImageOfPage\":{\"@id\":\"https:\/\/previews.elleven.digital\/acocearense\/noticia\/presidente-do-grupo-aco-cearense-participou-de-reuniao-do-secretariado-municipal-de-fortaleza\/#primaryimage\"},\"image\":{\"@id\":\"https:\/\/previews.elleven.digital\/acocearense\/noticia\/presidente-do-grupo-aco-cearense-participou-de-reuniao-do-secretariado-municipal-de-fortaleza\/#primaryimage\"},\"thumbnailUrl\":\"https:\/\/previews.elleven.digital\/acocearense\/wp-content\/uploads\/2025\/05\/SrVilmar-1024x916-1.jpg\",\"datePublished\":\"2019-08-20T18:42:56+00:00\",\"dateModified\":\"2025-05-07T18:43:19+00:00\",\"breadcrumb\":{\"@id\":\"https:\/\/previews.elleven.digital\/acocearense\/noticia\/presidente-do-grupo-aco-cearense-participou-de-reuniao-do-secretariado-municipal-de-fortaleza\/#breadcrumb\"},\"inLanguage\":\"en-US\",\"potentialAction\":[{\"@type\":\"ReadAction\",\"target\":[\"https:\/\/previews.elleven.digital\/acocearense\/noticia\/presidente-do-grupo-aco-cearense-participou-de-reuniao-do-secretariado-municipal-de-fortaleza\/\"]}]},{\"@type\":\"ImageObject\",\"inLanguage\":\"en-US\",\"@id\":\"https:\/\/previews.elleven.digital\/acocearense\/noticia\/presidente-do-grupo-aco-cearense-participou-de-reuniao-do-secretariado-municipal-de-fortaleza\/#primaryimage\",\"url\":\"https:\/\/previews.elleven.digital\/acocearense\/wp-content\/uploads\/2025\/05\/SrVilmar-1024x916-1.jpg\",\"contentUrl\":\"https:\/\/previews.elleven.digital\/acocearense\/wp-content\/uploads\/2025\/05\/SrVilmar-1024x916-1.jpg\",\"width\":1024,\"height\":916},{\"@type\":\"BreadcrumbList\",\"@id\":\"https:\/\/previews.elleven.digital\/acocearense\/noticia\/presidente-do-grupo-aco-cearense-participou-de-reuniao-do-secretariado-municipal-de-fortaleza\/#breadcrumb\",\"itemListElement\":[{\"@type\":\"ListItem\",\"position\":1,\"name\":\"In\u00edcio\",\"item\":\"https:\/\/previews.elleven.digital\/acocearense\/\"},{\"@type\":\"ListItem\",\"position\":2,\"name\":\"Not\u00edcias\",\"item\":\"https:\/\/previews.elleven.digital\/acocearense\/noticias\/\"},{\"@type\":\"ListItem\",\"position\":3,\"name\":\"Presidente do Grupo A\u00e7o Cearense participou de Reuni\u00e3o do Secretariado Municipal de Fortaleza\"}]},{\"@type\":\"WebSite\",\"@id\":\"https:\/\/previews.elleven.digital\/acocearense\/#website\",\"url\":\"https:\/\/previews.elleven.digital\/acocearense\/\",\"name\":\"A\u00e7o Cearense\",\"description\":\"H\u00e1 mais de 45 anos no mercado brasileiro do a\u00e7o.\",\"alternateName\":\"A\u00e7o Cearense\",\"potentialAction\":[{\"@type\":\"SearchAction\",\"target\":{\"@type\":\"EntryPoint\",\"urlTemplate\":\"https:\/\/previews.elleven.digital\/acocearense\/?s={search_term_string}\"},\"query-input\":{\"@type\":\"PropertyValueSpecification\",\"valueRequired\":true,\"valueName\":\"search_term_string\"}}],\"inLanguage\":\"en-US\"}]}<\/script>\n<!-- \/ Yoast SEO plugin. -->","yoast_head_json":{"title":"Presidente do Grupo A\u00e7o Cearense participou de Reuni\u00e3o do Secretariado Municipal de Fortaleza - Grupo A\u00e7o Cearense","robots":{"index":"index","follow":"follow","max-snippet":"max-snippet:-1","max-image-preview":"max-image-preview:large","max-video-preview":"max-video-preview:-1"},"canonical":"https:\/\/previews.elleven.digital\/acocearense\/en\/noticia\/presidente-do-grupo-aco-cearense-participou-de-reuniao-do-secretariado-municipal-de-fortaleza\/","og_locale":"en_US","og_type":"article","og_title":"Presidente do Grupo A\u00e7o Cearense participou de Reuni\u00e3o do Secretariado Municipal de Fortaleza - Grupo A\u00e7o Cearense","og_description":"No s\u00e1bado anterior, 17, o presidente do Grupo A\u00e7o Cearense, Vilmar Ferreira, participou da Reuni\u00e3o(...)","og_url":"https:\/\/previews.elleven.digital\/acocearense\/en\/noticia\/presidente-do-grupo-aco-cearense-participou-de-reuniao-do-secretariado-municipal-de-fortaleza\/","og_site_name":"Grupo A\u00e7o Cearense","article_modified_time":"2025-05-07T18:43:19+00:00","og_image":[{"width":1024,"height":916,"url":"https:\/\/previews.elleven.digital\/acocearense\/wp-content\/uploads\/2025\/05\/SrVilmar-1024x916-1.jpg","type":"image\/jpeg"}],"twitter_card":"summary_large_image","twitter_misc":{"Est. reading time":"2 minutes"},"schema":{"@context":"https:\/\/schema.org","@graph":[{"@type":"WebPage","@id":"https:\/\/previews.elleven.digital\/acocearense\/noticia\/presidente-do-grupo-aco-cearense-participou-de-reuniao-do-secretariado-municipal-de-fortaleza\/","url":"https:\/\/previews.elleven.digital\/acocearense\/noticia\/presidente-do-grupo-aco-cearense-participou-de-reuniao-do-secretariado-municipal-de-fortaleza\/","name":"Presidente do Grupo A\u00e7o Cearense participou de Reuni\u00e3o do Secretariado Municipal de Fortaleza - Grupo A\u00e7o Cearense","isPartOf":{"@id":"https:\/\/previews.elleven.digital\/acocearense\/#website"},"primaryImageOfPage":{"@id":"https:\/\/previews.elleven.digital\/acocearense\/noticia\/presidente-do-grupo-aco-cearense-participou-de-reuniao-do-secretariado-municipal-de-fortaleza\/#primaryimage"},"image":{"@id":"https:\/\/previews.elleven.digital\/acocearense\/noticia\/presidente-do-grupo-aco-cearense-participou-de-reuniao-do-secretariado-municipal-de-fortaleza\/#primaryimage"},"thumbnailUrl":"https:\/\/previews.elleven.digital\/acocearense\/wp-content\/uploads\/2025\/05\/SrVilmar-1024x916-1.jpg","datePublished":"2019-08-20T18:42:56+00:00","dateModified":"2025-05-07T18:43:19+00:00","breadcrumb":{"@id":"https:\/\/previews.elleven.digital\/acocearense\/noticia\/presidente-do-grupo-aco-cearense-participou-de-reuniao-do-secretariado-municipal-de-fortaleza\/#breadcrumb"},"inLanguage":"en-US","potentialAction":[{"@type":"ReadAction","target":["https:\/\/previews.elleven.digital\/acocearense\/noticia\/presidente-do-grupo-aco-cearense-participou-de-reuniao-do-secretariado-municipal-de-fortaleza\/"]}]},{"@type":"ImageObject","inLanguage":"en-US","@id":"https:\/\/previews.elleven.digital\/acocearense\/noticia\/presidente-do-grupo-aco-cearense-participou-de-reuniao-do-secretariado-municipal-de-fortaleza\/#primaryimage","url":"https:\/\/previews.elleven.digital\/acocearense\/wp-content\/uploads\/2025\/05\/SrVilmar-1024x916-1.jpg","contentUrl":"https:\/\/previews.elleven.digital\/acocearense\/wp-content\/uploads\/2025\/05\/SrVilmar-1024x916-1.jpg","width":1024,"height":916},{"@type":"BreadcrumbList","@id":"https:\/\/previews.elleven.digital\/acocearense\/noticia\/presidente-do-grupo-aco-cearense-participou-de-reuniao-do-secretariado-municipal-de-fortaleza\/#breadcrumb","itemListElement":[{"@type":"ListItem","position":1,"name":"In\u00edcio","item":"https:\/\/previews.elleven.digital\/acocearense\/"},{"@type":"ListItem","position":2,"name":"Not\u00edcias","item":"https:\/\/previews.elleven.digital\/acocearense\/noticias\/"},{"@type":"ListItem","position":3,"name":"Presidente do Grupo A\u00e7o Cearense participou de Reuni\u00e3o do Secretariado Municipal de Fortaleza"}]},{"@type":"WebSite","@id":"https:\/\/previews.elleven.digital\/acocearense\/#website","url":"https:\/\/previews.elleven.digital\/acocearense\/","name":"Cear\u00e1 Steel","description":"We have been in the Brazilian steel market for over 45 years.","alternateName":"A\u00e7o Cearense","potentialAction":[{"@type":"SearchAction","target":{"@type":"EntryPoint","urlTemplate":"https:\/\/previews.elleven.digital\/acocearense\/?s={search_term_string}"},"query-input":{"@type":"PropertyValueSpecification","valueRequired":true,"valueName":"search_term_string"}}],"inLanguage":"en-US"}]}},"_links":{"self":[{"href":"https:\/\/previews.elleven.digital\/acocearense\/en\/wp-json\/wp\/v2\/noticia\/1896","targetHints":{"allow":["GET"]}}],"collection":[{"href":"https:\/\/previews.elleven.digital\/acocearense\/en\/wp-json\/wp\/v2\/noticia"}],"about":[{"href":"https:\/\/previews.elleven.digital\/acocearense\/en\/wp-json\/wp\/v2\/types\/noticia"}],"wp:featuredmedia":[{"embeddable":true,"href":"https:\/\/previews.elleven.digital\/acocearense\/en\/wp-json\/wp\/v2\/media\/1894"}],"wp:attachment":[{"href":"https:\/\/previews.elleven.digital\/acocearense\/en\/wp-json\/wp\/v2\/media?parent=1896"}],"wp:term":[{"taxonomy":"categoria-noticia","embeddable":true,"href":"https:\/\/previews.elleven.digital\/acocearense\/en\/wp-json\/wp\/v2\/categoria-noticia?post=1896"}],"curies":[{"name":"wp","href":"https:\/\/api.w.org\/{rel}","templated":true}]}}