{"id":1871,"date":"2019-07-18T15:38:02","date_gmt":"2019-07-18T18:38:02","guid":{"rendered":"https:\/\/previews.elleven.digital\/acocearense\/?post_type=noticia&#038;p=1871"},"modified":"2025-05-07T15:38:28","modified_gmt":"2025-05-07T18:38:28","slug":"atleta-apoiado-pelo-instituto-aco-cearense-e-campeao-do-open-nacional-de-karate","status":"publish","type":"noticia","link":"https:\/\/previews.elleven.digital\/acocearense\/en\/noticia\/atleta-apoiado-pelo-instituto-aco-cearense-e-campeao-do-open-nacional-de-karate\/","title":{"rendered":"Athlete supported by the Instituto A\u00e7o Cearense is the champion of the National Karate Open"},"content":{"rendered":"<p>Another medal on the chest of Jonathan Benvindo from Cear\u00e1, an athlete sponsored by the Instituto A\u00e7o Cearense, who won first place in the Para\u00edba National Karate Open, held on Saturday 13\/07, in Santa Rita.<br \/>\nJonathan traveled in search of national ranking points that will count toward the World Championships, which will take place in Chile at the end of 2019. The young man, just 17 years old, has already won over 200 competitions and is now preparing for the Pan American Games, which will be held in Ecuador next month. &quot;I&#039;m very confident about my upcoming victories. Each achievement like this, with the support of the Instituto A\u00e7o Cearense, which is currently my sole sponsor, brings me closer to the Pan American Games and the World Championships, which are my main goals at the moment,&quot; explains Jonathan.<\/p>","protected":false},"featured_media":1854,"template":"","meta":{"_acf_changed":false,"inline_featured_image":false},"categoria-noticia":[],"class_list":["post-1871","noticia","type-noticia","status-publish","has-post-thumbnail","hentry"],"acf":{"link":""},"yoast_head":"<!-- This site is optimized with the Yoast SEO plugin v25.9 - https:\/\/yoast.com\/wordpress\/plugins\/seo\/ -->\n<title>Atleta apoiado pelo Instituto A\u00e7o Cearense \u00e9 campe\u00e3o do Open Nacional de karat\u00ea - Grupo A\u00e7o Cearense<\/title>\n<meta name=\"robots\" content=\"index, follow, max-snippet:-1, max-image-preview:large, max-video-preview:-1\" \/>\n<link rel=\"canonical\" href=\"https:\/\/previews.elleven.digital\/acocearense\/en\/noticia\/atleta-apoiado-pelo-instituto-aco-cearense-e-campeao-do-open-nacional-de-karate\/\" \/>\n<meta property=\"og:locale\" content=\"en_US\" \/>\n<meta property=\"og:type\" content=\"article\" \/>\n<meta property=\"og:title\" content=\"Atleta apoiado pelo Instituto A\u00e7o Cearense \u00e9 campe\u00e3o do Open Nacional de karat\u00ea - Grupo A\u00e7o Cearense\" \/>\n<meta property=\"og:description\" content=\"Mais uma medalha no peito do cearense Jonathan Benvindo, atleta patrocinado pelo Instituto A\u00e7o Cearense,(...)\" \/>\n<meta property=\"og:url\" content=\"https:\/\/previews.elleven.digital\/acocearense\/en\/noticia\/atleta-apoiado-pelo-instituto-aco-cearense-e-campeao-do-open-nacional-de-karate\/\" \/>\n<meta property=\"og:site_name\" content=\"Grupo A\u00e7o Cearense\" \/>\n<meta property=\"article:modified_time\" content=\"2025-05-07T18:38:28+00:00\" \/>\n<meta property=\"og:image\" content=\"https:\/\/previews.elleven.digital\/acocearense\/wp-content\/uploads\/2025\/05\/Design-sem-nome-6.png\" \/>\n\t<meta property=\"og:image:width\" content=\"400\" \/>\n\t<meta property=\"og:image:height\" content=\"300\" \/>\n\t<meta property=\"og:image:type\" content=\"image\/png\" \/>\n<meta name=\"twitter:card\" content=\"summary_large_image\" \/>\n<meta name=\"twitter:label1\" content=\"Est. reading time\" \/>\n\t<meta name=\"twitter:data1\" content=\"1 minute\" \/>\n<script type=\"application\/ld+json\" class=\"yoast-schema-graph\">{\"@context\":\"https:\/\/schema.org\",\"@graph\":[{\"@type\":\"WebPage\",\"@id\":\"https:\/\/previews.elleven.digital\/acocearense\/noticia\/atleta-apoiado-pelo-instituto-aco-cearense-e-campeao-do-open-nacional-de-karate\/\",\"url\":\"https:\/\/previews.elleven.digital\/acocearense\/noticia\/atleta-apoiado-pelo-instituto-aco-cearense-e-campeao-do-open-nacional-de-karate\/\",\"name\":\"Atleta apoiado pelo Instituto A\u00e7o Cearense \u00e9 campe\u00e3o do Open Nacional de karat\u00ea - Grupo A\u00e7o Cearense\",\"isPartOf\":{\"@id\":\"https:\/\/previews.elleven.digital\/acocearense\/#website\"},\"primaryImageOfPage\":{\"@id\":\"https:\/\/previews.elleven.digital\/acocearense\/noticia\/atleta-apoiado-pelo-instituto-aco-cearense-e-campeao-do-open-nacional-de-karate\/#primaryimage\"},\"image\":{\"@id\":\"https:\/\/previews.elleven.digital\/acocearense\/noticia\/atleta-apoiado-pelo-instituto-aco-cearense-e-campeao-do-open-nacional-de-karate\/#primaryimage\"},\"thumbnailUrl\":\"https:\/\/previews.elleven.digital\/acocearense\/wp-content\/uploads\/2025\/05\/Design-sem-nome-6.png\",\"datePublished\":\"2019-07-18T18:38:02+00:00\",\"dateModified\":\"2025-05-07T18:38:28+00:00\",\"breadcrumb\":{\"@id\":\"https:\/\/previews.elleven.digital\/acocearense\/noticia\/atleta-apoiado-pelo-instituto-aco-cearense-e-campeao-do-open-nacional-de-karate\/#breadcrumb\"},\"inLanguage\":\"en-US\",\"potentialAction\":[{\"@type\":\"ReadAction\",\"target\":[\"https:\/\/previews.elleven.digital\/acocearense\/noticia\/atleta-apoiado-pelo-instituto-aco-cearense-e-campeao-do-open-nacional-de-karate\/\"]}]},{\"@type\":\"ImageObject\",\"inLanguage\":\"en-US\",\"@id\":\"https:\/\/previews.elleven.digital\/acocearense\/noticia\/atleta-apoiado-pelo-instituto-aco-cearense-e-campeao-do-open-nacional-de-karate\/#primaryimage\",\"url\":\"https:\/\/previews.elleven.digital\/acocearense\/wp-content\/uploads\/2025\/05\/Design-sem-nome-6.png\",\"contentUrl\":\"https:\/\/previews.elleven.digital\/acocearense\/wp-content\/uploads\/2025\/05\/Design-sem-nome-6.png\",\"width\":400,\"height\":300},{\"@type\":\"BreadcrumbList\",\"@id\":\"https:\/\/previews.elleven.digital\/acocearense\/noticia\/atleta-apoiado-pelo-instituto-aco-cearense-e-campeao-do-open-nacional-de-karate\/#breadcrumb\",\"itemListElement\":[{\"@type\":\"ListItem\",\"position\":1,\"name\":\"In\u00edcio\",\"item\":\"https:\/\/previews.elleven.digital\/acocearense\/\"},{\"@type\":\"ListItem\",\"position\":2,\"name\":\"Not\u00edcias\",\"item\":\"https:\/\/previews.elleven.digital\/acocearense\/noticias\/\"},{\"@type\":\"ListItem\",\"position\":3,\"name\":\"Atleta apoiado pelo Instituto A\u00e7o Cearense \u00e9 campe\u00e3o do Open Nacional de karat\u00ea\"}]},{\"@type\":\"WebSite\",\"@id\":\"https:\/\/previews.elleven.digital\/acocearense\/#website\",\"url\":\"https:\/\/previews.elleven.digital\/acocearense\/\",\"name\":\"A\u00e7o Cearense\",\"description\":\"H\u00e1 mais de 45 anos no mercado brasileiro do a\u00e7o.\",\"alternateName\":\"A\u00e7o Cearense\",\"potentialAction\":[{\"@type\":\"SearchAction\",\"target\":{\"@type\":\"EntryPoint\",\"urlTemplate\":\"https:\/\/previews.elleven.digital\/acocearense\/?s={search_term_string}\"},\"query-input\":{\"@type\":\"PropertyValueSpecification\",\"valueRequired\":true,\"valueName\":\"search_term_string\"}}],\"inLanguage\":\"en-US\"}]}<\/script>\n<!-- \/ Yoast SEO plugin. -->","yoast_head_json":{"title":"Atleta apoiado pelo Instituto A\u00e7o Cearense \u00e9 campe\u00e3o do Open Nacional de karat\u00ea - Grupo A\u00e7o Cearense","robots":{"index":"index","follow":"follow","max-snippet":"max-snippet:-1","max-image-preview":"max-image-preview:large","max-video-preview":"max-video-preview:-1"},"canonical":"https:\/\/previews.elleven.digital\/acocearense\/en\/noticia\/atleta-apoiado-pelo-instituto-aco-cearense-e-campeao-do-open-nacional-de-karate\/","og_locale":"en_US","og_type":"article","og_title":"Atleta apoiado pelo Instituto A\u00e7o Cearense \u00e9 campe\u00e3o do Open Nacional de karat\u00ea - Grupo A\u00e7o Cearense","og_description":"Mais uma medalha no peito do cearense Jonathan Benvindo, atleta patrocinado pelo Instituto A\u00e7o Cearense,(...)","og_url":"https:\/\/previews.elleven.digital\/acocearense\/en\/noticia\/atleta-apoiado-pelo-instituto-aco-cearense-e-campeao-do-open-nacional-de-karate\/","og_site_name":"Grupo A\u00e7o Cearense","article_modified_time":"2025-05-07T18:38:28+00:00","og_image":[{"width":400,"height":300,"url":"https:\/\/previews.elleven.digital\/acocearense\/wp-content\/uploads\/2025\/05\/Design-sem-nome-6.png","type":"image\/png"}],"twitter_card":"summary_large_image","twitter_misc":{"Est. reading time":"1 minute"},"schema":{"@context":"https:\/\/schema.org","@graph":[{"@type":"WebPage","@id":"https:\/\/previews.elleven.digital\/acocearense\/noticia\/atleta-apoiado-pelo-instituto-aco-cearense-e-campeao-do-open-nacional-de-karate\/","url":"https:\/\/previews.elleven.digital\/acocearense\/noticia\/atleta-apoiado-pelo-instituto-aco-cearense-e-campeao-do-open-nacional-de-karate\/","name":"Atleta apoiado pelo Instituto A\u00e7o Cearense \u00e9 campe\u00e3o do Open Nacional de karat\u00ea - Grupo A\u00e7o Cearense","isPartOf":{"@id":"https:\/\/previews.elleven.digital\/acocearense\/#website"},"primaryImageOfPage":{"@id":"https:\/\/previews.elleven.digital\/acocearense\/noticia\/atleta-apoiado-pelo-instituto-aco-cearense-e-campeao-do-open-nacional-de-karate\/#primaryimage"},"image":{"@id":"https:\/\/previews.elleven.digital\/acocearense\/noticia\/atleta-apoiado-pelo-instituto-aco-cearense-e-campeao-do-open-nacional-de-karate\/#primaryimage"},"thumbnailUrl":"https:\/\/previews.elleven.digital\/acocearense\/wp-content\/uploads\/2025\/05\/Design-sem-nome-6.png","datePublished":"2019-07-18T18:38:02+00:00","dateModified":"2025-05-07T18:38:28+00:00","breadcrumb":{"@id":"https:\/\/previews.elleven.digital\/acocearense\/noticia\/atleta-apoiado-pelo-instituto-aco-cearense-e-campeao-do-open-nacional-de-karate\/#breadcrumb"},"inLanguage":"en-US","potentialAction":[{"@type":"ReadAction","target":["https:\/\/previews.elleven.digital\/acocearense\/noticia\/atleta-apoiado-pelo-instituto-aco-cearense-e-campeao-do-open-nacional-de-karate\/"]}]},{"@type":"ImageObject","inLanguage":"en-US","@id":"https:\/\/previews.elleven.digital\/acocearense\/noticia\/atleta-apoiado-pelo-instituto-aco-cearense-e-campeao-do-open-nacional-de-karate\/#primaryimage","url":"https:\/\/previews.elleven.digital\/acocearense\/wp-content\/uploads\/2025\/05\/Design-sem-nome-6.png","contentUrl":"https:\/\/previews.elleven.digital\/acocearense\/wp-content\/uploads\/2025\/05\/Design-sem-nome-6.png","width":400,"height":300},{"@type":"BreadcrumbList","@id":"https:\/\/previews.elleven.digital\/acocearense\/noticia\/atleta-apoiado-pelo-instituto-aco-cearense-e-campeao-do-open-nacional-de-karate\/#breadcrumb","itemListElement":[{"@type":"ListItem","position":1,"name":"In\u00edcio","item":"https:\/\/previews.elleven.digital\/acocearense\/"},{"@type":"ListItem","position":2,"name":"Not\u00edcias","item":"https:\/\/previews.elleven.digital\/acocearense\/noticias\/"},{"@type":"ListItem","position":3,"name":"Atleta apoiado pelo Instituto A\u00e7o Cearense \u00e9 campe\u00e3o do Open Nacional de karat\u00ea"}]},{"@type":"WebSite","@id":"https:\/\/previews.elleven.digital\/acocearense\/#website","url":"https:\/\/previews.elleven.digital\/acocearense\/","name":"Cear\u00e1 Steel","description":"We have been in the Brazilian steel market for over 45 years.","alternateName":"A\u00e7o Cearense","potentialAction":[{"@type":"SearchAction","target":{"@type":"EntryPoint","urlTemplate":"https:\/\/previews.elleven.digital\/acocearense\/?s={search_term_string}"},"query-input":{"@type":"PropertyValueSpecification","valueRequired":true,"valueName":"search_term_string"}}],"inLanguage":"en-US"}]}},"_links":{"self":[{"href":"https:\/\/previews.elleven.digital\/acocearense\/en\/wp-json\/wp\/v2\/noticia\/1871","targetHints":{"allow":["GET"]}}],"collection":[{"href":"https:\/\/previews.elleven.digital\/acocearense\/en\/wp-json\/wp\/v2\/noticia"}],"about":[{"href":"https:\/\/previews.elleven.digital\/acocearense\/en\/wp-json\/wp\/v2\/types\/noticia"}],"wp:featuredmedia":[{"embeddable":true,"href":"https:\/\/previews.elleven.digital\/acocearense\/en\/wp-json\/wp\/v2\/media\/1854"}],"wp:attachment":[{"href":"https:\/\/previews.elleven.digital\/acocearense\/en\/wp-json\/wp\/v2\/media?parent=1871"}],"wp:term":[{"taxonomy":"categoria-noticia","embeddable":true,"href":"https:\/\/previews.elleven.digital\/acocearense\/en\/wp-json\/wp\/v2\/categoria-noticia?post=1871"}],"curies":[{"name":"wp","href":"https:\/\/api.w.org\/{rel}","templated":true}]}}