{"id":1864,"date":"2019-06-26T15:34:20","date_gmt":"2019-06-26T18:34:20","guid":{"rendered":"https:\/\/previews.elleven.digital\/acocearense\/?post_type=noticia&#038;p=1864"},"modified":"2025-05-07T15:34:49","modified_gmt":"2025-05-07T18:34:49","slug":"atletas-patrocinados-pelo-instituto-aco-cearense-se-destacam","status":"publish","type":"noticia","link":"https:\/\/previews.elleven.digital\/acocearense\/en\/noticia\/atletas-patrocinados-pelo-instituto-aco-cearense-se-destacam\/","title":{"rendered":"Athletes sponsored by the Instituto A\u00e7o Cearense stand out"},"content":{"rendered":"<p>The collaborating athletes sponsored by the Instituto A\u00e7o Cearense stood out in the events they participated in in June, demonstrating that it is possible to combine sport with work.<br \/>\nLisandra Dantas, a Contracting employee at A\u00e7o Cearense Industrial Matriz, highlights a phrase that motivates her: &quot;Always remember, your focus determines your reality.&quot; With this mindset, she continues training steadfastly, aiming for new podium finishes. She participated in the II Eus\u00e9bio Half Marathon, held on the 23rd, placing first in the 18-29 age group and fourth overall. The race drew 5,000 participants and is already part of the Cear\u00e1 sports calendar as one of the largest running events in the state.<br \/>\nGilberto Silva, a Services employee at A\u00e7o Cearense Comercial and a paracyclist from Cear\u00e1, traveled to Diadema, S\u00e3o Paulo, to participate in the Brazilian stage of the Pan American Road Paracycling Circuit, which took place from the 14th to the 16th of this month. He finished 5th in the time trial. The circuit is one of the main events on the national calendar and counts points for national and international rankings. &quot;Thank you to my sponsors and God for this opportunity to participate in another international event. It&#039;s never easy, but I always try to do my best and bring medals home to Cear\u00e1,&quot; the athlete remarked.<\/p>\n<p><img loading=\"lazy\" decoding=\"async\" class=\"wp-image-5392 size-medium aligncenter\" src=\"https:\/\/grupoacocearense.com.br\/wp-content\/uploads\/2019\/06\/19ecb72a-dd18-4478-901f-60a6c0493323-240x300.jpg\" sizes=\"auto, (max-width: 240px) 100vw, 240px\" srcset=\"https:\/\/previews.elleven.digital\/acocearense\/wp-content\/uploads\/2019\/06\/19ecb72a-dd18-4478-901f-60a6c0493323-240x300.jpg 240w, https:\/\/previews.elleven.digital\/acocearense\/wp-content\/uploads\/2019\/06\/19ecb72a-dd18-4478-901f-60a6c0493323.jpg 768w\" alt=\"\" width=\"240\" height=\"300\" \/>\u00a0<img loading=\"lazy\" decoding=\"async\" class=\"wp-image-5391 size-medium aligncenter\" src=\"https:\/\/grupoacocearense.com.br\/wp-content\/uploads\/2019\/06\/640c2be9-8f18-466a-9c85-f09d435a1bd0-300x300.jpg\" sizes=\"auto, (max-width: 300px) 100vw, 300px\" srcset=\"https:\/\/previews.elleven.digital\/acocearense\/wp-content\/uploads\/2019\/06\/640c2be9-8f18-466a-9c85-f09d435a1bd0-300x300.jpg 300w, https:\/\/previews.elleven.digital\/acocearense\/wp-content\/uploads\/2019\/06\/640c2be9-8f18-466a-9c85-f09d435a1bd0-150x150.jpg 150w, https:\/\/previews.elleven.digital\/acocearense\/wp-content\/uploads\/2019\/06\/640c2be9-8f18-466a-9c85-f09d435a1bd0-768x768.jpg 768w, https:\/\/previews.elleven.digital\/acocearense\/wp-content\/uploads\/2019\/06\/640c2be9-8f18-466a-9c85-f09d435a1bd0.jpg 960w\" alt=\"\" width=\"300\" height=\"300\" \/><\/p>","protected":false},"featured_media":1860,"template":"","meta":{"_acf_changed":false,"inline_featured_image":false},"categoria-noticia":[],"class_list":["post-1864","noticia","type-noticia","status-publish","has-post-thumbnail","hentry"],"acf":{"link":""},"yoast_head":"<!-- This site is optimized with the Yoast SEO plugin v25.9 - https:\/\/yoast.com\/wordpress\/plugins\/seo\/ -->\n<title>Atletas patrocinados pelo Instituto A\u00e7o Cearense se destacam - Grupo A\u00e7o Cearense<\/title>\n<meta name=\"robots\" content=\"index, follow, max-snippet:-1, max-image-preview:large, max-video-preview:-1\" \/>\n<link rel=\"canonical\" href=\"https:\/\/previews.elleven.digital\/acocearense\/en\/noticia\/atletas-patrocinados-pelo-instituto-aco-cearense-se-destacam\/\" \/>\n<meta property=\"og:locale\" content=\"en_US\" \/>\n<meta property=\"og:type\" content=\"article\" \/>\n<meta property=\"og:title\" content=\"Atletas patrocinados pelo Instituto A\u00e7o Cearense se destacam - Grupo A\u00e7o Cearense\" \/>\n<meta property=\"og:description\" content=\"Os atletas colaboradores patrocinados pelo Instituto A\u00e7o Cearense ganharam destaque nas provas que participaram no(...)\" \/>\n<meta property=\"og:url\" content=\"https:\/\/previews.elleven.digital\/acocearense\/en\/noticia\/atletas-patrocinados-pelo-instituto-aco-cearense-se-destacam\/\" \/>\n<meta property=\"og:site_name\" content=\"Grupo A\u00e7o Cearense\" \/>\n<meta property=\"article:modified_time\" content=\"2025-05-07T18:34:49+00:00\" \/>\n<meta property=\"og:image\" content=\"https:\/\/previews.elleven.digital\/acocearense\/wp-content\/uploads\/2025\/05\/Design-sem-nome-1-1-1.png\" \/>\n\t<meta property=\"og:image:width\" content=\"400\" \/>\n\t<meta property=\"og:image:height\" content=\"300\" \/>\n\t<meta property=\"og:image:type\" content=\"image\/png\" \/>\n<meta name=\"twitter:card\" content=\"summary_large_image\" \/>\n<meta name=\"twitter:label1\" content=\"Est. reading time\" \/>\n\t<meta name=\"twitter:data1\" content=\"2 minutes\" \/>\n<script type=\"application\/ld+json\" class=\"yoast-schema-graph\">{\"@context\":\"https:\/\/schema.org\",\"@graph\":[{\"@type\":\"WebPage\",\"@id\":\"https:\/\/previews.elleven.digital\/acocearense\/noticia\/atletas-patrocinados-pelo-instituto-aco-cearense-se-destacam\/\",\"url\":\"https:\/\/previews.elleven.digital\/acocearense\/noticia\/atletas-patrocinados-pelo-instituto-aco-cearense-se-destacam\/\",\"name\":\"Atletas patrocinados pelo Instituto A\u00e7o Cearense se destacam - Grupo A\u00e7o Cearense\",\"isPartOf\":{\"@id\":\"https:\/\/previews.elleven.digital\/acocearense\/#website\"},\"primaryImageOfPage\":{\"@id\":\"https:\/\/previews.elleven.digital\/acocearense\/noticia\/atletas-patrocinados-pelo-instituto-aco-cearense-se-destacam\/#primaryimage\"},\"image\":{\"@id\":\"https:\/\/previews.elleven.digital\/acocearense\/noticia\/atletas-patrocinados-pelo-instituto-aco-cearense-se-destacam\/#primaryimage\"},\"thumbnailUrl\":\"https:\/\/previews.elleven.digital\/acocearense\/wp-content\/uploads\/2025\/05\/Design-sem-nome-1-1-1.png\",\"datePublished\":\"2019-06-26T18:34:20+00:00\",\"dateModified\":\"2025-05-07T18:34:49+00:00\",\"breadcrumb\":{\"@id\":\"https:\/\/previews.elleven.digital\/acocearense\/noticia\/atletas-patrocinados-pelo-instituto-aco-cearense-se-destacam\/#breadcrumb\"},\"inLanguage\":\"en-US\",\"potentialAction\":[{\"@type\":\"ReadAction\",\"target\":[\"https:\/\/previews.elleven.digital\/acocearense\/noticia\/atletas-patrocinados-pelo-instituto-aco-cearense-se-destacam\/\"]}]},{\"@type\":\"ImageObject\",\"inLanguage\":\"en-US\",\"@id\":\"https:\/\/previews.elleven.digital\/acocearense\/noticia\/atletas-patrocinados-pelo-instituto-aco-cearense-se-destacam\/#primaryimage\",\"url\":\"https:\/\/previews.elleven.digital\/acocearense\/wp-content\/uploads\/2025\/05\/Design-sem-nome-1-1-1.png\",\"contentUrl\":\"https:\/\/previews.elleven.digital\/acocearense\/wp-content\/uploads\/2025\/05\/Design-sem-nome-1-1-1.png\",\"width\":400,\"height\":300},{\"@type\":\"BreadcrumbList\",\"@id\":\"https:\/\/previews.elleven.digital\/acocearense\/noticia\/atletas-patrocinados-pelo-instituto-aco-cearense-se-destacam\/#breadcrumb\",\"itemListElement\":[{\"@type\":\"ListItem\",\"position\":1,\"name\":\"In\u00edcio\",\"item\":\"https:\/\/previews.elleven.digital\/acocearense\/\"},{\"@type\":\"ListItem\",\"position\":2,\"name\":\"Not\u00edcias\",\"item\":\"https:\/\/previews.elleven.digital\/acocearense\/noticias\/\"},{\"@type\":\"ListItem\",\"position\":3,\"name\":\"Atletas patrocinados pelo Instituto A\u00e7o Cearense se destacam\"}]},{\"@type\":\"WebSite\",\"@id\":\"https:\/\/previews.elleven.digital\/acocearense\/#website\",\"url\":\"https:\/\/previews.elleven.digital\/acocearense\/\",\"name\":\"A\u00e7o Cearense\",\"description\":\"H\u00e1 mais de 45 anos no mercado brasileiro do a\u00e7o.\",\"alternateName\":\"A\u00e7o Cearense\",\"potentialAction\":[{\"@type\":\"SearchAction\",\"target\":{\"@type\":\"EntryPoint\",\"urlTemplate\":\"https:\/\/previews.elleven.digital\/acocearense\/?s={search_term_string}\"},\"query-input\":{\"@type\":\"PropertyValueSpecification\",\"valueRequired\":true,\"valueName\":\"search_term_string\"}}],\"inLanguage\":\"en-US\"}]}<\/script>\n<!-- \/ Yoast SEO plugin. -->","yoast_head_json":{"title":"Atletas patrocinados pelo Instituto A\u00e7o Cearense se destacam - Grupo A\u00e7o Cearense","robots":{"index":"index","follow":"follow","max-snippet":"max-snippet:-1","max-image-preview":"max-image-preview:large","max-video-preview":"max-video-preview:-1"},"canonical":"https:\/\/previews.elleven.digital\/acocearense\/en\/noticia\/atletas-patrocinados-pelo-instituto-aco-cearense-se-destacam\/","og_locale":"en_US","og_type":"article","og_title":"Atletas patrocinados pelo Instituto A\u00e7o Cearense se destacam - Grupo A\u00e7o Cearense","og_description":"Os atletas colaboradores patrocinados pelo Instituto A\u00e7o Cearense ganharam destaque nas provas que participaram no(...)","og_url":"https:\/\/previews.elleven.digital\/acocearense\/en\/noticia\/atletas-patrocinados-pelo-instituto-aco-cearense-se-destacam\/","og_site_name":"Grupo A\u00e7o Cearense","article_modified_time":"2025-05-07T18:34:49+00:00","og_image":[{"width":400,"height":300,"url":"https:\/\/previews.elleven.digital\/acocearense\/wp-content\/uploads\/2025\/05\/Design-sem-nome-1-1-1.png","type":"image\/png"}],"twitter_card":"summary_large_image","twitter_misc":{"Est. reading time":"2 minutes"},"schema":{"@context":"https:\/\/schema.org","@graph":[{"@type":"WebPage","@id":"https:\/\/previews.elleven.digital\/acocearense\/noticia\/atletas-patrocinados-pelo-instituto-aco-cearense-se-destacam\/","url":"https:\/\/previews.elleven.digital\/acocearense\/noticia\/atletas-patrocinados-pelo-instituto-aco-cearense-se-destacam\/","name":"Atletas patrocinados pelo Instituto A\u00e7o Cearense se destacam - Grupo A\u00e7o Cearense","isPartOf":{"@id":"https:\/\/previews.elleven.digital\/acocearense\/#website"},"primaryImageOfPage":{"@id":"https:\/\/previews.elleven.digital\/acocearense\/noticia\/atletas-patrocinados-pelo-instituto-aco-cearense-se-destacam\/#primaryimage"},"image":{"@id":"https:\/\/previews.elleven.digital\/acocearense\/noticia\/atletas-patrocinados-pelo-instituto-aco-cearense-se-destacam\/#primaryimage"},"thumbnailUrl":"https:\/\/previews.elleven.digital\/acocearense\/wp-content\/uploads\/2025\/05\/Design-sem-nome-1-1-1.png","datePublished":"2019-06-26T18:34:20+00:00","dateModified":"2025-05-07T18:34:49+00:00","breadcrumb":{"@id":"https:\/\/previews.elleven.digital\/acocearense\/noticia\/atletas-patrocinados-pelo-instituto-aco-cearense-se-destacam\/#breadcrumb"},"inLanguage":"en-US","potentialAction":[{"@type":"ReadAction","target":["https:\/\/previews.elleven.digital\/acocearense\/noticia\/atletas-patrocinados-pelo-instituto-aco-cearense-se-destacam\/"]}]},{"@type":"ImageObject","inLanguage":"en-US","@id":"https:\/\/previews.elleven.digital\/acocearense\/noticia\/atletas-patrocinados-pelo-instituto-aco-cearense-se-destacam\/#primaryimage","url":"https:\/\/previews.elleven.digital\/acocearense\/wp-content\/uploads\/2025\/05\/Design-sem-nome-1-1-1.png","contentUrl":"https:\/\/previews.elleven.digital\/acocearense\/wp-content\/uploads\/2025\/05\/Design-sem-nome-1-1-1.png","width":400,"height":300},{"@type":"BreadcrumbList","@id":"https:\/\/previews.elleven.digital\/acocearense\/noticia\/atletas-patrocinados-pelo-instituto-aco-cearense-se-destacam\/#breadcrumb","itemListElement":[{"@type":"ListItem","position":1,"name":"In\u00edcio","item":"https:\/\/previews.elleven.digital\/acocearense\/"},{"@type":"ListItem","position":2,"name":"Not\u00edcias","item":"https:\/\/previews.elleven.digital\/acocearense\/noticias\/"},{"@type":"ListItem","position":3,"name":"Atletas patrocinados pelo Instituto A\u00e7o Cearense se destacam"}]},{"@type":"WebSite","@id":"https:\/\/previews.elleven.digital\/acocearense\/#website","url":"https:\/\/previews.elleven.digital\/acocearense\/","name":"Cear\u00e1 Steel","description":"We have been in the Brazilian steel market for over 45 years.","alternateName":"A\u00e7o Cearense","potentialAction":[{"@type":"SearchAction","target":{"@type":"EntryPoint","urlTemplate":"https:\/\/previews.elleven.digital\/acocearense\/?s={search_term_string}"},"query-input":{"@type":"PropertyValueSpecification","valueRequired":true,"valueName":"search_term_string"}}],"inLanguage":"en-US"}]}},"_links":{"self":[{"href":"https:\/\/previews.elleven.digital\/acocearense\/en\/wp-json\/wp\/v2\/noticia\/1864","targetHints":{"allow":["GET"]}}],"collection":[{"href":"https:\/\/previews.elleven.digital\/acocearense\/en\/wp-json\/wp\/v2\/noticia"}],"about":[{"href":"https:\/\/previews.elleven.digital\/acocearense\/en\/wp-json\/wp\/v2\/types\/noticia"}],"wp:featuredmedia":[{"embeddable":true,"href":"https:\/\/previews.elleven.digital\/acocearense\/en\/wp-json\/wp\/v2\/media\/1860"}],"wp:attachment":[{"href":"https:\/\/previews.elleven.digital\/acocearense\/en\/wp-json\/wp\/v2\/media?parent=1864"}],"wp:term":[{"taxonomy":"categoria-noticia","embeddable":true,"href":"https:\/\/previews.elleven.digital\/acocearense\/en\/wp-json\/wp\/v2\/categoria-noticia?post=1864"}],"curies":[{"name":"wp","href":"https:\/\/api.w.org\/{rel}","templated":true}]}}