{"id":1852,"date":"2019-06-11T15:29:55","date_gmt":"2019-06-11T18:29:55","guid":{"rendered":"https:\/\/previews.elleven.digital\/acocearense\/?post_type=noticia&#038;p=1852"},"modified":"2025-05-07T15:33:46","modified_gmt":"2025-05-07T18:33:46","slug":"cafe-com-vp-e-realizado-na-aco-cearense-industrial","status":"publish","type":"noticia","link":"https:\/\/previews.elleven.digital\/acocearense\/en\/noticia\/cafe-com-vp-e-realizado-na-aco-cearense-industrial\/","title":{"rendered":"Coffee with VP is held at A\u00e7o Cearense Industrial"},"content":{"rendered":"<p>The second edition of Caf\u00e9 com VP was held in June at A\u00e7o Cearense Industrial. Employees from various departments of the unit met with Vice Presidents Aline Ferreira and Ian Corr\u00eaa for a relaxed and productive chat.<br \/>\nFor Roberto Ferreira, from Production Area 1 at A\u00e7o Cearense Industrial Matriz, the meeting was very good. &quot;I thought the coffee was wonderful, and what I noticed was their simplicity. Despite holding high positions within the company, they are down-to-earth, listened to our suggestions, understood our perspective, and shared the company&#039;s perspective on certain issues. This gave us comfort and the certainty that our participation here was and is important for the Group&#039;s growth,&quot; he highlighted.<br \/>\nKennedy Costa, a Crane Maintenance employee at A\u00e7o Cearense Industrial Branch, said: &quot;This meeting showed us how much the Board cares about our well-being, how we&#039;re working, and how our managers behave. After this morning, I believe anything is possible. I never imagined myself sitting at a table, chatting, drinking coffee, and discussing work-related issues with the Vice Presidents of the A\u00e7o Cearense Group. This was very different for me. Opportunity is the word that defines this moment.&quot;<br \/>\nThe Coffee with VP event will be held at all A\u00e7o Cearense Group companies, according to the VPs&#039; schedules. Space is limited to 10 employees per event. Registration is open according to the announcement made on A\u00e7o Cearense Group&#039;s communication channels at each unit.<br \/>\nThe next editions will take place in September at SINOBRAS and SINOBRAS Florestal.<\/p>","protected":false},"featured_media":1862,"template":"","meta":{"_acf_changed":false,"inline_featured_image":false},"categoria-noticia":[],"class_list":["post-1852","noticia","type-noticia","status-publish","has-post-thumbnail","hentry"],"acf":{"link":""},"yoast_head":"<!-- This site is optimized with the Yoast SEO plugin v25.9 - https:\/\/yoast.com\/wordpress\/plugins\/seo\/ -->\n<title>Caf\u00e9 com VP \u00e9 realizado na A\u00e7o Cearense Industrial - Grupo A\u00e7o Cearense<\/title>\n<meta name=\"robots\" content=\"index, follow, max-snippet:-1, max-image-preview:large, max-video-preview:-1\" \/>\n<link rel=\"canonical\" href=\"https:\/\/previews.elleven.digital\/acocearense\/en\/noticia\/cafe-com-vp-e-realizado-na-aco-cearense-industrial\/\" \/>\n<meta property=\"og:locale\" content=\"en_US\" \/>\n<meta property=\"og:type\" content=\"article\" \/>\n<meta property=\"og:title\" content=\"Caf\u00e9 com VP \u00e9 realizado na A\u00e7o Cearense Industrial - Grupo A\u00e7o Cearense\" \/>\n<meta property=\"og:description\" content=\"A 2\u00aa edi\u00e7\u00e3o do Caf\u00e9 com VP foi realizada no m\u00eas de junho, na A\u00e7o(...)\" \/>\n<meta property=\"og:url\" content=\"https:\/\/previews.elleven.digital\/acocearense\/en\/noticia\/cafe-com-vp-e-realizado-na-aco-cearense-industrial\/\" \/>\n<meta property=\"og:site_name\" content=\"Grupo A\u00e7o Cearense\" \/>\n<meta property=\"article:modified_time\" content=\"2025-05-07T18:33:46+00:00\" \/>\n<meta property=\"og:image\" content=\"https:\/\/previews.elleven.digital\/acocearense\/wp-content\/uploads\/2025\/05\/Design-sem-nome-2-1.png\" \/>\n\t<meta property=\"og:image:width\" content=\"400\" \/>\n\t<meta property=\"og:image:height\" content=\"300\" \/>\n\t<meta property=\"og:image:type\" content=\"image\/png\" \/>\n<meta name=\"twitter:card\" content=\"summary_large_image\" \/>\n<meta name=\"twitter:label1\" content=\"Est. reading time\" \/>\n\t<meta name=\"twitter:data1\" content=\"2 minutes\" \/>\n<script type=\"application\/ld+json\" class=\"yoast-schema-graph\">{\"@context\":\"https:\/\/schema.org\",\"@graph\":[{\"@type\":\"WebPage\",\"@id\":\"https:\/\/previews.elleven.digital\/acocearense\/noticia\/cafe-com-vp-e-realizado-na-aco-cearense-industrial\/\",\"url\":\"https:\/\/previews.elleven.digital\/acocearense\/noticia\/cafe-com-vp-e-realizado-na-aco-cearense-industrial\/\",\"name\":\"Caf\u00e9 com VP \u00e9 realizado na A\u00e7o Cearense Industrial - Grupo A\u00e7o Cearense\",\"isPartOf\":{\"@id\":\"https:\/\/previews.elleven.digital\/acocearense\/#website\"},\"primaryImageOfPage\":{\"@id\":\"https:\/\/previews.elleven.digital\/acocearense\/noticia\/cafe-com-vp-e-realizado-na-aco-cearense-industrial\/#primaryimage\"},\"image\":{\"@id\":\"https:\/\/previews.elleven.digital\/acocearense\/noticia\/cafe-com-vp-e-realizado-na-aco-cearense-industrial\/#primaryimage\"},\"thumbnailUrl\":\"https:\/\/previews.elleven.digital\/acocearense\/wp-content\/uploads\/2025\/05\/Design-sem-nome-2-1.png\",\"datePublished\":\"2019-06-11T18:29:55+00:00\",\"dateModified\":\"2025-05-07T18:33:46+00:00\",\"breadcrumb\":{\"@id\":\"https:\/\/previews.elleven.digital\/acocearense\/noticia\/cafe-com-vp-e-realizado-na-aco-cearense-industrial\/#breadcrumb\"},\"inLanguage\":\"en-US\",\"potentialAction\":[{\"@type\":\"ReadAction\",\"target\":[\"https:\/\/previews.elleven.digital\/acocearense\/noticia\/cafe-com-vp-e-realizado-na-aco-cearense-industrial\/\"]}]},{\"@type\":\"ImageObject\",\"inLanguage\":\"en-US\",\"@id\":\"https:\/\/previews.elleven.digital\/acocearense\/noticia\/cafe-com-vp-e-realizado-na-aco-cearense-industrial\/#primaryimage\",\"url\":\"https:\/\/previews.elleven.digital\/acocearense\/wp-content\/uploads\/2025\/05\/Design-sem-nome-2-1.png\",\"contentUrl\":\"https:\/\/previews.elleven.digital\/acocearense\/wp-content\/uploads\/2025\/05\/Design-sem-nome-2-1.png\",\"width\":400,\"height\":300},{\"@type\":\"BreadcrumbList\",\"@id\":\"https:\/\/previews.elleven.digital\/acocearense\/noticia\/cafe-com-vp-e-realizado-na-aco-cearense-industrial\/#breadcrumb\",\"itemListElement\":[{\"@type\":\"ListItem\",\"position\":1,\"name\":\"In\u00edcio\",\"item\":\"https:\/\/previews.elleven.digital\/acocearense\/\"},{\"@type\":\"ListItem\",\"position\":2,\"name\":\"Not\u00edcias\",\"item\":\"https:\/\/previews.elleven.digital\/acocearense\/noticias\/\"},{\"@type\":\"ListItem\",\"position\":3,\"name\":\"Caf\u00e9 com VP \u00e9 realizado na A\u00e7o Cearense Industrial\"}]},{\"@type\":\"WebSite\",\"@id\":\"https:\/\/previews.elleven.digital\/acocearense\/#website\",\"url\":\"https:\/\/previews.elleven.digital\/acocearense\/\",\"name\":\"A\u00e7o Cearense\",\"description\":\"H\u00e1 mais de 45 anos no mercado brasileiro do a\u00e7o.\",\"alternateName\":\"A\u00e7o Cearense\",\"potentialAction\":[{\"@type\":\"SearchAction\",\"target\":{\"@type\":\"EntryPoint\",\"urlTemplate\":\"https:\/\/previews.elleven.digital\/acocearense\/?s={search_term_string}\"},\"query-input\":{\"@type\":\"PropertyValueSpecification\",\"valueRequired\":true,\"valueName\":\"search_term_string\"}}],\"inLanguage\":\"en-US\"}]}<\/script>\n<!-- \/ Yoast SEO plugin. -->","yoast_head_json":{"title":"Caf\u00e9 com VP \u00e9 realizado na A\u00e7o Cearense Industrial - Grupo A\u00e7o Cearense","robots":{"index":"index","follow":"follow","max-snippet":"max-snippet:-1","max-image-preview":"max-image-preview:large","max-video-preview":"max-video-preview:-1"},"canonical":"https:\/\/previews.elleven.digital\/acocearense\/en\/noticia\/cafe-com-vp-e-realizado-na-aco-cearense-industrial\/","og_locale":"en_US","og_type":"article","og_title":"Caf\u00e9 com VP \u00e9 realizado na A\u00e7o Cearense Industrial - Grupo A\u00e7o Cearense","og_description":"A 2\u00aa edi\u00e7\u00e3o do Caf\u00e9 com VP foi realizada no m\u00eas de junho, na A\u00e7o(...)","og_url":"https:\/\/previews.elleven.digital\/acocearense\/en\/noticia\/cafe-com-vp-e-realizado-na-aco-cearense-industrial\/","og_site_name":"Grupo A\u00e7o Cearense","article_modified_time":"2025-05-07T18:33:46+00:00","og_image":[{"width":400,"height":300,"url":"https:\/\/previews.elleven.digital\/acocearense\/wp-content\/uploads\/2025\/05\/Design-sem-nome-2-1.png","type":"image\/png"}],"twitter_card":"summary_large_image","twitter_misc":{"Est. reading time":"2 minutes"},"schema":{"@context":"https:\/\/schema.org","@graph":[{"@type":"WebPage","@id":"https:\/\/previews.elleven.digital\/acocearense\/noticia\/cafe-com-vp-e-realizado-na-aco-cearense-industrial\/","url":"https:\/\/previews.elleven.digital\/acocearense\/noticia\/cafe-com-vp-e-realizado-na-aco-cearense-industrial\/","name":"Caf\u00e9 com VP \u00e9 realizado na A\u00e7o Cearense Industrial - Grupo A\u00e7o Cearense","isPartOf":{"@id":"https:\/\/previews.elleven.digital\/acocearense\/#website"},"primaryImageOfPage":{"@id":"https:\/\/previews.elleven.digital\/acocearense\/noticia\/cafe-com-vp-e-realizado-na-aco-cearense-industrial\/#primaryimage"},"image":{"@id":"https:\/\/previews.elleven.digital\/acocearense\/noticia\/cafe-com-vp-e-realizado-na-aco-cearense-industrial\/#primaryimage"},"thumbnailUrl":"https:\/\/previews.elleven.digital\/acocearense\/wp-content\/uploads\/2025\/05\/Design-sem-nome-2-1.png","datePublished":"2019-06-11T18:29:55+00:00","dateModified":"2025-05-07T18:33:46+00:00","breadcrumb":{"@id":"https:\/\/previews.elleven.digital\/acocearense\/noticia\/cafe-com-vp-e-realizado-na-aco-cearense-industrial\/#breadcrumb"},"inLanguage":"en-US","potentialAction":[{"@type":"ReadAction","target":["https:\/\/previews.elleven.digital\/acocearense\/noticia\/cafe-com-vp-e-realizado-na-aco-cearense-industrial\/"]}]},{"@type":"ImageObject","inLanguage":"en-US","@id":"https:\/\/previews.elleven.digital\/acocearense\/noticia\/cafe-com-vp-e-realizado-na-aco-cearense-industrial\/#primaryimage","url":"https:\/\/previews.elleven.digital\/acocearense\/wp-content\/uploads\/2025\/05\/Design-sem-nome-2-1.png","contentUrl":"https:\/\/previews.elleven.digital\/acocearense\/wp-content\/uploads\/2025\/05\/Design-sem-nome-2-1.png","width":400,"height":300},{"@type":"BreadcrumbList","@id":"https:\/\/previews.elleven.digital\/acocearense\/noticia\/cafe-com-vp-e-realizado-na-aco-cearense-industrial\/#breadcrumb","itemListElement":[{"@type":"ListItem","position":1,"name":"In\u00edcio","item":"https:\/\/previews.elleven.digital\/acocearense\/"},{"@type":"ListItem","position":2,"name":"Not\u00edcias","item":"https:\/\/previews.elleven.digital\/acocearense\/noticias\/"},{"@type":"ListItem","position":3,"name":"Caf\u00e9 com VP \u00e9 realizado na A\u00e7o Cearense Industrial"}]},{"@type":"WebSite","@id":"https:\/\/previews.elleven.digital\/acocearense\/#website","url":"https:\/\/previews.elleven.digital\/acocearense\/","name":"Cear\u00e1 Steel","description":"We have been in the Brazilian steel market for over 45 years.","alternateName":"A\u00e7o Cearense","potentialAction":[{"@type":"SearchAction","target":{"@type":"EntryPoint","urlTemplate":"https:\/\/previews.elleven.digital\/acocearense\/?s={search_term_string}"},"query-input":{"@type":"PropertyValueSpecification","valueRequired":true,"valueName":"search_term_string"}}],"inLanguage":"en-US"}]}},"_links":{"self":[{"href":"https:\/\/previews.elleven.digital\/acocearense\/en\/wp-json\/wp\/v2\/noticia\/1852","targetHints":{"allow":["GET"]}}],"collection":[{"href":"https:\/\/previews.elleven.digital\/acocearense\/en\/wp-json\/wp\/v2\/noticia"}],"about":[{"href":"https:\/\/previews.elleven.digital\/acocearense\/en\/wp-json\/wp\/v2\/types\/noticia"}],"wp:featuredmedia":[{"embeddable":true,"href":"https:\/\/previews.elleven.digital\/acocearense\/en\/wp-json\/wp\/v2\/media\/1862"}],"wp:attachment":[{"href":"https:\/\/previews.elleven.digital\/acocearense\/en\/wp-json\/wp\/v2\/media?parent=1852"}],"wp:term":[{"taxonomy":"categoria-noticia","embeddable":true,"href":"https:\/\/previews.elleven.digital\/acocearense\/en\/wp-json\/wp\/v2\/categoria-noticia?post=1852"}],"curies":[{"name":"wp","href":"https:\/\/api.w.org\/{rel}","templated":true}]}}