{"id":1850,"date":"2019-06-06T15:28:47","date_gmt":"2019-06-06T18:28:47","guid":{"rendered":"https:\/\/previews.elleven.digital\/acocearense\/?post_type=noticia&#038;p=1850"},"modified":"2025-05-07T15:29:15","modified_gmt":"2025-05-07T18:29:15","slug":"grupo-aco-cearense-realiza-acoes-de-preservacao-do-meio-ambiente","status":"publish","type":"noticia","link":"https:\/\/previews.elleven.digital\/acocearense\/en\/noticia\/grupo-aco-cearense-realiza-acoes-de-preservacao-do-meio-ambiente\/","title":{"rendered":"A\u00e7o Cearense Group carries out environmental preservation actions"},"content":{"rendered":"<p>In 1972, the United Nations (UN) declared June 5th World Environment Day to raise awareness of environmental issues and the importance of preserving natural resources. With a sustainable vision, the A\u00e7o Cearense Group is committed to sustainable development and environmental stewardship.<br \/>\nThe Group is the largest steel scrap recycler in the Brazilian Northeast and works from a Circular Economy perspective. At SINOBRAS, steel production is made from 70% of scrap and 30% of liquid pig iron. SINOBRAS Florestal, another Group company located in S\u00e3o Bento do Tocantins, Tocantins, is a supplier of bioenergy reducers, with 15 eucalyptus farms across 25,000 hectares.<\/p>\n<p>The A\u00e7o Cearense Group also has other projects and actions aimed at preserving the environment, such as:<br \/>\nWaste management \u2013 in its companies, the Group applies methodologies with the aim of improving performance and monitoring the disposal and reduction of waste and by-products generated, applying the concepts of reduction, reuse and recycling.<br \/>\nReverse logistics is another environmental preservation practice carried out at GAC, applied to batteries and tires, which receive the correct disposal after use.<\/p>\n<p>Concern for water use has been present since the beginning of operations in its companies, through a robust system of collection, treatment, recirculation, water cooling towers and decantation tanks, which guarantee the recirculation of water used in industrial processes. In 2018, the mark of 98.35% of water recirculated in the processes was reached.<br \/>\nAlso last year, the Reciclo Project was implemented at ACI and ACC, with the aim of consolidating selective collection at Grupo A\u00e7o Cearense, which includes activities such as waste characterization, area adaptation, employee training, results monitoring and internal audits, in addition to donations of tree seedlings to employees.<\/p>\n<p>&quot;We need to reflect on how we act daily, on how our habits can affect the environment. Responsibility for environmental conservation and protection is everyone&#039;s responsibility&quot; \u2013 Junimara Chaves, Environmental Management Coordinator at SINOBRAS.<\/p>\n<p>&quot;We can transform the world if we preserve the environment. At A\u00e7o Cearense, we do this every day, starting with educating all our employees to practice this action that is so important for the world we live in.&quot; \u2013 Carlos Yves, Sustainability Manager at A\u00e7o Cearense.<\/p>\n<h3>Speaking of which<\/h3>\n<p>On June 5th, SINOBRAS&#039; Environmental Management department welcomed 17 students from the Environmental Engineering, Production Engineering, and Biology programs at the State University of Par\u00e1 (UEPA) in Marab\u00e1. The visit was one of the activities of UEPA&#039;s II Environmental Week 2019, held from June 3rd to 6th.<br \/>\n<img loading=\"lazy\" decoding=\"async\" class=\"wp-image-5264 size-medium aligncenter\" src=\"https:\/\/grupoacocearense.com.br\/wp-content\/uploads\/2019\/06\/SIN-AMBIENTE-300x221.jpg\" sizes=\"auto, (max-width: 300px) 100vw, 300px\" srcset=\"https:\/\/previews.elleven.digital\/acocearense\/wp-content\/uploads\/2019\/06\/SIN-AMBIENTE-300x221.jpg 300w, https:\/\/previews.elleven.digital\/acocearense\/wp-content\/uploads\/2019\/06\/SIN-AMBIENTE-768x566.jpg 768w, https:\/\/previews.elleven.digital\/acocearense\/wp-content\/uploads\/2019\/06\/SIN-AMBIENTE.jpg 1024w\" alt=\"\" width=\"300\" height=\"221\" \/><\/p>","protected":false},"featured_media":1834,"template":"","meta":{"_acf_changed":false,"inline_featured_image":false},"categoria-noticia":[],"class_list":["post-1850","noticia","type-noticia","status-publish","has-post-thumbnail","hentry"],"acf":{"link":""},"yoast_head":"<!-- This site is optimized with the Yoast SEO plugin v25.9 - https:\/\/yoast.com\/wordpress\/plugins\/seo\/ -->\n<title>Grupo A\u00e7o Cearense realiza a\u00e7\u00f5es de preserva\u00e7\u00e3o do meio ambiente - Grupo A\u00e7o Cearense<\/title>\n<meta name=\"robots\" content=\"index, follow, max-snippet:-1, max-image-preview:large, max-video-preview:-1\" \/>\n<link rel=\"canonical\" href=\"https:\/\/previews.elleven.digital\/acocearense\/en\/noticia\/grupo-aco-cearense-realiza-acoes-de-preservacao-do-meio-ambiente\/\" \/>\n<meta property=\"og:locale\" content=\"en_US\" \/>\n<meta property=\"og:type\" content=\"article\" \/>\n<meta property=\"og:title\" content=\"Grupo A\u00e7o Cearense realiza a\u00e7\u00f5es de preserva\u00e7\u00e3o do meio ambiente - Grupo A\u00e7o Cearense\" \/>\n<meta property=\"og:description\" content=\"Em 1972, a Organiza\u00e7\u00e3o das Na\u00e7\u00f5es Unidas (ONU) instituiu o dia 05\/06 como Dia Mundial(...)\" \/>\n<meta property=\"og:url\" content=\"https:\/\/previews.elleven.digital\/acocearense\/en\/noticia\/grupo-aco-cearense-realiza-acoes-de-preservacao-do-meio-ambiente\/\" \/>\n<meta property=\"og:site_name\" content=\"Grupo A\u00e7o Cearense\" \/>\n<meta property=\"article:modified_time\" content=\"2025-05-07T18:29:15+00:00\" \/>\n<meta property=\"og:image\" content=\"https:\/\/previews.elleven.digital\/acocearense\/wp-content\/uploads\/2025\/05\/Design-sem-nome-1.png\" \/>\n\t<meta property=\"og:image:width\" content=\"400\" \/>\n\t<meta property=\"og:image:height\" content=\"300\" \/>\n\t<meta property=\"og:image:type\" content=\"image\/png\" \/>\n<meta name=\"twitter:card\" content=\"summary_large_image\" \/>\n<meta name=\"twitter:label1\" content=\"Est. reading time\" \/>\n\t<meta name=\"twitter:data1\" content=\"3 minutes\" \/>\n<script type=\"application\/ld+json\" class=\"yoast-schema-graph\">{\"@context\":\"https:\/\/schema.org\",\"@graph\":[{\"@type\":\"WebPage\",\"@id\":\"https:\/\/previews.elleven.digital\/acocearense\/noticia\/grupo-aco-cearense-realiza-acoes-de-preservacao-do-meio-ambiente\/\",\"url\":\"https:\/\/previews.elleven.digital\/acocearense\/noticia\/grupo-aco-cearense-realiza-acoes-de-preservacao-do-meio-ambiente\/\",\"name\":\"Grupo A\u00e7o Cearense realiza a\u00e7\u00f5es de preserva\u00e7\u00e3o do meio ambiente - Grupo A\u00e7o Cearense\",\"isPartOf\":{\"@id\":\"https:\/\/previews.elleven.digital\/acocearense\/#website\"},\"primaryImageOfPage\":{\"@id\":\"https:\/\/previews.elleven.digital\/acocearense\/noticia\/grupo-aco-cearense-realiza-acoes-de-preservacao-do-meio-ambiente\/#primaryimage\"},\"image\":{\"@id\":\"https:\/\/previews.elleven.digital\/acocearense\/noticia\/grupo-aco-cearense-realiza-acoes-de-preservacao-do-meio-ambiente\/#primaryimage\"},\"thumbnailUrl\":\"https:\/\/previews.elleven.digital\/acocearense\/wp-content\/uploads\/2025\/05\/Design-sem-nome-1.png\",\"datePublished\":\"2019-06-06T18:28:47+00:00\",\"dateModified\":\"2025-05-07T18:29:15+00:00\",\"breadcrumb\":{\"@id\":\"https:\/\/previews.elleven.digital\/acocearense\/noticia\/grupo-aco-cearense-realiza-acoes-de-preservacao-do-meio-ambiente\/#breadcrumb\"},\"inLanguage\":\"en-US\",\"potentialAction\":[{\"@type\":\"ReadAction\",\"target\":[\"https:\/\/previews.elleven.digital\/acocearense\/noticia\/grupo-aco-cearense-realiza-acoes-de-preservacao-do-meio-ambiente\/\"]}]},{\"@type\":\"ImageObject\",\"inLanguage\":\"en-US\",\"@id\":\"https:\/\/previews.elleven.digital\/acocearense\/noticia\/grupo-aco-cearense-realiza-acoes-de-preservacao-do-meio-ambiente\/#primaryimage\",\"url\":\"https:\/\/previews.elleven.digital\/acocearense\/wp-content\/uploads\/2025\/05\/Design-sem-nome-1.png\",\"contentUrl\":\"https:\/\/previews.elleven.digital\/acocearense\/wp-content\/uploads\/2025\/05\/Design-sem-nome-1.png\",\"width\":400,\"height\":300},{\"@type\":\"BreadcrumbList\",\"@id\":\"https:\/\/previews.elleven.digital\/acocearense\/noticia\/grupo-aco-cearense-realiza-acoes-de-preservacao-do-meio-ambiente\/#breadcrumb\",\"itemListElement\":[{\"@type\":\"ListItem\",\"position\":1,\"name\":\"In\u00edcio\",\"item\":\"https:\/\/previews.elleven.digital\/acocearense\/\"},{\"@type\":\"ListItem\",\"position\":2,\"name\":\"Not\u00edcias\",\"item\":\"https:\/\/previews.elleven.digital\/acocearense\/noticias\/\"},{\"@type\":\"ListItem\",\"position\":3,\"name\":\"Grupo A\u00e7o Cearense realiza a\u00e7\u00f5es de preserva\u00e7\u00e3o do meio ambiente\"}]},{\"@type\":\"WebSite\",\"@id\":\"https:\/\/previews.elleven.digital\/acocearense\/#website\",\"url\":\"https:\/\/previews.elleven.digital\/acocearense\/\",\"name\":\"A\u00e7o Cearense\",\"description\":\"H\u00e1 mais de 45 anos no mercado brasileiro do a\u00e7o.\",\"alternateName\":\"A\u00e7o Cearense\",\"potentialAction\":[{\"@type\":\"SearchAction\",\"target\":{\"@type\":\"EntryPoint\",\"urlTemplate\":\"https:\/\/previews.elleven.digital\/acocearense\/?s={search_term_string}\"},\"query-input\":{\"@type\":\"PropertyValueSpecification\",\"valueRequired\":true,\"valueName\":\"search_term_string\"}}],\"inLanguage\":\"en-US\"}]}<\/script>\n<!-- \/ Yoast SEO plugin. -->","yoast_head_json":{"title":"Grupo A\u00e7o Cearense realiza a\u00e7\u00f5es de preserva\u00e7\u00e3o do meio ambiente - Grupo A\u00e7o Cearense","robots":{"index":"index","follow":"follow","max-snippet":"max-snippet:-1","max-image-preview":"max-image-preview:large","max-video-preview":"max-video-preview:-1"},"canonical":"https:\/\/previews.elleven.digital\/acocearense\/en\/noticia\/grupo-aco-cearense-realiza-acoes-de-preservacao-do-meio-ambiente\/","og_locale":"en_US","og_type":"article","og_title":"Grupo A\u00e7o Cearense realiza a\u00e7\u00f5es de preserva\u00e7\u00e3o do meio ambiente - Grupo A\u00e7o Cearense","og_description":"Em 1972, a Organiza\u00e7\u00e3o das Na\u00e7\u00f5es Unidas (ONU) instituiu o dia 05\/06 como Dia Mundial(...)","og_url":"https:\/\/previews.elleven.digital\/acocearense\/en\/noticia\/grupo-aco-cearense-realiza-acoes-de-preservacao-do-meio-ambiente\/","og_site_name":"Grupo A\u00e7o Cearense","article_modified_time":"2025-05-07T18:29:15+00:00","og_image":[{"width":400,"height":300,"url":"https:\/\/previews.elleven.digital\/acocearense\/wp-content\/uploads\/2025\/05\/Design-sem-nome-1.png","type":"image\/png"}],"twitter_card":"summary_large_image","twitter_misc":{"Est. reading time":"3 minutes"},"schema":{"@context":"https:\/\/schema.org","@graph":[{"@type":"WebPage","@id":"https:\/\/previews.elleven.digital\/acocearense\/noticia\/grupo-aco-cearense-realiza-acoes-de-preservacao-do-meio-ambiente\/","url":"https:\/\/previews.elleven.digital\/acocearense\/noticia\/grupo-aco-cearense-realiza-acoes-de-preservacao-do-meio-ambiente\/","name":"Grupo A\u00e7o Cearense realiza a\u00e7\u00f5es de preserva\u00e7\u00e3o do meio ambiente - Grupo A\u00e7o Cearense","isPartOf":{"@id":"https:\/\/previews.elleven.digital\/acocearense\/#website"},"primaryImageOfPage":{"@id":"https:\/\/previews.elleven.digital\/acocearense\/noticia\/grupo-aco-cearense-realiza-acoes-de-preservacao-do-meio-ambiente\/#primaryimage"},"image":{"@id":"https:\/\/previews.elleven.digital\/acocearense\/noticia\/grupo-aco-cearense-realiza-acoes-de-preservacao-do-meio-ambiente\/#primaryimage"},"thumbnailUrl":"https:\/\/previews.elleven.digital\/acocearense\/wp-content\/uploads\/2025\/05\/Design-sem-nome-1.png","datePublished":"2019-06-06T18:28:47+00:00","dateModified":"2025-05-07T18:29:15+00:00","breadcrumb":{"@id":"https:\/\/previews.elleven.digital\/acocearense\/noticia\/grupo-aco-cearense-realiza-acoes-de-preservacao-do-meio-ambiente\/#breadcrumb"},"inLanguage":"en-US","potentialAction":[{"@type":"ReadAction","target":["https:\/\/previews.elleven.digital\/acocearense\/noticia\/grupo-aco-cearense-realiza-acoes-de-preservacao-do-meio-ambiente\/"]}]},{"@type":"ImageObject","inLanguage":"en-US","@id":"https:\/\/previews.elleven.digital\/acocearense\/noticia\/grupo-aco-cearense-realiza-acoes-de-preservacao-do-meio-ambiente\/#primaryimage","url":"https:\/\/previews.elleven.digital\/acocearense\/wp-content\/uploads\/2025\/05\/Design-sem-nome-1.png","contentUrl":"https:\/\/previews.elleven.digital\/acocearense\/wp-content\/uploads\/2025\/05\/Design-sem-nome-1.png","width":400,"height":300},{"@type":"BreadcrumbList","@id":"https:\/\/previews.elleven.digital\/acocearense\/noticia\/grupo-aco-cearense-realiza-acoes-de-preservacao-do-meio-ambiente\/#breadcrumb","itemListElement":[{"@type":"ListItem","position":1,"name":"In\u00edcio","item":"https:\/\/previews.elleven.digital\/acocearense\/"},{"@type":"ListItem","position":2,"name":"Not\u00edcias","item":"https:\/\/previews.elleven.digital\/acocearense\/noticias\/"},{"@type":"ListItem","position":3,"name":"Grupo A\u00e7o Cearense realiza a\u00e7\u00f5es de preserva\u00e7\u00e3o do meio ambiente"}]},{"@type":"WebSite","@id":"https:\/\/previews.elleven.digital\/acocearense\/#website","url":"https:\/\/previews.elleven.digital\/acocearense\/","name":"Cear\u00e1 Steel","description":"We have been in the Brazilian steel market for over 45 years.","alternateName":"A\u00e7o Cearense","potentialAction":[{"@type":"SearchAction","target":{"@type":"EntryPoint","urlTemplate":"https:\/\/previews.elleven.digital\/acocearense\/?s={search_term_string}"},"query-input":{"@type":"PropertyValueSpecification","valueRequired":true,"valueName":"search_term_string"}}],"inLanguage":"en-US"}]}},"_links":{"self":[{"href":"https:\/\/previews.elleven.digital\/acocearense\/en\/wp-json\/wp\/v2\/noticia\/1850","targetHints":{"allow":["GET"]}}],"collection":[{"href":"https:\/\/previews.elleven.digital\/acocearense\/en\/wp-json\/wp\/v2\/noticia"}],"about":[{"href":"https:\/\/previews.elleven.digital\/acocearense\/en\/wp-json\/wp\/v2\/types\/noticia"}],"wp:featuredmedia":[{"embeddable":true,"href":"https:\/\/previews.elleven.digital\/acocearense\/en\/wp-json\/wp\/v2\/media\/1834"}],"wp:attachment":[{"href":"https:\/\/previews.elleven.digital\/acocearense\/en\/wp-json\/wp\/v2\/media?parent=1850"}],"wp:term":[{"taxonomy":"categoria-noticia","embeddable":true,"href":"https:\/\/previews.elleven.digital\/acocearense\/en\/wp-json\/wp\/v2\/categoria-noticia?post=1850"}],"curies":[{"name":"wp","href":"https:\/\/api.w.org\/{rel}","templated":true}]}}