{"id":1849,"date":"2019-06-05T15:28:00","date_gmt":"2019-06-05T18:28:00","guid":{"rendered":"https:\/\/previews.elleven.digital\/acocearense\/?post_type=noticia&#038;p=1849"},"modified":"2025-05-07T15:28:31","modified_gmt":"2025-05-07T18:28:31","slug":"comunidade-de-sao-bento-do-tocantins-tem-dia-de-acao-social","status":"publish","type":"noticia","link":"https:\/\/previews.elleven.digital\/acocearense\/en\/noticia\/comunidade-de-sao-bento-do-tocantins-tem-dia-de-acao-social\/","title":{"rendered":"The community of S\u00e3o Bento do Tocantins has a day of social action."},"content":{"rendered":"<p>On June 1st, the Instituto A\u00e7o Cearense held the first edition of IAC Social in the city of S\u00e3o Bento do Tocantins, home to SINOBRAS Florestal, a eucalyptus plantation company belonging to Grupo A\u00e7o Cearense. The event took place at the Social Assistance Reference Center (CRAS) and featured free cultural, health, and wellness activities for the city&#039;s residents.<\/p>\n<p>A day of great entertainment, with dance performances and health services such as fluoride injections, blood pressure checks, discussion groups, and more, made IAC Social a real success among participants. They also enjoyed beauty services such as manicures, haircuts, and blow-drys. Housewife Ant\u00f4nia Guedes was delighted with the services. &quot;It&#039;s been a long time since I&#039;ve had my nails done, many years. I heard about the event here and came to pamper myself a little, to take advantage of this moment happening here in S\u00e3o Bento,&quot; said the housewife.<\/p>\n<p>Children also participated in the event, which featured a special program just for them. The Turma do Sorriso (Smile Gang), a project of the Hozana Lopes Cultural Institute, supported by the Instituto A\u00e7o Cearense, livened up the day with performances by clowns and magicians. Jo\u00e3o Pedro Macedo Marinho participated in the event and said he didn&#039;t even notice the time passing: &quot;The day flew by without me even realizing it because there were so many games and so much fun that the clock flew by so quickly. I really enjoyed the clowns&#039; dance. Today was a fun day.&quot;<br \/>\nThe coordinator of the Instituto A\u00e7o Cearense, Luciana Rabelo, explained that among the objectives of the action in S\u00e3o Bento are to better understand the city and establish partnerships like this, carrying out social projects that benefit the population of the region around SINOBRAS Florestal.<\/p>","protected":false},"featured_media":1835,"template":"","meta":{"_acf_changed":false,"inline_featured_image":false},"categoria-noticia":[],"class_list":["post-1849","noticia","type-noticia","status-publish","has-post-thumbnail","hentry"],"acf":{"link":""},"yoast_head":"<!-- This site is optimized with the Yoast SEO plugin v25.9 - https:\/\/yoast.com\/wordpress\/plugins\/seo\/ -->\n<title>Comunidade de S\u00e3o Bento do Tocantins tem dia de A\u00e7\u00e3o Social - Grupo A\u00e7o Cearense<\/title>\n<meta name=\"robots\" content=\"index, follow, max-snippet:-1, max-image-preview:large, max-video-preview:-1\" \/>\n<link rel=\"canonical\" href=\"https:\/\/previews.elleven.digital\/acocearense\/en\/noticia\/comunidade-de-sao-bento-do-tocantins-tem-dia-de-acao-social\/\" \/>\n<meta property=\"og:locale\" content=\"en_US\" \/>\n<meta property=\"og:type\" content=\"article\" \/>\n<meta property=\"og:title\" content=\"Comunidade de S\u00e3o Bento do Tocantins tem dia de A\u00e7\u00e3o Social - Grupo A\u00e7o Cearense\" \/>\n<meta property=\"og:description\" content=\"No dia 01\/06, o Instituto A\u00e7o Cearense realizou a primeira edi\u00e7\u00e3o do IAC Social na(...)\" \/>\n<meta property=\"og:url\" content=\"https:\/\/previews.elleven.digital\/acocearense\/en\/noticia\/comunidade-de-sao-bento-do-tocantins-tem-dia-de-acao-social\/\" \/>\n<meta property=\"og:site_name\" content=\"Grupo A\u00e7o Cearense\" \/>\n<meta property=\"article:modified_time\" content=\"2025-05-07T18:28:31+00:00\" \/>\n<meta property=\"og:image\" content=\"https:\/\/previews.elleven.digital\/acocearense\/wp-content\/uploads\/2025\/05\/Design-sem-nome-1-1.png\" \/>\n\t<meta property=\"og:image:width\" content=\"400\" \/>\n\t<meta property=\"og:image:height\" content=\"300\" \/>\n\t<meta property=\"og:image:type\" content=\"image\/png\" \/>\n<meta name=\"twitter:card\" content=\"summary_large_image\" \/>\n<meta name=\"twitter:label1\" content=\"Est. reading time\" \/>\n\t<meta name=\"twitter:data1\" content=\"2 minutes\" \/>\n<script type=\"application\/ld+json\" class=\"yoast-schema-graph\">{\"@context\":\"https:\/\/schema.org\",\"@graph\":[{\"@type\":\"WebPage\",\"@id\":\"https:\/\/previews.elleven.digital\/acocearense\/noticia\/comunidade-de-sao-bento-do-tocantins-tem-dia-de-acao-social\/\",\"url\":\"https:\/\/previews.elleven.digital\/acocearense\/noticia\/comunidade-de-sao-bento-do-tocantins-tem-dia-de-acao-social\/\",\"name\":\"Comunidade de S\u00e3o Bento do Tocantins tem dia de A\u00e7\u00e3o Social - Grupo A\u00e7o Cearense\",\"isPartOf\":{\"@id\":\"https:\/\/previews.elleven.digital\/acocearense\/#website\"},\"primaryImageOfPage\":{\"@id\":\"https:\/\/previews.elleven.digital\/acocearense\/noticia\/comunidade-de-sao-bento-do-tocantins-tem-dia-de-acao-social\/#primaryimage\"},\"image\":{\"@id\":\"https:\/\/previews.elleven.digital\/acocearense\/noticia\/comunidade-de-sao-bento-do-tocantins-tem-dia-de-acao-social\/#primaryimage\"},\"thumbnailUrl\":\"https:\/\/previews.elleven.digital\/acocearense\/wp-content\/uploads\/2025\/05\/Design-sem-nome-1-1.png\",\"datePublished\":\"2019-06-05T18:28:00+00:00\",\"dateModified\":\"2025-05-07T18:28:31+00:00\",\"breadcrumb\":{\"@id\":\"https:\/\/previews.elleven.digital\/acocearense\/noticia\/comunidade-de-sao-bento-do-tocantins-tem-dia-de-acao-social\/#breadcrumb\"},\"inLanguage\":\"en-US\",\"potentialAction\":[{\"@type\":\"ReadAction\",\"target\":[\"https:\/\/previews.elleven.digital\/acocearense\/noticia\/comunidade-de-sao-bento-do-tocantins-tem-dia-de-acao-social\/\"]}]},{\"@type\":\"ImageObject\",\"inLanguage\":\"en-US\",\"@id\":\"https:\/\/previews.elleven.digital\/acocearense\/noticia\/comunidade-de-sao-bento-do-tocantins-tem-dia-de-acao-social\/#primaryimage\",\"url\":\"https:\/\/previews.elleven.digital\/acocearense\/wp-content\/uploads\/2025\/05\/Design-sem-nome-1-1.png\",\"contentUrl\":\"https:\/\/previews.elleven.digital\/acocearense\/wp-content\/uploads\/2025\/05\/Design-sem-nome-1-1.png\",\"width\":400,\"height\":300},{\"@type\":\"BreadcrumbList\",\"@id\":\"https:\/\/previews.elleven.digital\/acocearense\/noticia\/comunidade-de-sao-bento-do-tocantins-tem-dia-de-acao-social\/#breadcrumb\",\"itemListElement\":[{\"@type\":\"ListItem\",\"position\":1,\"name\":\"In\u00edcio\",\"item\":\"https:\/\/previews.elleven.digital\/acocearense\/\"},{\"@type\":\"ListItem\",\"position\":2,\"name\":\"Not\u00edcias\",\"item\":\"https:\/\/previews.elleven.digital\/acocearense\/noticias\/\"},{\"@type\":\"ListItem\",\"position\":3,\"name\":\"Comunidade de S\u00e3o Bento do Tocantins tem dia de A\u00e7\u00e3o Social\"}]},{\"@type\":\"WebSite\",\"@id\":\"https:\/\/previews.elleven.digital\/acocearense\/#website\",\"url\":\"https:\/\/previews.elleven.digital\/acocearense\/\",\"name\":\"A\u00e7o Cearense\",\"description\":\"H\u00e1 mais de 45 anos no mercado brasileiro do a\u00e7o.\",\"alternateName\":\"A\u00e7o Cearense\",\"potentialAction\":[{\"@type\":\"SearchAction\",\"target\":{\"@type\":\"EntryPoint\",\"urlTemplate\":\"https:\/\/previews.elleven.digital\/acocearense\/?s={search_term_string}\"},\"query-input\":{\"@type\":\"PropertyValueSpecification\",\"valueRequired\":true,\"valueName\":\"search_term_string\"}}],\"inLanguage\":\"en-US\"}]}<\/script>\n<!-- \/ Yoast SEO plugin. -->","yoast_head_json":{"title":"Comunidade de S\u00e3o Bento do Tocantins tem dia de A\u00e7\u00e3o Social - Grupo A\u00e7o Cearense","robots":{"index":"index","follow":"follow","max-snippet":"max-snippet:-1","max-image-preview":"max-image-preview:large","max-video-preview":"max-video-preview:-1"},"canonical":"https:\/\/previews.elleven.digital\/acocearense\/en\/noticia\/comunidade-de-sao-bento-do-tocantins-tem-dia-de-acao-social\/","og_locale":"en_US","og_type":"article","og_title":"Comunidade de S\u00e3o Bento do Tocantins tem dia de A\u00e7\u00e3o Social - Grupo A\u00e7o Cearense","og_description":"No dia 01\/06, o Instituto A\u00e7o Cearense realizou a primeira edi\u00e7\u00e3o do IAC Social na(...)","og_url":"https:\/\/previews.elleven.digital\/acocearense\/en\/noticia\/comunidade-de-sao-bento-do-tocantins-tem-dia-de-acao-social\/","og_site_name":"Grupo A\u00e7o Cearense","article_modified_time":"2025-05-07T18:28:31+00:00","og_image":[{"width":400,"height":300,"url":"https:\/\/previews.elleven.digital\/acocearense\/wp-content\/uploads\/2025\/05\/Design-sem-nome-1-1.png","type":"image\/png"}],"twitter_card":"summary_large_image","twitter_misc":{"Est. reading time":"2 minutes"},"schema":{"@context":"https:\/\/schema.org","@graph":[{"@type":"WebPage","@id":"https:\/\/previews.elleven.digital\/acocearense\/noticia\/comunidade-de-sao-bento-do-tocantins-tem-dia-de-acao-social\/","url":"https:\/\/previews.elleven.digital\/acocearense\/noticia\/comunidade-de-sao-bento-do-tocantins-tem-dia-de-acao-social\/","name":"Comunidade de S\u00e3o Bento do Tocantins tem dia de A\u00e7\u00e3o Social - Grupo A\u00e7o Cearense","isPartOf":{"@id":"https:\/\/previews.elleven.digital\/acocearense\/#website"},"primaryImageOfPage":{"@id":"https:\/\/previews.elleven.digital\/acocearense\/noticia\/comunidade-de-sao-bento-do-tocantins-tem-dia-de-acao-social\/#primaryimage"},"image":{"@id":"https:\/\/previews.elleven.digital\/acocearense\/noticia\/comunidade-de-sao-bento-do-tocantins-tem-dia-de-acao-social\/#primaryimage"},"thumbnailUrl":"https:\/\/previews.elleven.digital\/acocearense\/wp-content\/uploads\/2025\/05\/Design-sem-nome-1-1.png","datePublished":"2019-06-05T18:28:00+00:00","dateModified":"2025-05-07T18:28:31+00:00","breadcrumb":{"@id":"https:\/\/previews.elleven.digital\/acocearense\/noticia\/comunidade-de-sao-bento-do-tocantins-tem-dia-de-acao-social\/#breadcrumb"},"inLanguage":"en-US","potentialAction":[{"@type":"ReadAction","target":["https:\/\/previews.elleven.digital\/acocearense\/noticia\/comunidade-de-sao-bento-do-tocantins-tem-dia-de-acao-social\/"]}]},{"@type":"ImageObject","inLanguage":"en-US","@id":"https:\/\/previews.elleven.digital\/acocearense\/noticia\/comunidade-de-sao-bento-do-tocantins-tem-dia-de-acao-social\/#primaryimage","url":"https:\/\/previews.elleven.digital\/acocearense\/wp-content\/uploads\/2025\/05\/Design-sem-nome-1-1.png","contentUrl":"https:\/\/previews.elleven.digital\/acocearense\/wp-content\/uploads\/2025\/05\/Design-sem-nome-1-1.png","width":400,"height":300},{"@type":"BreadcrumbList","@id":"https:\/\/previews.elleven.digital\/acocearense\/noticia\/comunidade-de-sao-bento-do-tocantins-tem-dia-de-acao-social\/#breadcrumb","itemListElement":[{"@type":"ListItem","position":1,"name":"In\u00edcio","item":"https:\/\/previews.elleven.digital\/acocearense\/"},{"@type":"ListItem","position":2,"name":"Not\u00edcias","item":"https:\/\/previews.elleven.digital\/acocearense\/noticias\/"},{"@type":"ListItem","position":3,"name":"Comunidade de S\u00e3o Bento do Tocantins tem dia de A\u00e7\u00e3o Social"}]},{"@type":"WebSite","@id":"https:\/\/previews.elleven.digital\/acocearense\/#website","url":"https:\/\/previews.elleven.digital\/acocearense\/","name":"Cear\u00e1 Steel","description":"We have been in the Brazilian steel market for over 45 years.","alternateName":"A\u00e7o Cearense","potentialAction":[{"@type":"SearchAction","target":{"@type":"EntryPoint","urlTemplate":"https:\/\/previews.elleven.digital\/acocearense\/?s={search_term_string}"},"query-input":{"@type":"PropertyValueSpecification","valueRequired":true,"valueName":"search_term_string"}}],"inLanguage":"en-US"}]}},"_links":{"self":[{"href":"https:\/\/previews.elleven.digital\/acocearense\/en\/wp-json\/wp\/v2\/noticia\/1849","targetHints":{"allow":["GET"]}}],"collection":[{"href":"https:\/\/previews.elleven.digital\/acocearense\/en\/wp-json\/wp\/v2\/noticia"}],"about":[{"href":"https:\/\/previews.elleven.digital\/acocearense\/en\/wp-json\/wp\/v2\/types\/noticia"}],"wp:featuredmedia":[{"embeddable":true,"href":"https:\/\/previews.elleven.digital\/acocearense\/en\/wp-json\/wp\/v2\/media\/1835"}],"wp:attachment":[{"href":"https:\/\/previews.elleven.digital\/acocearense\/en\/wp-json\/wp\/v2\/media?parent=1849"}],"wp:term":[{"taxonomy":"categoria-noticia","embeddable":true,"href":"https:\/\/previews.elleven.digital\/acocearense\/en\/wp-json\/wp\/v2\/categoria-noticia?post=1849"}],"curies":[{"name":"wp","href":"https:\/\/api.w.org\/{rel}","templated":true}]}}