{"id":1844,"date":"2019-05-17T15:24:32","date_gmt":"2019-05-17T18:24:32","guid":{"rendered":"https:\/\/previews.elleven.digital\/acocearense\/?post_type=noticia&#038;p=1844"},"modified":"2025-05-07T15:24:53","modified_gmt":"2025-05-07T18:24:53","slug":"vice-presidente-comercial-e-financeira-do-grupo-aco-cearense-aline-ferreira-esteve-a-frente-da-mentoria-do-programa-de-aceleramento-da-endeavor","status":"publish","type":"noticia","link":"https:\/\/previews.elleven.digital\/acocearense\/en\/noticia\/vice-presidente-comercial-e-financeira-do-grupo-aco-cearense-aline-ferreira-esteve-a-frente-da-mentoria-do-programa-de-aceleramento-da-endeavor\/","title":{"rendered":"Commercial and Financial Vice President of Grupo A\u00e7o Cearense, Aline Ferreira, led the mentoring of Endeavor&#039;s acceleration program"},"content":{"rendered":"<p>On the morning of May 16th, Endeavor, a global organization supporting entrepreneurs, brought together a group of high-growth entrepreneurs for a group mentoring session to share experiences and gain insights they can apply to their own businesses. Leading the mentoring session was Aline Ferreira, Vice President of Sales and Finance at Grupo A\u00e7o Cearense, who is also an Endeavor Ambassador.<\/p>\n<p>The mentoring session is part of Scale Up 2019, Endeavor&#039;s acceleration program that selects high-growth companies and provides them with a series of tools to stimulate business growth and foster the entrepreneurial environment in Brazil. The executive partner of Grupo A\u00e7o Cearense shared the company&#039;s history with those present and provided guidance based on the Group&#039;s 40 years of experience.<\/p>\n<p>The first edition of Scale Up in 2019 features companies from various sectors that have excelled in their respective fields. These include: Longevidade Saud\u00e1vel, Meu Tudo, Elephant, 7 Cantos, Emp\u00f3rio da Tapioca, Frut\u00e3, Moov.Watch, \u00d3ticas Mar\u00edlia, and InfoWay. The latter two are companies from Maranh\u00e3o and Piau\u00ed, respectively, marking the first time these two states have participated in the program. In Scale Up, entrepreneurs identify their business challenges and address these challenges through mentoring and experience sharing. Registration for the second edition of the year is now open on the website:\u00a0<a href=\"https:\/\/endeavor.org.br\/scaleup\/\">https:\/\/endeavor.org.br\/scaleup\/<\/a><\/p>","protected":false},"featured_media":1840,"template":"","meta":{"_acf_changed":false,"inline_featured_image":false},"categoria-noticia":[],"class_list":["post-1844","noticia","type-noticia","status-publish","has-post-thumbnail","hentry"],"acf":{"link":""},"yoast_head":"<!-- This site is optimized with the Yoast SEO plugin v25.9 - https:\/\/yoast.com\/wordpress\/plugins\/seo\/ -->\n<title>Vice-Presidente Comercial e Financeira do Grupo A\u00e7o Cearense, Aline Ferreira, esteve \u00e0 frente da mentoria do programa de aceleramento da Endeavor - Grupo A\u00e7o Cearense<\/title>\n<meta name=\"robots\" content=\"index, follow, max-snippet:-1, max-image-preview:large, max-video-preview:-1\" \/>\n<link rel=\"canonical\" href=\"https:\/\/previews.elleven.digital\/acocearense\/en\/noticia\/vice-presidente-comercial-e-financeira-do-grupo-aco-cearense-aline-ferreira-esteve-a-frente-da-mentoria-do-programa-de-aceleramento-da-endeavor\/\" \/>\n<meta property=\"og:locale\" content=\"en_US\" \/>\n<meta property=\"og:type\" content=\"article\" \/>\n<meta property=\"og:title\" content=\"Vice-Presidente Comercial e Financeira do Grupo A\u00e7o Cearense, Aline Ferreira, esteve \u00e0 frente da mentoria do programa de aceleramento da Endeavor - Grupo A\u00e7o Cearense\" \/>\n<meta property=\"og:description\" content=\"A Endeavor, organiza\u00e7\u00e3o global de apoio a empreendedores, reuniu, na manh\u00e3 do dia 16\/05, um(...)\" \/>\n<meta property=\"og:url\" content=\"https:\/\/previews.elleven.digital\/acocearense\/en\/noticia\/vice-presidente-comercial-e-financeira-do-grupo-aco-cearense-aline-ferreira-esteve-a-frente-da-mentoria-do-programa-de-aceleramento-da-endeavor\/\" \/>\n<meta property=\"og:site_name\" content=\"Grupo A\u00e7o Cearense\" \/>\n<meta property=\"article:modified_time\" content=\"2025-05-07T18:24:53+00:00\" \/>\n<meta property=\"og:image\" content=\"https:\/\/previews.elleven.digital\/acocearense\/wp-content\/uploads\/2025\/05\/GAC-1-1.png\" \/>\n\t<meta property=\"og:image:width\" content=\"400\" \/>\n\t<meta property=\"og:image:height\" content=\"300\" \/>\n\t<meta property=\"og:image:type\" content=\"image\/png\" \/>\n<meta name=\"twitter:card\" content=\"summary_large_image\" \/>\n<meta name=\"twitter:label1\" content=\"Est. reading time\" \/>\n\t<meta name=\"twitter:data1\" content=\"2 minutes\" \/>\n<script type=\"application\/ld+json\" class=\"yoast-schema-graph\">{\"@context\":\"https:\/\/schema.org\",\"@graph\":[{\"@type\":\"WebPage\",\"@id\":\"https:\/\/previews.elleven.digital\/acocearense\/noticia\/vice-presidente-comercial-e-financeira-do-grupo-aco-cearense-aline-ferreira-esteve-a-frente-da-mentoria-do-programa-de-aceleramento-da-endeavor\/\",\"url\":\"https:\/\/previews.elleven.digital\/acocearense\/noticia\/vice-presidente-comercial-e-financeira-do-grupo-aco-cearense-aline-ferreira-esteve-a-frente-da-mentoria-do-programa-de-aceleramento-da-endeavor\/\",\"name\":\"Vice-Presidente Comercial e Financeira do Grupo A\u00e7o Cearense, Aline Ferreira, esteve \u00e0 frente da mentoria do programa de aceleramento da Endeavor - Grupo A\u00e7o Cearense\",\"isPartOf\":{\"@id\":\"https:\/\/previews.elleven.digital\/acocearense\/#website\"},\"primaryImageOfPage\":{\"@id\":\"https:\/\/previews.elleven.digital\/acocearense\/noticia\/vice-presidente-comercial-e-financeira-do-grupo-aco-cearense-aline-ferreira-esteve-a-frente-da-mentoria-do-programa-de-aceleramento-da-endeavor\/#primaryimage\"},\"image\":{\"@id\":\"https:\/\/previews.elleven.digital\/acocearense\/noticia\/vice-presidente-comercial-e-financeira-do-grupo-aco-cearense-aline-ferreira-esteve-a-frente-da-mentoria-do-programa-de-aceleramento-da-endeavor\/#primaryimage\"},\"thumbnailUrl\":\"https:\/\/previews.elleven.digital\/acocearense\/wp-content\/uploads\/2025\/05\/GAC-1-1.png\",\"datePublished\":\"2019-05-17T18:24:32+00:00\",\"dateModified\":\"2025-05-07T18:24:53+00:00\",\"breadcrumb\":{\"@id\":\"https:\/\/previews.elleven.digital\/acocearense\/noticia\/vice-presidente-comercial-e-financeira-do-grupo-aco-cearense-aline-ferreira-esteve-a-frente-da-mentoria-do-programa-de-aceleramento-da-endeavor\/#breadcrumb\"},\"inLanguage\":\"en-US\",\"potentialAction\":[{\"@type\":\"ReadAction\",\"target\":[\"https:\/\/previews.elleven.digital\/acocearense\/noticia\/vice-presidente-comercial-e-financeira-do-grupo-aco-cearense-aline-ferreira-esteve-a-frente-da-mentoria-do-programa-de-aceleramento-da-endeavor\/\"]}]},{\"@type\":\"ImageObject\",\"inLanguage\":\"en-US\",\"@id\":\"https:\/\/previews.elleven.digital\/acocearense\/noticia\/vice-presidente-comercial-e-financeira-do-grupo-aco-cearense-aline-ferreira-esteve-a-frente-da-mentoria-do-programa-de-aceleramento-da-endeavor\/#primaryimage\",\"url\":\"https:\/\/previews.elleven.digital\/acocearense\/wp-content\/uploads\/2025\/05\/GAC-1-1.png\",\"contentUrl\":\"https:\/\/previews.elleven.digital\/acocearense\/wp-content\/uploads\/2025\/05\/GAC-1-1.png\",\"width\":400,\"height\":300},{\"@type\":\"BreadcrumbList\",\"@id\":\"https:\/\/previews.elleven.digital\/acocearense\/noticia\/vice-presidente-comercial-e-financeira-do-grupo-aco-cearense-aline-ferreira-esteve-a-frente-da-mentoria-do-programa-de-aceleramento-da-endeavor\/#breadcrumb\",\"itemListElement\":[{\"@type\":\"ListItem\",\"position\":1,\"name\":\"In\u00edcio\",\"item\":\"https:\/\/previews.elleven.digital\/acocearense\/\"},{\"@type\":\"ListItem\",\"position\":2,\"name\":\"Not\u00edcias\",\"item\":\"https:\/\/previews.elleven.digital\/acocearense\/noticias\/\"},{\"@type\":\"ListItem\",\"position\":3,\"name\":\"Vice-Presidente Comercial e Financeira do Grupo A\u00e7o Cearense, Aline Ferreira, esteve \u00e0 frente da mentoria do programa de aceleramento da Endeavor\"}]},{\"@type\":\"WebSite\",\"@id\":\"https:\/\/previews.elleven.digital\/acocearense\/#website\",\"url\":\"https:\/\/previews.elleven.digital\/acocearense\/\",\"name\":\"A\u00e7o Cearense\",\"description\":\"H\u00e1 mais de 45 anos no mercado brasileiro do a\u00e7o.\",\"alternateName\":\"A\u00e7o Cearense\",\"potentialAction\":[{\"@type\":\"SearchAction\",\"target\":{\"@type\":\"EntryPoint\",\"urlTemplate\":\"https:\/\/previews.elleven.digital\/acocearense\/?s={search_term_string}\"},\"query-input\":{\"@type\":\"PropertyValueSpecification\",\"valueRequired\":true,\"valueName\":\"search_term_string\"}}],\"inLanguage\":\"en-US\"}]}<\/script>\n<!-- \/ Yoast SEO plugin. -->","yoast_head_json":{"title":"Vice-Presidente Comercial e Financeira do Grupo A\u00e7o Cearense, Aline Ferreira, esteve \u00e0 frente da mentoria do programa de aceleramento da Endeavor - Grupo A\u00e7o Cearense","robots":{"index":"index","follow":"follow","max-snippet":"max-snippet:-1","max-image-preview":"max-image-preview:large","max-video-preview":"max-video-preview:-1"},"canonical":"https:\/\/previews.elleven.digital\/acocearense\/en\/noticia\/vice-presidente-comercial-e-financeira-do-grupo-aco-cearense-aline-ferreira-esteve-a-frente-da-mentoria-do-programa-de-aceleramento-da-endeavor\/","og_locale":"en_US","og_type":"article","og_title":"Vice-Presidente Comercial e Financeira do Grupo A\u00e7o Cearense, Aline Ferreira, esteve \u00e0 frente da mentoria do programa de aceleramento da Endeavor - Grupo A\u00e7o Cearense","og_description":"A Endeavor, organiza\u00e7\u00e3o global de apoio a empreendedores, reuniu, na manh\u00e3 do dia 16\/05, um(...)","og_url":"https:\/\/previews.elleven.digital\/acocearense\/en\/noticia\/vice-presidente-comercial-e-financeira-do-grupo-aco-cearense-aline-ferreira-esteve-a-frente-da-mentoria-do-programa-de-aceleramento-da-endeavor\/","og_site_name":"Grupo A\u00e7o Cearense","article_modified_time":"2025-05-07T18:24:53+00:00","og_image":[{"width":400,"height":300,"url":"https:\/\/previews.elleven.digital\/acocearense\/wp-content\/uploads\/2025\/05\/GAC-1-1.png","type":"image\/png"}],"twitter_card":"summary_large_image","twitter_misc":{"Est. reading time":"2 minutes"},"schema":{"@context":"https:\/\/schema.org","@graph":[{"@type":"WebPage","@id":"https:\/\/previews.elleven.digital\/acocearense\/noticia\/vice-presidente-comercial-e-financeira-do-grupo-aco-cearense-aline-ferreira-esteve-a-frente-da-mentoria-do-programa-de-aceleramento-da-endeavor\/","url":"https:\/\/previews.elleven.digital\/acocearense\/noticia\/vice-presidente-comercial-e-financeira-do-grupo-aco-cearense-aline-ferreira-esteve-a-frente-da-mentoria-do-programa-de-aceleramento-da-endeavor\/","name":"Vice-Presidente Comercial e Financeira do Grupo A\u00e7o Cearense, Aline Ferreira, esteve \u00e0 frente da mentoria do programa de aceleramento da Endeavor - Grupo A\u00e7o Cearense","isPartOf":{"@id":"https:\/\/previews.elleven.digital\/acocearense\/#website"},"primaryImageOfPage":{"@id":"https:\/\/previews.elleven.digital\/acocearense\/noticia\/vice-presidente-comercial-e-financeira-do-grupo-aco-cearense-aline-ferreira-esteve-a-frente-da-mentoria-do-programa-de-aceleramento-da-endeavor\/#primaryimage"},"image":{"@id":"https:\/\/previews.elleven.digital\/acocearense\/noticia\/vice-presidente-comercial-e-financeira-do-grupo-aco-cearense-aline-ferreira-esteve-a-frente-da-mentoria-do-programa-de-aceleramento-da-endeavor\/#primaryimage"},"thumbnailUrl":"https:\/\/previews.elleven.digital\/acocearense\/wp-content\/uploads\/2025\/05\/GAC-1-1.png","datePublished":"2019-05-17T18:24:32+00:00","dateModified":"2025-05-07T18:24:53+00:00","breadcrumb":{"@id":"https:\/\/previews.elleven.digital\/acocearense\/noticia\/vice-presidente-comercial-e-financeira-do-grupo-aco-cearense-aline-ferreira-esteve-a-frente-da-mentoria-do-programa-de-aceleramento-da-endeavor\/#breadcrumb"},"inLanguage":"en-US","potentialAction":[{"@type":"ReadAction","target":["https:\/\/previews.elleven.digital\/acocearense\/noticia\/vice-presidente-comercial-e-financeira-do-grupo-aco-cearense-aline-ferreira-esteve-a-frente-da-mentoria-do-programa-de-aceleramento-da-endeavor\/"]}]},{"@type":"ImageObject","inLanguage":"en-US","@id":"https:\/\/previews.elleven.digital\/acocearense\/noticia\/vice-presidente-comercial-e-financeira-do-grupo-aco-cearense-aline-ferreira-esteve-a-frente-da-mentoria-do-programa-de-aceleramento-da-endeavor\/#primaryimage","url":"https:\/\/previews.elleven.digital\/acocearense\/wp-content\/uploads\/2025\/05\/GAC-1-1.png","contentUrl":"https:\/\/previews.elleven.digital\/acocearense\/wp-content\/uploads\/2025\/05\/GAC-1-1.png","width":400,"height":300},{"@type":"BreadcrumbList","@id":"https:\/\/previews.elleven.digital\/acocearense\/noticia\/vice-presidente-comercial-e-financeira-do-grupo-aco-cearense-aline-ferreira-esteve-a-frente-da-mentoria-do-programa-de-aceleramento-da-endeavor\/#breadcrumb","itemListElement":[{"@type":"ListItem","position":1,"name":"In\u00edcio","item":"https:\/\/previews.elleven.digital\/acocearense\/"},{"@type":"ListItem","position":2,"name":"Not\u00edcias","item":"https:\/\/previews.elleven.digital\/acocearense\/noticias\/"},{"@type":"ListItem","position":3,"name":"Vice-Presidente Comercial e Financeira do Grupo A\u00e7o Cearense, Aline Ferreira, esteve \u00e0 frente da mentoria do programa de aceleramento da Endeavor"}]},{"@type":"WebSite","@id":"https:\/\/previews.elleven.digital\/acocearense\/#website","url":"https:\/\/previews.elleven.digital\/acocearense\/","name":"Cear\u00e1 Steel","description":"We have been in the Brazilian steel market for over 45 years.","alternateName":"A\u00e7o Cearense","potentialAction":[{"@type":"SearchAction","target":{"@type":"EntryPoint","urlTemplate":"https:\/\/previews.elleven.digital\/acocearense\/?s={search_term_string}"},"query-input":{"@type":"PropertyValueSpecification","valueRequired":true,"valueName":"search_term_string"}}],"inLanguage":"en-US"}]}},"_links":{"self":[{"href":"https:\/\/previews.elleven.digital\/acocearense\/en\/wp-json\/wp\/v2\/noticia\/1844","targetHints":{"allow":["GET"]}}],"collection":[{"href":"https:\/\/previews.elleven.digital\/acocearense\/en\/wp-json\/wp\/v2\/noticia"}],"about":[{"href":"https:\/\/previews.elleven.digital\/acocearense\/en\/wp-json\/wp\/v2\/types\/noticia"}],"wp:featuredmedia":[{"embeddable":true,"href":"https:\/\/previews.elleven.digital\/acocearense\/en\/wp-json\/wp\/v2\/media\/1840"}],"wp:attachment":[{"href":"https:\/\/previews.elleven.digital\/acocearense\/en\/wp-json\/wp\/v2\/media?parent=1844"}],"wp:term":[{"taxonomy":"categoria-noticia","embeddable":true,"href":"https:\/\/previews.elleven.digital\/acocearense\/en\/wp-json\/wp\/v2\/categoria-noticia?post=1844"}],"curies":[{"name":"wp","href":"https:\/\/api.w.org\/{rel}","templated":true}]}}