{"id":1830,"date":"2019-04-30T15:13:02","date_gmt":"2019-04-30T18:13:02","guid":{"rendered":"https:\/\/previews.elleven.digital\/acocearense\/?post_type=noticia&#038;p=1830"},"modified":"2025-05-07T15:13:31","modified_gmt":"2025-05-07T18:13:31","slug":"projeto-do-grupo-aco-cearense-possibilita-que-colaboradores-concluam-o-ensino-medio","status":"publish","type":"noticia","link":"https:\/\/previews.elleven.digital\/acocearense\/en\/noticia\/projeto-do-grupo-aco-cearense-possibilita-que-colaboradores-concluam-o-ensino-medio\/","title":{"rendered":"A\u00e7o Cearense Group project enables employees to complete high school"},"content":{"rendered":"<p>The event was attended by company directors and managers, as well as project instructors. The ceremony was held at A\u00e7o Cearense Industrial.<br \/>\nRenato Ferreira Lima, the class valedictorian, emphasized the importance of celebrating this achievement, which was marked by overcoming a series of obstacles to completing his studies. &quot;Our journey thus far has not been easy. We encountered many difficulties and problems that often made us consider giving up. But we made it. Our life is an eternal journey, and the reward is what motivates us to keep going,&quot; he said.<\/p>\n<p>The A\u00e7o Cearense Group strives to maintain a talented, committed, and fulfilled team. To this end, it invests in employee training through initiatives such as EducaA\u00e7o. Since 2013, when the Group implemented the project, 418 students have benefited from this educational development, both in elementary and high school.<br \/>\n<img loading=\"lazy\" decoding=\"async\" class=\"size-full wp-image-5049 aligncenter\" src=\"https:\/\/grupoacocearense.com.br\/wp-content\/uploads\/2019\/05\/Design-sem-nome.jpg\" sizes=\"auto, (max-width: 400px) 100vw, 400px\" srcset=\"https:\/\/previews.elleven.digital\/acocearense\/wp-content\/uploads\/2019\/05\/Design-sem-nome.jpg 400w, https:\/\/previews.elleven.digital\/acocearense\/wp-content\/uploads\/2019\/05\/Design-sem-nome-300x225.jpg 300w\" alt=\"\" width=\"400\" height=\"300\" \/><\/p>","protected":false},"featured_media":1814,"template":"","meta":{"_acf_changed":false,"inline_featured_image":false},"categoria-noticia":[],"class_list":["post-1830","noticia","type-noticia","status-publish","has-post-thumbnail","hentry"],"acf":{"link":""},"yoast_head":"<!-- This site is optimized with the Yoast SEO plugin v25.9 - https:\/\/yoast.com\/wordpress\/plugins\/seo\/ -->\n<title>Projeto do Grupo A\u00e7o Cearense possibilita que colaboradores concluam o Ensino M\u00e9dio - Grupo A\u00e7o Cearense<\/title>\n<meta name=\"robots\" content=\"index, follow, max-snippet:-1, max-image-preview:large, max-video-preview:-1\" \/>\n<link rel=\"canonical\" href=\"https:\/\/previews.elleven.digital\/acocearense\/en\/noticia\/projeto-do-grupo-aco-cearense-possibilita-que-colaboradores-concluam-o-ensino-medio\/\" \/>\n<meta property=\"og:locale\" content=\"en_US\" \/>\n<meta property=\"og:type\" content=\"article\" \/>\n<meta property=\"og:title\" content=\"Projeto do Grupo A\u00e7o Cearense possibilita que colaboradores concluam o Ensino M\u00e9dio - Grupo A\u00e7o Cearense\" \/>\n<meta property=\"og:description\" content=\"O evento contou com a presen\u00e7a de diretores e gestores da empresa, al\u00e9m de professores(...)\" \/>\n<meta property=\"og:url\" content=\"https:\/\/previews.elleven.digital\/acocearense\/en\/noticia\/projeto-do-grupo-aco-cearense-possibilita-que-colaboradores-concluam-o-ensino-medio\/\" \/>\n<meta property=\"og:site_name\" content=\"Grupo A\u00e7o Cearense\" \/>\n<meta property=\"article:modified_time\" content=\"2025-05-07T18:13:31+00:00\" \/>\n<meta property=\"og:image\" content=\"https:\/\/previews.elleven.digital\/acocearense\/wp-content\/uploads\/2025\/05\/Design-sem-nome.png\" \/>\n\t<meta property=\"og:image:width\" content=\"400\" \/>\n\t<meta property=\"og:image:height\" content=\"300\" \/>\n\t<meta property=\"og:image:type\" content=\"image\/png\" \/>\n<meta name=\"twitter:card\" content=\"summary_large_image\" \/>\n<meta name=\"twitter:label1\" content=\"Est. reading time\" \/>\n\t<meta name=\"twitter:data1\" content=\"2 minutes\" \/>\n<script type=\"application\/ld+json\" class=\"yoast-schema-graph\">{\"@context\":\"https:\/\/schema.org\",\"@graph\":[{\"@type\":\"WebPage\",\"@id\":\"https:\/\/previews.elleven.digital\/acocearense\/noticia\/projeto-do-grupo-aco-cearense-possibilita-que-colaboradores-concluam-o-ensino-medio\/\",\"url\":\"https:\/\/previews.elleven.digital\/acocearense\/noticia\/projeto-do-grupo-aco-cearense-possibilita-que-colaboradores-concluam-o-ensino-medio\/\",\"name\":\"Projeto do Grupo A\u00e7o Cearense possibilita que colaboradores concluam o Ensino M\u00e9dio - Grupo A\u00e7o Cearense\",\"isPartOf\":{\"@id\":\"https:\/\/previews.elleven.digital\/acocearense\/#website\"},\"primaryImageOfPage\":{\"@id\":\"https:\/\/previews.elleven.digital\/acocearense\/noticia\/projeto-do-grupo-aco-cearense-possibilita-que-colaboradores-concluam-o-ensino-medio\/#primaryimage\"},\"image\":{\"@id\":\"https:\/\/previews.elleven.digital\/acocearense\/noticia\/projeto-do-grupo-aco-cearense-possibilita-que-colaboradores-concluam-o-ensino-medio\/#primaryimage\"},\"thumbnailUrl\":\"https:\/\/previews.elleven.digital\/acocearense\/wp-content\/uploads\/2025\/05\/Design-sem-nome.png\",\"datePublished\":\"2019-04-30T18:13:02+00:00\",\"dateModified\":\"2025-05-07T18:13:31+00:00\",\"breadcrumb\":{\"@id\":\"https:\/\/previews.elleven.digital\/acocearense\/noticia\/projeto-do-grupo-aco-cearense-possibilita-que-colaboradores-concluam-o-ensino-medio\/#breadcrumb\"},\"inLanguage\":\"en-US\",\"potentialAction\":[{\"@type\":\"ReadAction\",\"target\":[\"https:\/\/previews.elleven.digital\/acocearense\/noticia\/projeto-do-grupo-aco-cearense-possibilita-que-colaboradores-concluam-o-ensino-medio\/\"]}]},{\"@type\":\"ImageObject\",\"inLanguage\":\"en-US\",\"@id\":\"https:\/\/previews.elleven.digital\/acocearense\/noticia\/projeto-do-grupo-aco-cearense-possibilita-que-colaboradores-concluam-o-ensino-medio\/#primaryimage\",\"url\":\"https:\/\/previews.elleven.digital\/acocearense\/wp-content\/uploads\/2025\/05\/Design-sem-nome.png\",\"contentUrl\":\"https:\/\/previews.elleven.digital\/acocearense\/wp-content\/uploads\/2025\/05\/Design-sem-nome.png\",\"width\":400,\"height\":300},{\"@type\":\"BreadcrumbList\",\"@id\":\"https:\/\/previews.elleven.digital\/acocearense\/noticia\/projeto-do-grupo-aco-cearense-possibilita-que-colaboradores-concluam-o-ensino-medio\/#breadcrumb\",\"itemListElement\":[{\"@type\":\"ListItem\",\"position\":1,\"name\":\"In\u00edcio\",\"item\":\"https:\/\/previews.elleven.digital\/acocearense\/\"},{\"@type\":\"ListItem\",\"position\":2,\"name\":\"Not\u00edcias\",\"item\":\"https:\/\/previews.elleven.digital\/acocearense\/noticias\/\"},{\"@type\":\"ListItem\",\"position\":3,\"name\":\"Projeto do Grupo A\u00e7o Cearense possibilita que colaboradores concluam o Ensino M\u00e9dio\"}]},{\"@type\":\"WebSite\",\"@id\":\"https:\/\/previews.elleven.digital\/acocearense\/#website\",\"url\":\"https:\/\/previews.elleven.digital\/acocearense\/\",\"name\":\"A\u00e7o Cearense\",\"description\":\"H\u00e1 mais de 45 anos no mercado brasileiro do a\u00e7o.\",\"alternateName\":\"A\u00e7o Cearense\",\"potentialAction\":[{\"@type\":\"SearchAction\",\"target\":{\"@type\":\"EntryPoint\",\"urlTemplate\":\"https:\/\/previews.elleven.digital\/acocearense\/?s={search_term_string}\"},\"query-input\":{\"@type\":\"PropertyValueSpecification\",\"valueRequired\":true,\"valueName\":\"search_term_string\"}}],\"inLanguage\":\"en-US\"}]}<\/script>\n<!-- \/ Yoast SEO plugin. -->","yoast_head_json":{"title":"Projeto do Grupo A\u00e7o Cearense possibilita que colaboradores concluam o Ensino M\u00e9dio - Grupo A\u00e7o Cearense","robots":{"index":"index","follow":"follow","max-snippet":"max-snippet:-1","max-image-preview":"max-image-preview:large","max-video-preview":"max-video-preview:-1"},"canonical":"https:\/\/previews.elleven.digital\/acocearense\/en\/noticia\/projeto-do-grupo-aco-cearense-possibilita-que-colaboradores-concluam-o-ensino-medio\/","og_locale":"en_US","og_type":"article","og_title":"Projeto do Grupo A\u00e7o Cearense possibilita que colaboradores concluam o Ensino M\u00e9dio - Grupo A\u00e7o Cearense","og_description":"O evento contou com a presen\u00e7a de diretores e gestores da empresa, al\u00e9m de professores(...)","og_url":"https:\/\/previews.elleven.digital\/acocearense\/en\/noticia\/projeto-do-grupo-aco-cearense-possibilita-que-colaboradores-concluam-o-ensino-medio\/","og_site_name":"Grupo A\u00e7o Cearense","article_modified_time":"2025-05-07T18:13:31+00:00","og_image":[{"width":400,"height":300,"url":"https:\/\/previews.elleven.digital\/acocearense\/wp-content\/uploads\/2025\/05\/Design-sem-nome.png","type":"image\/png"}],"twitter_card":"summary_large_image","twitter_misc":{"Est. reading time":"2 minutes"},"schema":{"@context":"https:\/\/schema.org","@graph":[{"@type":"WebPage","@id":"https:\/\/previews.elleven.digital\/acocearense\/noticia\/projeto-do-grupo-aco-cearense-possibilita-que-colaboradores-concluam-o-ensino-medio\/","url":"https:\/\/previews.elleven.digital\/acocearense\/noticia\/projeto-do-grupo-aco-cearense-possibilita-que-colaboradores-concluam-o-ensino-medio\/","name":"Projeto do Grupo A\u00e7o Cearense possibilita que colaboradores concluam o Ensino M\u00e9dio - Grupo A\u00e7o Cearense","isPartOf":{"@id":"https:\/\/previews.elleven.digital\/acocearense\/#website"},"primaryImageOfPage":{"@id":"https:\/\/previews.elleven.digital\/acocearense\/noticia\/projeto-do-grupo-aco-cearense-possibilita-que-colaboradores-concluam-o-ensino-medio\/#primaryimage"},"image":{"@id":"https:\/\/previews.elleven.digital\/acocearense\/noticia\/projeto-do-grupo-aco-cearense-possibilita-que-colaboradores-concluam-o-ensino-medio\/#primaryimage"},"thumbnailUrl":"https:\/\/previews.elleven.digital\/acocearense\/wp-content\/uploads\/2025\/05\/Design-sem-nome.png","datePublished":"2019-04-30T18:13:02+00:00","dateModified":"2025-05-07T18:13:31+00:00","breadcrumb":{"@id":"https:\/\/previews.elleven.digital\/acocearense\/noticia\/projeto-do-grupo-aco-cearense-possibilita-que-colaboradores-concluam-o-ensino-medio\/#breadcrumb"},"inLanguage":"en-US","potentialAction":[{"@type":"ReadAction","target":["https:\/\/previews.elleven.digital\/acocearense\/noticia\/projeto-do-grupo-aco-cearense-possibilita-que-colaboradores-concluam-o-ensino-medio\/"]}]},{"@type":"ImageObject","inLanguage":"en-US","@id":"https:\/\/previews.elleven.digital\/acocearense\/noticia\/projeto-do-grupo-aco-cearense-possibilita-que-colaboradores-concluam-o-ensino-medio\/#primaryimage","url":"https:\/\/previews.elleven.digital\/acocearense\/wp-content\/uploads\/2025\/05\/Design-sem-nome.png","contentUrl":"https:\/\/previews.elleven.digital\/acocearense\/wp-content\/uploads\/2025\/05\/Design-sem-nome.png","width":400,"height":300},{"@type":"BreadcrumbList","@id":"https:\/\/previews.elleven.digital\/acocearense\/noticia\/projeto-do-grupo-aco-cearense-possibilita-que-colaboradores-concluam-o-ensino-medio\/#breadcrumb","itemListElement":[{"@type":"ListItem","position":1,"name":"In\u00edcio","item":"https:\/\/previews.elleven.digital\/acocearense\/"},{"@type":"ListItem","position":2,"name":"Not\u00edcias","item":"https:\/\/previews.elleven.digital\/acocearense\/noticias\/"},{"@type":"ListItem","position":3,"name":"Projeto do Grupo A\u00e7o Cearense possibilita que colaboradores concluam o Ensino M\u00e9dio"}]},{"@type":"WebSite","@id":"https:\/\/previews.elleven.digital\/acocearense\/#website","url":"https:\/\/previews.elleven.digital\/acocearense\/","name":"Cear\u00e1 Steel","description":"We have been in the Brazilian steel market for over 45 years.","alternateName":"A\u00e7o Cearense","potentialAction":[{"@type":"SearchAction","target":{"@type":"EntryPoint","urlTemplate":"https:\/\/previews.elleven.digital\/acocearense\/?s={search_term_string}"},"query-input":{"@type":"PropertyValueSpecification","valueRequired":true,"valueName":"search_term_string"}}],"inLanguage":"en-US"}]}},"_links":{"self":[{"href":"https:\/\/previews.elleven.digital\/acocearense\/en\/wp-json\/wp\/v2\/noticia\/1830","targetHints":{"allow":["GET"]}}],"collection":[{"href":"https:\/\/previews.elleven.digital\/acocearense\/en\/wp-json\/wp\/v2\/noticia"}],"about":[{"href":"https:\/\/previews.elleven.digital\/acocearense\/en\/wp-json\/wp\/v2\/types\/noticia"}],"wp:featuredmedia":[{"embeddable":true,"href":"https:\/\/previews.elleven.digital\/acocearense\/en\/wp-json\/wp\/v2\/media\/1814"}],"wp:attachment":[{"href":"https:\/\/previews.elleven.digital\/acocearense\/en\/wp-json\/wp\/v2\/media?parent=1830"}],"wp:term":[{"taxonomy":"categoria-noticia","embeddable":true,"href":"https:\/\/previews.elleven.digital\/acocearense\/en\/wp-json\/wp\/v2\/categoria-noticia?post=1830"}],"curies":[{"name":"wp","href":"https:\/\/api.w.org\/{rel}","templated":true}]}}