{"id":1827,"date":"2019-04-11T15:11:06","date_gmt":"2019-04-11T18:11:06","guid":{"rendered":"https:\/\/previews.elleven.digital\/acocearense\/?post_type=noticia&#038;p=1827"},"modified":"2025-05-07T15:11:53","modified_gmt":"2025-05-07T18:11:53","slug":"cases-de-sucesso-do-grupo-aco-cearense-sao-apresentados-em-evento-de-sustentabilidade","status":"publish","type":"noticia","link":"https:\/\/previews.elleven.digital\/acocearense\/en\/noticia\/cases-de-sucesso-do-grupo-aco-cearense-sao-apresentados-em-evento-de-sustentabilidade\/","title":{"rendered":"Success stories from Grupo A\u00e7o Cearense are presented at a sustainability event"},"content":{"rendered":"<p>Exchanging experiences on sustainable development initiatives is a practice that society needs to increasingly embrace to learn how to implement small and large ideas that contribute to the future of the planet. In this context, A\u00e7o Cearense presented its success stories at the O Povo Communication Group this April. Topics on corporate sustainability were discussed, with the participation of Tr\u00eas Cora\u00e7\u00f5es and Ayo.<\/p>\n<p>Carlos Yves Cavalcante, Sustainability Manager at A\u00e7o Cearense, presented the companies&#039; success stories in Cear\u00e1, including recycling projects, rainwater harvesting, youth and adult education, reforestation, and social initiatives with the Instituto A\u00e7o Cearense. He also discussed the production of its own bioenergy reducer by SINOBRAS Florestal and the use of scrap in steel production by SINOBRAS, two of the Group&#039;s companies located in Tocantins and Par\u00e1.<\/p>\n<p>Carlos Yves believes they&#039;re on the right track. &quot;Sustainable actions are a concern for everyone at the Group, from the CEO to the operations team. The idea is for everyone to practice these actions not only within the company but also in their own lives, helping to transform the world,&quot; the manager explained.<br \/>\n<img loading=\"lazy\" decoding=\"async\" class=\"wp-image-4975 aligncenter\" src=\"https:\/\/grupoacocearense.com.br\/wp-content\/uploads\/2019\/04\/5-1-300x225.jpg\" alt=\"\" width=\"299\" height=\"224\" \/><\/p>\n<p><img loading=\"lazy\" decoding=\"async\" class=\"wp-image-4974 size-medium aligncenter\" src=\"https:\/\/grupoacocearense.com.br\/wp-content\/uploads\/2019\/04\/1-1-300x225.jpg\" alt=\"\" width=\"300\" height=\"225\" \/><\/p>","protected":false},"featured_media":1820,"template":"","meta":{"_acf_changed":false,"inline_featured_image":false},"categoria-noticia":[],"class_list":["post-1827","noticia","type-noticia","status-publish","has-post-thumbnail","hentry"],"acf":{"link":""},"yoast_head":"<!-- This site is optimized with the Yoast SEO plugin v25.9 - https:\/\/yoast.com\/wordpress\/plugins\/seo\/ -->\n<title>Cases de sucesso do Grupo A\u00e7o Cearense s\u00e3o apresentados em evento de sustentabilidade - Grupo A\u00e7o Cearense<\/title>\n<meta name=\"robots\" content=\"index, follow, max-snippet:-1, max-image-preview:large, max-video-preview:-1\" \/>\n<link rel=\"canonical\" href=\"https:\/\/previews.elleven.digital\/acocearense\/en\/noticia\/cases-de-sucesso-do-grupo-aco-cearense-sao-apresentados-em-evento-de-sustentabilidade\/\" \/>\n<meta property=\"og:locale\" content=\"en_US\" \/>\n<meta property=\"og:type\" content=\"article\" \/>\n<meta property=\"og:title\" content=\"Cases de sucesso do Grupo A\u00e7o Cearense s\u00e3o apresentados em evento de sustentabilidade - Grupo A\u00e7o Cearense\" \/>\n<meta property=\"og:description\" content=\"Trocar experi\u00eancias sobre a\u00e7\u00f5es de desenvolvimento sustent\u00e1vel \u00e9 uma pr\u00e1tica que a sociedade precisa vivenciar(...)\" \/>\n<meta property=\"og:url\" content=\"https:\/\/previews.elleven.digital\/acocearense\/en\/noticia\/cases-de-sucesso-do-grupo-aco-cearense-sao-apresentados-em-evento-de-sustentabilidade\/\" \/>\n<meta property=\"og:site_name\" content=\"Grupo A\u00e7o Cearense\" \/>\n<meta property=\"article:modified_time\" content=\"2025-05-07T18:11:53+00:00\" \/>\n<meta property=\"og:image\" content=\"https:\/\/previews.elleven.digital\/acocearense\/wp-content\/uploads\/2025\/05\/gac-1.png\" \/>\n\t<meta property=\"og:image:width\" content=\"383\" \/>\n\t<meta property=\"og:image:height\" content=\"266\" \/>\n\t<meta property=\"og:image:type\" content=\"image\/png\" \/>\n<meta name=\"twitter:card\" content=\"summary_large_image\" \/>\n<meta name=\"twitter:label1\" content=\"Est. reading time\" \/>\n\t<meta name=\"twitter:data1\" content=\"2 minutes\" \/>\n<script type=\"application\/ld+json\" class=\"yoast-schema-graph\">{\"@context\":\"https:\/\/schema.org\",\"@graph\":[{\"@type\":\"WebPage\",\"@id\":\"https:\/\/previews.elleven.digital\/acocearense\/noticia\/cases-de-sucesso-do-grupo-aco-cearense-sao-apresentados-em-evento-de-sustentabilidade\/\",\"url\":\"https:\/\/previews.elleven.digital\/acocearense\/noticia\/cases-de-sucesso-do-grupo-aco-cearense-sao-apresentados-em-evento-de-sustentabilidade\/\",\"name\":\"Cases de sucesso do Grupo A\u00e7o Cearense s\u00e3o apresentados em evento de sustentabilidade - Grupo A\u00e7o Cearense\",\"isPartOf\":{\"@id\":\"https:\/\/previews.elleven.digital\/acocearense\/#website\"},\"primaryImageOfPage\":{\"@id\":\"https:\/\/previews.elleven.digital\/acocearense\/noticia\/cases-de-sucesso-do-grupo-aco-cearense-sao-apresentados-em-evento-de-sustentabilidade\/#primaryimage\"},\"image\":{\"@id\":\"https:\/\/previews.elleven.digital\/acocearense\/noticia\/cases-de-sucesso-do-grupo-aco-cearense-sao-apresentados-em-evento-de-sustentabilidade\/#primaryimage\"},\"thumbnailUrl\":\"https:\/\/previews.elleven.digital\/acocearense\/wp-content\/uploads\/2025\/05\/gac-1.png\",\"datePublished\":\"2019-04-11T18:11:06+00:00\",\"dateModified\":\"2025-05-07T18:11:53+00:00\",\"breadcrumb\":{\"@id\":\"https:\/\/previews.elleven.digital\/acocearense\/noticia\/cases-de-sucesso-do-grupo-aco-cearense-sao-apresentados-em-evento-de-sustentabilidade\/#breadcrumb\"},\"inLanguage\":\"en-US\",\"potentialAction\":[{\"@type\":\"ReadAction\",\"target\":[\"https:\/\/previews.elleven.digital\/acocearense\/noticia\/cases-de-sucesso-do-grupo-aco-cearense-sao-apresentados-em-evento-de-sustentabilidade\/\"]}]},{\"@type\":\"ImageObject\",\"inLanguage\":\"en-US\",\"@id\":\"https:\/\/previews.elleven.digital\/acocearense\/noticia\/cases-de-sucesso-do-grupo-aco-cearense-sao-apresentados-em-evento-de-sustentabilidade\/#primaryimage\",\"url\":\"https:\/\/previews.elleven.digital\/acocearense\/wp-content\/uploads\/2025\/05\/gac-1.png\",\"contentUrl\":\"https:\/\/previews.elleven.digital\/acocearense\/wp-content\/uploads\/2025\/05\/gac-1.png\",\"width\":383,\"height\":266},{\"@type\":\"BreadcrumbList\",\"@id\":\"https:\/\/previews.elleven.digital\/acocearense\/noticia\/cases-de-sucesso-do-grupo-aco-cearense-sao-apresentados-em-evento-de-sustentabilidade\/#breadcrumb\",\"itemListElement\":[{\"@type\":\"ListItem\",\"position\":1,\"name\":\"In\u00edcio\",\"item\":\"https:\/\/previews.elleven.digital\/acocearense\/\"},{\"@type\":\"ListItem\",\"position\":2,\"name\":\"Not\u00edcias\",\"item\":\"https:\/\/previews.elleven.digital\/acocearense\/noticias\/\"},{\"@type\":\"ListItem\",\"position\":3,\"name\":\"Cases de sucesso do Grupo A\u00e7o Cearense s\u00e3o apresentados em evento de sustentabilidade\"}]},{\"@type\":\"WebSite\",\"@id\":\"https:\/\/previews.elleven.digital\/acocearense\/#website\",\"url\":\"https:\/\/previews.elleven.digital\/acocearense\/\",\"name\":\"A\u00e7o Cearense\",\"description\":\"H\u00e1 mais de 45 anos no mercado brasileiro do a\u00e7o.\",\"alternateName\":\"A\u00e7o Cearense\",\"potentialAction\":[{\"@type\":\"SearchAction\",\"target\":{\"@type\":\"EntryPoint\",\"urlTemplate\":\"https:\/\/previews.elleven.digital\/acocearense\/?s={search_term_string}\"},\"query-input\":{\"@type\":\"PropertyValueSpecification\",\"valueRequired\":true,\"valueName\":\"search_term_string\"}}],\"inLanguage\":\"en-US\"}]}<\/script>\n<!-- \/ Yoast SEO plugin. -->","yoast_head_json":{"title":"Cases de sucesso do Grupo A\u00e7o Cearense s\u00e3o apresentados em evento de sustentabilidade - Grupo A\u00e7o Cearense","robots":{"index":"index","follow":"follow","max-snippet":"max-snippet:-1","max-image-preview":"max-image-preview:large","max-video-preview":"max-video-preview:-1"},"canonical":"https:\/\/previews.elleven.digital\/acocearense\/en\/noticia\/cases-de-sucesso-do-grupo-aco-cearense-sao-apresentados-em-evento-de-sustentabilidade\/","og_locale":"en_US","og_type":"article","og_title":"Cases de sucesso do Grupo A\u00e7o Cearense s\u00e3o apresentados em evento de sustentabilidade - Grupo A\u00e7o Cearense","og_description":"Trocar experi\u00eancias sobre a\u00e7\u00f5es de desenvolvimento sustent\u00e1vel \u00e9 uma pr\u00e1tica que a sociedade precisa vivenciar(...)","og_url":"https:\/\/previews.elleven.digital\/acocearense\/en\/noticia\/cases-de-sucesso-do-grupo-aco-cearense-sao-apresentados-em-evento-de-sustentabilidade\/","og_site_name":"Grupo A\u00e7o Cearense","article_modified_time":"2025-05-07T18:11:53+00:00","og_image":[{"width":383,"height":266,"url":"https:\/\/previews.elleven.digital\/acocearense\/wp-content\/uploads\/2025\/05\/gac-1.png","type":"image\/png"}],"twitter_card":"summary_large_image","twitter_misc":{"Est. reading time":"2 minutes"},"schema":{"@context":"https:\/\/schema.org","@graph":[{"@type":"WebPage","@id":"https:\/\/previews.elleven.digital\/acocearense\/noticia\/cases-de-sucesso-do-grupo-aco-cearense-sao-apresentados-em-evento-de-sustentabilidade\/","url":"https:\/\/previews.elleven.digital\/acocearense\/noticia\/cases-de-sucesso-do-grupo-aco-cearense-sao-apresentados-em-evento-de-sustentabilidade\/","name":"Cases de sucesso do Grupo A\u00e7o Cearense s\u00e3o apresentados em evento de sustentabilidade - Grupo A\u00e7o Cearense","isPartOf":{"@id":"https:\/\/previews.elleven.digital\/acocearense\/#website"},"primaryImageOfPage":{"@id":"https:\/\/previews.elleven.digital\/acocearense\/noticia\/cases-de-sucesso-do-grupo-aco-cearense-sao-apresentados-em-evento-de-sustentabilidade\/#primaryimage"},"image":{"@id":"https:\/\/previews.elleven.digital\/acocearense\/noticia\/cases-de-sucesso-do-grupo-aco-cearense-sao-apresentados-em-evento-de-sustentabilidade\/#primaryimage"},"thumbnailUrl":"https:\/\/previews.elleven.digital\/acocearense\/wp-content\/uploads\/2025\/05\/gac-1.png","datePublished":"2019-04-11T18:11:06+00:00","dateModified":"2025-05-07T18:11:53+00:00","breadcrumb":{"@id":"https:\/\/previews.elleven.digital\/acocearense\/noticia\/cases-de-sucesso-do-grupo-aco-cearense-sao-apresentados-em-evento-de-sustentabilidade\/#breadcrumb"},"inLanguage":"en-US","potentialAction":[{"@type":"ReadAction","target":["https:\/\/previews.elleven.digital\/acocearense\/noticia\/cases-de-sucesso-do-grupo-aco-cearense-sao-apresentados-em-evento-de-sustentabilidade\/"]}]},{"@type":"ImageObject","inLanguage":"en-US","@id":"https:\/\/previews.elleven.digital\/acocearense\/noticia\/cases-de-sucesso-do-grupo-aco-cearense-sao-apresentados-em-evento-de-sustentabilidade\/#primaryimage","url":"https:\/\/previews.elleven.digital\/acocearense\/wp-content\/uploads\/2025\/05\/gac-1.png","contentUrl":"https:\/\/previews.elleven.digital\/acocearense\/wp-content\/uploads\/2025\/05\/gac-1.png","width":383,"height":266},{"@type":"BreadcrumbList","@id":"https:\/\/previews.elleven.digital\/acocearense\/noticia\/cases-de-sucesso-do-grupo-aco-cearense-sao-apresentados-em-evento-de-sustentabilidade\/#breadcrumb","itemListElement":[{"@type":"ListItem","position":1,"name":"In\u00edcio","item":"https:\/\/previews.elleven.digital\/acocearense\/"},{"@type":"ListItem","position":2,"name":"Not\u00edcias","item":"https:\/\/previews.elleven.digital\/acocearense\/noticias\/"},{"@type":"ListItem","position":3,"name":"Cases de sucesso do Grupo A\u00e7o Cearense s\u00e3o apresentados em evento de sustentabilidade"}]},{"@type":"WebSite","@id":"https:\/\/previews.elleven.digital\/acocearense\/#website","url":"https:\/\/previews.elleven.digital\/acocearense\/","name":"Cear\u00e1 Steel","description":"We have been in the Brazilian steel market for over 45 years.","alternateName":"A\u00e7o Cearense","potentialAction":[{"@type":"SearchAction","target":{"@type":"EntryPoint","urlTemplate":"https:\/\/previews.elleven.digital\/acocearense\/?s={search_term_string}"},"query-input":{"@type":"PropertyValueSpecification","valueRequired":true,"valueName":"search_term_string"}}],"inLanguage":"en-US"}]}},"_links":{"self":[{"href":"https:\/\/previews.elleven.digital\/acocearense\/en\/wp-json\/wp\/v2\/noticia\/1827","targetHints":{"allow":["GET"]}}],"collection":[{"href":"https:\/\/previews.elleven.digital\/acocearense\/en\/wp-json\/wp\/v2\/noticia"}],"about":[{"href":"https:\/\/previews.elleven.digital\/acocearense\/en\/wp-json\/wp\/v2\/types\/noticia"}],"wp:featuredmedia":[{"embeddable":true,"href":"https:\/\/previews.elleven.digital\/acocearense\/en\/wp-json\/wp\/v2\/media\/1820"}],"wp:attachment":[{"href":"https:\/\/previews.elleven.digital\/acocearense\/en\/wp-json\/wp\/v2\/media?parent=1827"}],"wp:term":[{"taxonomy":"categoria-noticia","embeddable":true,"href":"https:\/\/previews.elleven.digital\/acocearense\/en\/wp-json\/wp\/v2\/categoria-noticia?post=1827"}],"curies":[{"name":"wp","href":"https:\/\/api.w.org\/{rel}","templated":true}]}}