{"id":1806,"date":"2018-10-25T15:01:38","date_gmt":"2018-10-25T18:01:38","guid":{"rendered":"https:\/\/previews.elleven.digital\/acocearense\/?post_type=noticia&#038;p=1806"},"modified":"2025-05-07T15:02:00","modified_gmt":"2025-05-07T18:02:00","slug":"dia-das-criancas-e-comemorado-com-sessao-de-cinema","status":"publish","type":"noticia","link":"https:\/\/previews.elleven.digital\/acocearense\/en\/noticia\/dia-das-criancas-e-comemorado-com-sessao-de-cinema\/","title":{"rendered":"Children&#039;s Day is celebrated with a movie session"},"content":{"rendered":"<p>Children&#039;s Month isn&#039;t over, so there&#039;s still time to celebrate. A\u00e7o Cearense has scheduled a special movie session for its employees&#039; children. More than 400 children and their guardians watched the film P\u00e9 Pequeno last Sunday (21) at Cin\u00e9polis RioMar Kennedy.<\/p>\n<p>At the cinema, the children were given snacks to make the session even more enjoyable. Nine-year-old Ezequiel Vieira had a great time with his family and loved seeing the big screen. &quot;The movie was really cool, I really enjoyed going to the theater!&quot; said Ezequiel.<\/p>\n<p>Ricardo Nascimento, Ezequiel&#039;s father and a collaborator at ACI Matriz, participated in the event with his wife, Juliana Vieira, and his other children, Pedro and Riquelme Vieira. He said the whole family had a great time. &quot;I thought the event was really cool, a unique, family-friendly program, and for those who had never been to the movies, like my family, it was a pleasure to participate in the opportunity A\u00e7o Cearense gave us,&quot; Ricardo said.<\/p>\n<p>According to Eliana Freitas, Quality of Life and Benefits Coordinator, the goal of the movie session was to provide employees&#039; children and family members with a moment of leisure in celebration of Children&#039;s Day. &quot;It&#039;s very gratifying to know that it was some participants&#039; first time at the movies and that the event also allowed for greater interaction among coworkers. A\u00e7o Cearense always strives to provide employees with family time,&quot; stated the Coordinator.<\/p>","protected":false},"featured_media":1800,"template":"","meta":{"_acf_changed":false,"inline_featured_image":false},"categoria-noticia":[],"class_list":["post-1806","noticia","type-noticia","status-publish","has-post-thumbnail","hentry"],"acf":{"link":""},"yoast_head":"<!-- This site is optimized with the Yoast SEO plugin v25.9 - https:\/\/yoast.com\/wordpress\/plugins\/seo\/ -->\n<title>Dia das Crian\u00e7as \u00e9 comemorado com sess\u00e3o de cinema - Grupo A\u00e7o Cearense<\/title>\n<meta name=\"robots\" content=\"index, follow, max-snippet:-1, max-image-preview:large, max-video-preview:-1\" \/>\n<link rel=\"canonical\" href=\"https:\/\/previews.elleven.digital\/acocearense\/en\/noticia\/dia-das-criancas-e-comemorado-com-sessao-de-cinema\/\" \/>\n<meta property=\"og:locale\" content=\"en_US\" \/>\n<meta property=\"og:type\" content=\"article\" \/>\n<meta property=\"og:title\" content=\"Dia das Crian\u00e7as \u00e9 comemorado com sess\u00e3o de cinema - Grupo A\u00e7o Cearense\" \/>\n<meta property=\"og:description\" content=\"O m\u00eas das crian\u00e7as n\u00e3o acabou e por isso ainda \u00e9 tempo de comemorar. A(...)\" \/>\n<meta property=\"og:url\" content=\"https:\/\/previews.elleven.digital\/acocearense\/en\/noticia\/dia-das-criancas-e-comemorado-com-sessao-de-cinema\/\" \/>\n<meta property=\"og:site_name\" content=\"Grupo A\u00e7o Cearense\" \/>\n<meta property=\"article:modified_time\" content=\"2025-05-07T18:02:00+00:00\" \/>\n<meta property=\"og:image\" content=\"https:\/\/previews.elleven.digital\/acocearense\/wp-content\/uploads\/2025\/05\/dia-das-criancas.jpg\" \/>\n\t<meta property=\"og:image:width\" content=\"960\" \/>\n\t<meta property=\"og:image:height\" content=\"720\" \/>\n\t<meta property=\"og:image:type\" content=\"image\/jpeg\" \/>\n<meta name=\"twitter:card\" content=\"summary_large_image\" \/>\n<meta name=\"twitter:label1\" content=\"Est. reading time\" \/>\n\t<meta name=\"twitter:data1\" content=\"1 minute\" \/>\n<script type=\"application\/ld+json\" class=\"yoast-schema-graph\">{\"@context\":\"https:\/\/schema.org\",\"@graph\":[{\"@type\":\"WebPage\",\"@id\":\"https:\/\/previews.elleven.digital\/acocearense\/noticia\/dia-das-criancas-e-comemorado-com-sessao-de-cinema\/\",\"url\":\"https:\/\/previews.elleven.digital\/acocearense\/noticia\/dia-das-criancas-e-comemorado-com-sessao-de-cinema\/\",\"name\":\"Dia das Crian\u00e7as \u00e9 comemorado com sess\u00e3o de cinema - Grupo A\u00e7o Cearense\",\"isPartOf\":{\"@id\":\"https:\/\/previews.elleven.digital\/acocearense\/#website\"},\"primaryImageOfPage\":{\"@id\":\"https:\/\/previews.elleven.digital\/acocearense\/noticia\/dia-das-criancas-e-comemorado-com-sessao-de-cinema\/#primaryimage\"},\"image\":{\"@id\":\"https:\/\/previews.elleven.digital\/acocearense\/noticia\/dia-das-criancas-e-comemorado-com-sessao-de-cinema\/#primaryimage\"},\"thumbnailUrl\":\"https:\/\/previews.elleven.digital\/acocearense\/wp-content\/uploads\/2025\/05\/dia-das-criancas.jpg\",\"datePublished\":\"2018-10-25T18:01:38+00:00\",\"dateModified\":\"2025-05-07T18:02:00+00:00\",\"breadcrumb\":{\"@id\":\"https:\/\/previews.elleven.digital\/acocearense\/noticia\/dia-das-criancas-e-comemorado-com-sessao-de-cinema\/#breadcrumb\"},\"inLanguage\":\"en-US\",\"potentialAction\":[{\"@type\":\"ReadAction\",\"target\":[\"https:\/\/previews.elleven.digital\/acocearense\/noticia\/dia-das-criancas-e-comemorado-com-sessao-de-cinema\/\"]}]},{\"@type\":\"ImageObject\",\"inLanguage\":\"en-US\",\"@id\":\"https:\/\/previews.elleven.digital\/acocearense\/noticia\/dia-das-criancas-e-comemorado-com-sessao-de-cinema\/#primaryimage\",\"url\":\"https:\/\/previews.elleven.digital\/acocearense\/wp-content\/uploads\/2025\/05\/dia-das-criancas.jpg\",\"contentUrl\":\"https:\/\/previews.elleven.digital\/acocearense\/wp-content\/uploads\/2025\/05\/dia-das-criancas.jpg\",\"width\":960,\"height\":720},{\"@type\":\"BreadcrumbList\",\"@id\":\"https:\/\/previews.elleven.digital\/acocearense\/noticia\/dia-das-criancas-e-comemorado-com-sessao-de-cinema\/#breadcrumb\",\"itemListElement\":[{\"@type\":\"ListItem\",\"position\":1,\"name\":\"In\u00edcio\",\"item\":\"https:\/\/previews.elleven.digital\/acocearense\/\"},{\"@type\":\"ListItem\",\"position\":2,\"name\":\"Not\u00edcias\",\"item\":\"https:\/\/previews.elleven.digital\/acocearense\/noticias\/\"},{\"@type\":\"ListItem\",\"position\":3,\"name\":\"Dia das Crian\u00e7as \u00e9 comemorado com sess\u00e3o de cinema\"}]},{\"@type\":\"WebSite\",\"@id\":\"https:\/\/previews.elleven.digital\/acocearense\/#website\",\"url\":\"https:\/\/previews.elleven.digital\/acocearense\/\",\"name\":\"A\u00e7o Cearense\",\"description\":\"H\u00e1 mais de 45 anos no mercado brasileiro do a\u00e7o.\",\"alternateName\":\"A\u00e7o Cearense\",\"potentialAction\":[{\"@type\":\"SearchAction\",\"target\":{\"@type\":\"EntryPoint\",\"urlTemplate\":\"https:\/\/previews.elleven.digital\/acocearense\/?s={search_term_string}\"},\"query-input\":{\"@type\":\"PropertyValueSpecification\",\"valueRequired\":true,\"valueName\":\"search_term_string\"}}],\"inLanguage\":\"en-US\"}]}<\/script>\n<!-- \/ Yoast SEO plugin. -->","yoast_head_json":{"title":"Dia das Crian\u00e7as \u00e9 comemorado com sess\u00e3o de cinema - Grupo A\u00e7o Cearense","robots":{"index":"index","follow":"follow","max-snippet":"max-snippet:-1","max-image-preview":"max-image-preview:large","max-video-preview":"max-video-preview:-1"},"canonical":"https:\/\/previews.elleven.digital\/acocearense\/en\/noticia\/dia-das-criancas-e-comemorado-com-sessao-de-cinema\/","og_locale":"en_US","og_type":"article","og_title":"Dia das Crian\u00e7as \u00e9 comemorado com sess\u00e3o de cinema - Grupo A\u00e7o Cearense","og_description":"O m\u00eas das crian\u00e7as n\u00e3o acabou e por isso ainda \u00e9 tempo de comemorar. A(...)","og_url":"https:\/\/previews.elleven.digital\/acocearense\/en\/noticia\/dia-das-criancas-e-comemorado-com-sessao-de-cinema\/","og_site_name":"Grupo A\u00e7o Cearense","article_modified_time":"2025-05-07T18:02:00+00:00","og_image":[{"width":960,"height":720,"url":"https:\/\/previews.elleven.digital\/acocearense\/wp-content\/uploads\/2025\/05\/dia-das-criancas.jpg","type":"image\/jpeg"}],"twitter_card":"summary_large_image","twitter_misc":{"Est. reading time":"1 minute"},"schema":{"@context":"https:\/\/schema.org","@graph":[{"@type":"WebPage","@id":"https:\/\/previews.elleven.digital\/acocearense\/noticia\/dia-das-criancas-e-comemorado-com-sessao-de-cinema\/","url":"https:\/\/previews.elleven.digital\/acocearense\/noticia\/dia-das-criancas-e-comemorado-com-sessao-de-cinema\/","name":"Dia das Crian\u00e7as \u00e9 comemorado com sess\u00e3o de cinema - Grupo A\u00e7o Cearense","isPartOf":{"@id":"https:\/\/previews.elleven.digital\/acocearense\/#website"},"primaryImageOfPage":{"@id":"https:\/\/previews.elleven.digital\/acocearense\/noticia\/dia-das-criancas-e-comemorado-com-sessao-de-cinema\/#primaryimage"},"image":{"@id":"https:\/\/previews.elleven.digital\/acocearense\/noticia\/dia-das-criancas-e-comemorado-com-sessao-de-cinema\/#primaryimage"},"thumbnailUrl":"https:\/\/previews.elleven.digital\/acocearense\/wp-content\/uploads\/2025\/05\/dia-das-criancas.jpg","datePublished":"2018-10-25T18:01:38+00:00","dateModified":"2025-05-07T18:02:00+00:00","breadcrumb":{"@id":"https:\/\/previews.elleven.digital\/acocearense\/noticia\/dia-das-criancas-e-comemorado-com-sessao-de-cinema\/#breadcrumb"},"inLanguage":"en-US","potentialAction":[{"@type":"ReadAction","target":["https:\/\/previews.elleven.digital\/acocearense\/noticia\/dia-das-criancas-e-comemorado-com-sessao-de-cinema\/"]}]},{"@type":"ImageObject","inLanguage":"en-US","@id":"https:\/\/previews.elleven.digital\/acocearense\/noticia\/dia-das-criancas-e-comemorado-com-sessao-de-cinema\/#primaryimage","url":"https:\/\/previews.elleven.digital\/acocearense\/wp-content\/uploads\/2025\/05\/dia-das-criancas.jpg","contentUrl":"https:\/\/previews.elleven.digital\/acocearense\/wp-content\/uploads\/2025\/05\/dia-das-criancas.jpg","width":960,"height":720},{"@type":"BreadcrumbList","@id":"https:\/\/previews.elleven.digital\/acocearense\/noticia\/dia-das-criancas-e-comemorado-com-sessao-de-cinema\/#breadcrumb","itemListElement":[{"@type":"ListItem","position":1,"name":"In\u00edcio","item":"https:\/\/previews.elleven.digital\/acocearense\/"},{"@type":"ListItem","position":2,"name":"Not\u00edcias","item":"https:\/\/previews.elleven.digital\/acocearense\/noticias\/"},{"@type":"ListItem","position":3,"name":"Dia das Crian\u00e7as \u00e9 comemorado com sess\u00e3o de cinema"}]},{"@type":"WebSite","@id":"https:\/\/previews.elleven.digital\/acocearense\/#website","url":"https:\/\/previews.elleven.digital\/acocearense\/","name":"Cear\u00e1 Steel","description":"We have been in the Brazilian steel market for over 45 years.","alternateName":"A\u00e7o Cearense","potentialAction":[{"@type":"SearchAction","target":{"@type":"EntryPoint","urlTemplate":"https:\/\/previews.elleven.digital\/acocearense\/?s={search_term_string}"},"query-input":{"@type":"PropertyValueSpecification","valueRequired":true,"valueName":"search_term_string"}}],"inLanguage":"en-US"}]}},"_links":{"self":[{"href":"https:\/\/previews.elleven.digital\/acocearense\/en\/wp-json\/wp\/v2\/noticia\/1806","targetHints":{"allow":["GET"]}}],"collection":[{"href":"https:\/\/previews.elleven.digital\/acocearense\/en\/wp-json\/wp\/v2\/noticia"}],"about":[{"href":"https:\/\/previews.elleven.digital\/acocearense\/en\/wp-json\/wp\/v2\/types\/noticia"}],"wp:featuredmedia":[{"embeddable":true,"href":"https:\/\/previews.elleven.digital\/acocearense\/en\/wp-json\/wp\/v2\/media\/1800"}],"wp:attachment":[{"href":"https:\/\/previews.elleven.digital\/acocearense\/en\/wp-json\/wp\/v2\/media?parent=1806"}],"wp:term":[{"taxonomy":"categoria-noticia","embeddable":true,"href":"https:\/\/previews.elleven.digital\/acocearense\/en\/wp-json\/wp\/v2\/categoria-noticia?post=1806"}],"curies":[{"name":"wp","href":"https:\/\/api.w.org\/{rel}","templated":true}]}}