{"id":1805,"date":"2018-10-25T15:01:09","date_gmt":"2018-10-25T18:01:09","guid":{"rendered":"https:\/\/previews.elleven.digital\/acocearense\/?post_type=noticia&#038;p=1805"},"modified":"2025-05-07T15:01:32","modified_gmt":"2025-05-07T18:01:32","slug":"gac-lanca-sua-nova-politica-basica-do-grupo","status":"publish","type":"noticia","link":"https:\/\/previews.elleven.digital\/acocearense\/en\/noticia\/gac-lanca-sua-nova-politica-basica-do-grupo\/","title":{"rendered":"GAC launches its new group Basic Policy"},"content":{"rendered":"<p>On Monday (22) at A\u00e7o Cearense Comercial and today (24) at SINOBRAS, the launch of the new Basic Policy of the A\u00e7o Cearense Group took place, presented by Vice-Presidents Aline Ferreira and Ian Corr\u00eaa. Cinthia Cavalcanti, Director of Organizational Development and IT, led the event in the presence of directors, managers and coordinators of all the Group&#039;s companies.<br \/>\nThe change is part of the Strategic Planning that is being implemented in the company with the objective of promoting alignment between managers and employees, defining objectives and goals for the coming years and creating an environment for effective and promising management that will guarantee the resumption of growth and sustainability of Grupo A\u00e7o Cearense.<\/p>\n<p>The Basic Policy defines the organizational identity, where the Mission is the declaration of the company&#039;s responsibilities and is carried out through routine, management system, indicators, and goals. The Vision describes the company&#039;s desired future, and Values are the principles that guide the behaviors, attitudes, and decisions of everyone in the organization.<\/p>\n<p>Diego Carvalho, SESMT Coordinator at ACC and ACI, spoke enthusiastically: &quot;We are extremely pleased to learn about the new GAC Basic Policy, which is rooted in collectivism. The message, besides being unifying, reinforces that we can achieve even better results as long as we work together to achieve it. We know the challenge remains, but whenever we feel fragile or unsure of how to proceed, we will remember our company&#039;s values and remain convinced that together we are stronger and can, indeed, go further.&quot;<\/p>\n<p>&quot;I welcomed GAC&#039;s new policy with great optimism. It&#039;s essential that the company reflect the DNA of its president and founder\u2014that is, its principles. I hope that from now on, our unity will strengthen the group. We are one. We are Grupo A\u00e7o Cearense,&quot; commented enthusiastically Amanda Feij\u00f3, ACC&#039;s Carbon II Sales Manager.<\/p>\n<p>&quot;It was an objective and enlightening event. The change was significant and rewarding for us. We will become increasingly united as a Group and will certainly achieve our goal and be better going forward,&quot; said Carlos C\u00e2ndido, Rolling Mill Manager at SINOBRAS.<\/p>\n<p>&quot;I was happy and hopeful about the new proposal, as it will result in greater engagement among companies with the Grupo A\u00e7o Cearense&#039;s objectives, especially regarding SINOBRAS Florestal. We needed to feel more part of the Group, and this policy reflected exactly that\u2014unity. As we disseminate the new policy, this feeling will become increasingly evident,&quot; said Juliane Ellem Costa, Manager of SINOBRAS Florestal.<\/p>\n<p>After presenting the new GAC Basic Policy, Cinthia presented the results of the 1st Strategic Planning Workshop and, in recognition of their work, awarded the managers and directors who performed best. &quot;This recognition is a way to show our managers how important the project is and motivate them to achieve our goal with 100% effectiveness,&quot; said the Director.<\/p>","protected":false},"featured_media":1801,"template":"","meta":{"_acf_changed":false,"inline_featured_image":false},"categoria-noticia":[],"class_list":["post-1805","noticia","type-noticia","status-publish","has-post-thumbnail","hentry"],"acf":{"link":""},"yoast_head":"<!-- This site is optimized with the Yoast SEO plugin v25.9 - https:\/\/yoast.com\/wordpress\/plugins\/seo\/ -->\n<title>GAC lan\u00e7a sua nova Pol\u00edtica B\u00e1sica do grupo - Grupo A\u00e7o Cearense<\/title>\n<meta name=\"robots\" content=\"index, follow, max-snippet:-1, max-image-preview:large, max-video-preview:-1\" \/>\n<link rel=\"canonical\" href=\"https:\/\/previews.elleven.digital\/acocearense\/en\/noticia\/gac-lanca-sua-nova-politica-basica-do-grupo\/\" \/>\n<meta property=\"og:locale\" content=\"en_US\" \/>\n<meta property=\"og:type\" content=\"article\" \/>\n<meta property=\"og:title\" content=\"GAC lan\u00e7a sua nova Pol\u00edtica B\u00e1sica do grupo - Grupo A\u00e7o Cearense\" \/>\n<meta property=\"og:description\" content=\"Na segunda-feira (22) na A\u00e7o Cearense Comercial e hoje (24) na SINOBRAS aconteceu o lan\u00e7amento(...)\" \/>\n<meta property=\"og:url\" content=\"https:\/\/previews.elleven.digital\/acocearense\/en\/noticia\/gac-lanca-sua-nova-politica-basica-do-grupo\/\" \/>\n<meta property=\"og:site_name\" content=\"Grupo A\u00e7o Cearense\" \/>\n<meta property=\"article:modified_time\" content=\"2025-05-07T18:01:32+00:00\" \/>\n<meta property=\"og:image\" content=\"https:\/\/previews.elleven.digital\/acocearense\/wp-content\/uploads\/2025\/05\/Nova-Politica-1.jpg\" \/>\n\t<meta property=\"og:image:width\" content=\"1024\" \/>\n\t<meta property=\"og:image:height\" content=\"724\" \/>\n\t<meta property=\"og:image:type\" content=\"image\/jpeg\" \/>\n<meta name=\"twitter:card\" content=\"summary_large_image\" \/>\n<meta name=\"twitter:label1\" content=\"Est. reading time\" \/>\n\t<meta name=\"twitter:data1\" content=\"3 minutes\" \/>\n<script type=\"application\/ld+json\" class=\"yoast-schema-graph\">{\"@context\":\"https:\/\/schema.org\",\"@graph\":[{\"@type\":\"WebPage\",\"@id\":\"https:\/\/previews.elleven.digital\/acocearense\/noticia\/gac-lanca-sua-nova-politica-basica-do-grupo\/\",\"url\":\"https:\/\/previews.elleven.digital\/acocearense\/noticia\/gac-lanca-sua-nova-politica-basica-do-grupo\/\",\"name\":\"GAC lan\u00e7a sua nova Pol\u00edtica B\u00e1sica do grupo - Grupo A\u00e7o Cearense\",\"isPartOf\":{\"@id\":\"https:\/\/previews.elleven.digital\/acocearense\/#website\"},\"primaryImageOfPage\":{\"@id\":\"https:\/\/previews.elleven.digital\/acocearense\/noticia\/gac-lanca-sua-nova-politica-basica-do-grupo\/#primaryimage\"},\"image\":{\"@id\":\"https:\/\/previews.elleven.digital\/acocearense\/noticia\/gac-lanca-sua-nova-politica-basica-do-grupo\/#primaryimage\"},\"thumbnailUrl\":\"https:\/\/previews.elleven.digital\/acocearense\/wp-content\/uploads\/2025\/05\/Nova-Politica-1.jpg\",\"datePublished\":\"2018-10-25T18:01:09+00:00\",\"dateModified\":\"2025-05-07T18:01:32+00:00\",\"breadcrumb\":{\"@id\":\"https:\/\/previews.elleven.digital\/acocearense\/noticia\/gac-lanca-sua-nova-politica-basica-do-grupo\/#breadcrumb\"},\"inLanguage\":\"en-US\",\"potentialAction\":[{\"@type\":\"ReadAction\",\"target\":[\"https:\/\/previews.elleven.digital\/acocearense\/noticia\/gac-lanca-sua-nova-politica-basica-do-grupo\/\"]}]},{\"@type\":\"ImageObject\",\"inLanguage\":\"en-US\",\"@id\":\"https:\/\/previews.elleven.digital\/acocearense\/noticia\/gac-lanca-sua-nova-politica-basica-do-grupo\/#primaryimage\",\"url\":\"https:\/\/previews.elleven.digital\/acocearense\/wp-content\/uploads\/2025\/05\/Nova-Politica-1.jpg\",\"contentUrl\":\"https:\/\/previews.elleven.digital\/acocearense\/wp-content\/uploads\/2025\/05\/Nova-Politica-1.jpg\",\"width\":1024,\"height\":724},{\"@type\":\"BreadcrumbList\",\"@id\":\"https:\/\/previews.elleven.digital\/acocearense\/noticia\/gac-lanca-sua-nova-politica-basica-do-grupo\/#breadcrumb\",\"itemListElement\":[{\"@type\":\"ListItem\",\"position\":1,\"name\":\"In\u00edcio\",\"item\":\"https:\/\/previews.elleven.digital\/acocearense\/\"},{\"@type\":\"ListItem\",\"position\":2,\"name\":\"Not\u00edcias\",\"item\":\"https:\/\/previews.elleven.digital\/acocearense\/noticias\/\"},{\"@type\":\"ListItem\",\"position\":3,\"name\":\"GAC lan\u00e7a sua nova Pol\u00edtica B\u00e1sica do grupo\"}]},{\"@type\":\"WebSite\",\"@id\":\"https:\/\/previews.elleven.digital\/acocearense\/#website\",\"url\":\"https:\/\/previews.elleven.digital\/acocearense\/\",\"name\":\"A\u00e7o Cearense\",\"description\":\"H\u00e1 mais de 45 anos no mercado brasileiro do a\u00e7o.\",\"alternateName\":\"A\u00e7o Cearense\",\"potentialAction\":[{\"@type\":\"SearchAction\",\"target\":{\"@type\":\"EntryPoint\",\"urlTemplate\":\"https:\/\/previews.elleven.digital\/acocearense\/?s={search_term_string}\"},\"query-input\":{\"@type\":\"PropertyValueSpecification\",\"valueRequired\":true,\"valueName\":\"search_term_string\"}}],\"inLanguage\":\"en-US\"}]}<\/script>\n<!-- \/ Yoast SEO plugin. -->","yoast_head_json":{"title":"GAC lan\u00e7a sua nova Pol\u00edtica B\u00e1sica do grupo - Grupo A\u00e7o Cearense","robots":{"index":"index","follow":"follow","max-snippet":"max-snippet:-1","max-image-preview":"max-image-preview:large","max-video-preview":"max-video-preview:-1"},"canonical":"https:\/\/previews.elleven.digital\/acocearense\/en\/noticia\/gac-lanca-sua-nova-politica-basica-do-grupo\/","og_locale":"en_US","og_type":"article","og_title":"GAC lan\u00e7a sua nova Pol\u00edtica B\u00e1sica do grupo - Grupo A\u00e7o Cearense","og_description":"Na segunda-feira (22) na A\u00e7o Cearense Comercial e hoje (24) na SINOBRAS aconteceu o lan\u00e7amento(...)","og_url":"https:\/\/previews.elleven.digital\/acocearense\/en\/noticia\/gac-lanca-sua-nova-politica-basica-do-grupo\/","og_site_name":"Grupo A\u00e7o Cearense","article_modified_time":"2025-05-07T18:01:32+00:00","og_image":[{"width":1024,"height":724,"url":"https:\/\/previews.elleven.digital\/acocearense\/wp-content\/uploads\/2025\/05\/Nova-Politica-1.jpg","type":"image\/jpeg"}],"twitter_card":"summary_large_image","twitter_misc":{"Est. reading time":"3 minutes"},"schema":{"@context":"https:\/\/schema.org","@graph":[{"@type":"WebPage","@id":"https:\/\/previews.elleven.digital\/acocearense\/noticia\/gac-lanca-sua-nova-politica-basica-do-grupo\/","url":"https:\/\/previews.elleven.digital\/acocearense\/noticia\/gac-lanca-sua-nova-politica-basica-do-grupo\/","name":"GAC lan\u00e7a sua nova Pol\u00edtica B\u00e1sica do grupo - Grupo A\u00e7o Cearense","isPartOf":{"@id":"https:\/\/previews.elleven.digital\/acocearense\/#website"},"primaryImageOfPage":{"@id":"https:\/\/previews.elleven.digital\/acocearense\/noticia\/gac-lanca-sua-nova-politica-basica-do-grupo\/#primaryimage"},"image":{"@id":"https:\/\/previews.elleven.digital\/acocearense\/noticia\/gac-lanca-sua-nova-politica-basica-do-grupo\/#primaryimage"},"thumbnailUrl":"https:\/\/previews.elleven.digital\/acocearense\/wp-content\/uploads\/2025\/05\/Nova-Politica-1.jpg","datePublished":"2018-10-25T18:01:09+00:00","dateModified":"2025-05-07T18:01:32+00:00","breadcrumb":{"@id":"https:\/\/previews.elleven.digital\/acocearense\/noticia\/gac-lanca-sua-nova-politica-basica-do-grupo\/#breadcrumb"},"inLanguage":"en-US","potentialAction":[{"@type":"ReadAction","target":["https:\/\/previews.elleven.digital\/acocearense\/noticia\/gac-lanca-sua-nova-politica-basica-do-grupo\/"]}]},{"@type":"ImageObject","inLanguage":"en-US","@id":"https:\/\/previews.elleven.digital\/acocearense\/noticia\/gac-lanca-sua-nova-politica-basica-do-grupo\/#primaryimage","url":"https:\/\/previews.elleven.digital\/acocearense\/wp-content\/uploads\/2025\/05\/Nova-Politica-1.jpg","contentUrl":"https:\/\/previews.elleven.digital\/acocearense\/wp-content\/uploads\/2025\/05\/Nova-Politica-1.jpg","width":1024,"height":724},{"@type":"BreadcrumbList","@id":"https:\/\/previews.elleven.digital\/acocearense\/noticia\/gac-lanca-sua-nova-politica-basica-do-grupo\/#breadcrumb","itemListElement":[{"@type":"ListItem","position":1,"name":"In\u00edcio","item":"https:\/\/previews.elleven.digital\/acocearense\/"},{"@type":"ListItem","position":2,"name":"Not\u00edcias","item":"https:\/\/previews.elleven.digital\/acocearense\/noticias\/"},{"@type":"ListItem","position":3,"name":"GAC lan\u00e7a sua nova Pol\u00edtica B\u00e1sica do grupo"}]},{"@type":"WebSite","@id":"https:\/\/previews.elleven.digital\/acocearense\/#website","url":"https:\/\/previews.elleven.digital\/acocearense\/","name":"Cear\u00e1 Steel","description":"We have been in the Brazilian steel market for over 45 years.","alternateName":"A\u00e7o Cearense","potentialAction":[{"@type":"SearchAction","target":{"@type":"EntryPoint","urlTemplate":"https:\/\/previews.elleven.digital\/acocearense\/?s={search_term_string}"},"query-input":{"@type":"PropertyValueSpecification","valueRequired":true,"valueName":"search_term_string"}}],"inLanguage":"en-US"}]}},"_links":{"self":[{"href":"https:\/\/previews.elleven.digital\/acocearense\/en\/wp-json\/wp\/v2\/noticia\/1805","targetHints":{"allow":["GET"]}}],"collection":[{"href":"https:\/\/previews.elleven.digital\/acocearense\/en\/wp-json\/wp\/v2\/noticia"}],"about":[{"href":"https:\/\/previews.elleven.digital\/acocearense\/en\/wp-json\/wp\/v2\/types\/noticia"}],"wp:featuredmedia":[{"embeddable":true,"href":"https:\/\/previews.elleven.digital\/acocearense\/en\/wp-json\/wp\/v2\/media\/1801"}],"wp:attachment":[{"href":"https:\/\/previews.elleven.digital\/acocearense\/en\/wp-json\/wp\/v2\/media?parent=1805"}],"wp:term":[{"taxonomy":"categoria-noticia","embeddable":true,"href":"https:\/\/previews.elleven.digital\/acocearense\/en\/wp-json\/wp\/v2\/categoria-noticia?post=1805"}],"curies":[{"name":"wp","href":"https:\/\/api.w.org\/{rel}","templated":true}]}}