{"id":1773,"date":"2018-08-10T14:49:28","date_gmt":"2018-08-10T17:49:28","guid":{"rendered":"https:\/\/previews.elleven.digital\/acocearense\/?post_type=noticia&#038;p=1773"},"modified":"2025-05-07T14:52:48","modified_gmt":"2025-05-07T17:52:48","slug":"projeto-sobre-senso-de-organizacao-e-limpeza-na-manutencao","status":"publish","type":"noticia","link":"https:\/\/previews.elleven.digital\/acocearense\/en\/noticia\/projeto-sobre-senso-de-organizacao-e-limpeza-na-manutencao\/","title":{"rendered":"Project on Sense of Organization and Cleanliness in Maintenance"},"content":{"rendered":"<p>One of the main actions to avoid workplace accidents and to have efficient maintenance routines is\u00a0<strong>practice of organization and cleaning, essential for the hygiene, health and safety of employees<\/strong>. That&#039;s why the Engineering and Maintenance team adopted the tool\u00a0<strong>SOL (Sense of Organization and Cleanliness)<\/strong>, with the aim of transforming and improving the work environment.<br \/>\nThe project includes training and monthly evaluation of the Workshops&#039; performance in the search for improvements in the organization, cleanliness and use of the area.<\/p>\n<h2>Principles of the SUN<\/h2>\n<p><strong>1st<\/strong>\u00a0\u2013 Separate the useful from the useless, eliminating the unnecessary;<br \/>\n<strong>2nd<\/strong>\u00a0\u2013 Organize objects, equipment and materials so that they can be accessed and used immediately;<br \/>\n<strong>3rd<\/strong>\u00a0\u2013 Thoroughly clean and inspect the work area for dirt or imperfections.<br \/>\nThe first training session took place in June and was led by Kaio Studart, Industrial Engineer at ACI Matriz. Kelson Nogueira, Maintenance Technician, enjoyed it: &quot;I found it very useful. We learned more about organization, cleaning, and material conservation, and this makes all the difference in our routine. It facilitates activities, prevents accidents, improves team spirit, and even improves the quality of life of our employees,&quot; he commented.<br \/>\nThe first evaluation took place from June 25th to 29th. Workshops that achieve at least 90% in the SOL criteria will receive a banner alluding to the project, as an exemplary area.<\/p>","protected":false},"featured_media":1783,"template":"","meta":{"_acf_changed":false,"inline_featured_image":false},"categoria-noticia":[],"class_list":["post-1773","noticia","type-noticia","status-publish","has-post-thumbnail","hentry"],"acf":{"link":""},"yoast_head":"<!-- This site is optimized with the Yoast SEO plugin v25.9 - https:\/\/yoast.com\/wordpress\/plugins\/seo\/ -->\n<title>Projeto sobre Senso de Organiza\u00e7\u00e3o e Limpeza na Manuten\u00e7\u00e3o - Grupo A\u00e7o Cearense<\/title>\n<meta name=\"robots\" content=\"index, follow, max-snippet:-1, max-image-preview:large, max-video-preview:-1\" \/>\n<link rel=\"canonical\" href=\"https:\/\/previews.elleven.digital\/acocearense\/en\/noticia\/projeto-sobre-senso-de-organizacao-e-limpeza-na-manutencao\/\" \/>\n<meta property=\"og:locale\" content=\"en_US\" \/>\n<meta property=\"og:type\" content=\"article\" \/>\n<meta property=\"og:title\" content=\"Projeto sobre Senso de Organiza\u00e7\u00e3o e Limpeza na Manuten\u00e7\u00e3o - Grupo A\u00e7o Cearense\" \/>\n<meta property=\"og:description\" content=\"Uma das principais a\u00e7\u00f5es para evitar acidentes de trabalho e ter efici\u00eancia na rotina de(...)\" \/>\n<meta property=\"og:url\" content=\"https:\/\/previews.elleven.digital\/acocearense\/en\/noticia\/projeto-sobre-senso-de-organizacao-e-limpeza-na-manutencao\/\" \/>\n<meta property=\"og:site_name\" content=\"Grupo A\u00e7o Cearense\" \/>\n<meta property=\"article:modified_time\" content=\"2025-05-07T17:52:48+00:00\" \/>\n<meta property=\"og:image\" content=\"https:\/\/previews.elleven.digital\/acocearense\/wp-content\/uploads\/2025\/05\/organizacao.png\" \/>\n\t<meta property=\"og:image:width\" content=\"400\" \/>\n\t<meta property=\"og:image:height\" content=\"300\" \/>\n\t<meta property=\"og:image:type\" content=\"image\/png\" \/>\n<meta name=\"twitter:card\" content=\"summary_large_image\" \/>\n<meta name=\"twitter:label1\" content=\"Est. reading time\" \/>\n\t<meta name=\"twitter:data1\" content=\"2 minutes\" \/>\n<script type=\"application\/ld+json\" class=\"yoast-schema-graph\">{\"@context\":\"https:\/\/schema.org\",\"@graph\":[{\"@type\":\"WebPage\",\"@id\":\"https:\/\/previews.elleven.digital\/acocearense\/noticia\/projeto-sobre-senso-de-organizacao-e-limpeza-na-manutencao\/\",\"url\":\"https:\/\/previews.elleven.digital\/acocearense\/noticia\/projeto-sobre-senso-de-organizacao-e-limpeza-na-manutencao\/\",\"name\":\"Projeto sobre Senso de Organiza\u00e7\u00e3o e Limpeza na Manuten\u00e7\u00e3o - Grupo A\u00e7o Cearense\",\"isPartOf\":{\"@id\":\"https:\/\/previews.elleven.digital\/acocearense\/#website\"},\"primaryImageOfPage\":{\"@id\":\"https:\/\/previews.elleven.digital\/acocearense\/noticia\/projeto-sobre-senso-de-organizacao-e-limpeza-na-manutencao\/#primaryimage\"},\"image\":{\"@id\":\"https:\/\/previews.elleven.digital\/acocearense\/noticia\/projeto-sobre-senso-de-organizacao-e-limpeza-na-manutencao\/#primaryimage\"},\"thumbnailUrl\":\"https:\/\/previews.elleven.digital\/acocearense\/wp-content\/uploads\/2025\/05\/organizacao.png\",\"datePublished\":\"2018-08-10T17:49:28+00:00\",\"dateModified\":\"2025-05-07T17:52:48+00:00\",\"breadcrumb\":{\"@id\":\"https:\/\/previews.elleven.digital\/acocearense\/noticia\/projeto-sobre-senso-de-organizacao-e-limpeza-na-manutencao\/#breadcrumb\"},\"inLanguage\":\"en-US\",\"potentialAction\":[{\"@type\":\"ReadAction\",\"target\":[\"https:\/\/previews.elleven.digital\/acocearense\/noticia\/projeto-sobre-senso-de-organizacao-e-limpeza-na-manutencao\/\"]}]},{\"@type\":\"ImageObject\",\"inLanguage\":\"en-US\",\"@id\":\"https:\/\/previews.elleven.digital\/acocearense\/noticia\/projeto-sobre-senso-de-organizacao-e-limpeza-na-manutencao\/#primaryimage\",\"url\":\"https:\/\/previews.elleven.digital\/acocearense\/wp-content\/uploads\/2025\/05\/organizacao.png\",\"contentUrl\":\"https:\/\/previews.elleven.digital\/acocearense\/wp-content\/uploads\/2025\/05\/organizacao.png\",\"width\":400,\"height\":300},{\"@type\":\"BreadcrumbList\",\"@id\":\"https:\/\/previews.elleven.digital\/acocearense\/noticia\/projeto-sobre-senso-de-organizacao-e-limpeza-na-manutencao\/#breadcrumb\",\"itemListElement\":[{\"@type\":\"ListItem\",\"position\":1,\"name\":\"In\u00edcio\",\"item\":\"https:\/\/previews.elleven.digital\/acocearense\/\"},{\"@type\":\"ListItem\",\"position\":2,\"name\":\"Not\u00edcias\",\"item\":\"https:\/\/previews.elleven.digital\/acocearense\/noticias\/\"},{\"@type\":\"ListItem\",\"position\":3,\"name\":\"Projeto sobre Senso de Organiza\u00e7\u00e3o e Limpeza na Manuten\u00e7\u00e3o\"}]},{\"@type\":\"WebSite\",\"@id\":\"https:\/\/previews.elleven.digital\/acocearense\/#website\",\"url\":\"https:\/\/previews.elleven.digital\/acocearense\/\",\"name\":\"A\u00e7o Cearense\",\"description\":\"H\u00e1 mais de 45 anos no mercado brasileiro do a\u00e7o.\",\"alternateName\":\"A\u00e7o Cearense\",\"potentialAction\":[{\"@type\":\"SearchAction\",\"target\":{\"@type\":\"EntryPoint\",\"urlTemplate\":\"https:\/\/previews.elleven.digital\/acocearense\/?s={search_term_string}\"},\"query-input\":{\"@type\":\"PropertyValueSpecification\",\"valueRequired\":true,\"valueName\":\"search_term_string\"}}],\"inLanguage\":\"en-US\"}]}<\/script>\n<!-- \/ Yoast SEO plugin. -->","yoast_head_json":{"title":"Projeto sobre Senso de Organiza\u00e7\u00e3o e Limpeza na Manuten\u00e7\u00e3o - Grupo A\u00e7o Cearense","robots":{"index":"index","follow":"follow","max-snippet":"max-snippet:-1","max-image-preview":"max-image-preview:large","max-video-preview":"max-video-preview:-1"},"canonical":"https:\/\/previews.elleven.digital\/acocearense\/en\/noticia\/projeto-sobre-senso-de-organizacao-e-limpeza-na-manutencao\/","og_locale":"en_US","og_type":"article","og_title":"Projeto sobre Senso de Organiza\u00e7\u00e3o e Limpeza na Manuten\u00e7\u00e3o - Grupo A\u00e7o Cearense","og_description":"Uma das principais a\u00e7\u00f5es para evitar acidentes de trabalho e ter efici\u00eancia na rotina de(...)","og_url":"https:\/\/previews.elleven.digital\/acocearense\/en\/noticia\/projeto-sobre-senso-de-organizacao-e-limpeza-na-manutencao\/","og_site_name":"Grupo A\u00e7o Cearense","article_modified_time":"2025-05-07T17:52:48+00:00","og_image":[{"width":400,"height":300,"url":"https:\/\/previews.elleven.digital\/acocearense\/wp-content\/uploads\/2025\/05\/organizacao.png","type":"image\/png"}],"twitter_card":"summary_large_image","twitter_misc":{"Est. reading time":"2 minutes"},"schema":{"@context":"https:\/\/schema.org","@graph":[{"@type":"WebPage","@id":"https:\/\/previews.elleven.digital\/acocearense\/noticia\/projeto-sobre-senso-de-organizacao-e-limpeza-na-manutencao\/","url":"https:\/\/previews.elleven.digital\/acocearense\/noticia\/projeto-sobre-senso-de-organizacao-e-limpeza-na-manutencao\/","name":"Projeto sobre Senso de Organiza\u00e7\u00e3o e Limpeza na Manuten\u00e7\u00e3o - Grupo A\u00e7o Cearense","isPartOf":{"@id":"https:\/\/previews.elleven.digital\/acocearense\/#website"},"primaryImageOfPage":{"@id":"https:\/\/previews.elleven.digital\/acocearense\/noticia\/projeto-sobre-senso-de-organizacao-e-limpeza-na-manutencao\/#primaryimage"},"image":{"@id":"https:\/\/previews.elleven.digital\/acocearense\/noticia\/projeto-sobre-senso-de-organizacao-e-limpeza-na-manutencao\/#primaryimage"},"thumbnailUrl":"https:\/\/previews.elleven.digital\/acocearense\/wp-content\/uploads\/2025\/05\/organizacao.png","datePublished":"2018-08-10T17:49:28+00:00","dateModified":"2025-05-07T17:52:48+00:00","breadcrumb":{"@id":"https:\/\/previews.elleven.digital\/acocearense\/noticia\/projeto-sobre-senso-de-organizacao-e-limpeza-na-manutencao\/#breadcrumb"},"inLanguage":"en-US","potentialAction":[{"@type":"ReadAction","target":["https:\/\/previews.elleven.digital\/acocearense\/noticia\/projeto-sobre-senso-de-organizacao-e-limpeza-na-manutencao\/"]}]},{"@type":"ImageObject","inLanguage":"en-US","@id":"https:\/\/previews.elleven.digital\/acocearense\/noticia\/projeto-sobre-senso-de-organizacao-e-limpeza-na-manutencao\/#primaryimage","url":"https:\/\/previews.elleven.digital\/acocearense\/wp-content\/uploads\/2025\/05\/organizacao.png","contentUrl":"https:\/\/previews.elleven.digital\/acocearense\/wp-content\/uploads\/2025\/05\/organizacao.png","width":400,"height":300},{"@type":"BreadcrumbList","@id":"https:\/\/previews.elleven.digital\/acocearense\/noticia\/projeto-sobre-senso-de-organizacao-e-limpeza-na-manutencao\/#breadcrumb","itemListElement":[{"@type":"ListItem","position":1,"name":"In\u00edcio","item":"https:\/\/previews.elleven.digital\/acocearense\/"},{"@type":"ListItem","position":2,"name":"Not\u00edcias","item":"https:\/\/previews.elleven.digital\/acocearense\/noticias\/"},{"@type":"ListItem","position":3,"name":"Projeto sobre Senso de Organiza\u00e7\u00e3o e Limpeza na Manuten\u00e7\u00e3o"}]},{"@type":"WebSite","@id":"https:\/\/previews.elleven.digital\/acocearense\/#website","url":"https:\/\/previews.elleven.digital\/acocearense\/","name":"Cear\u00e1 Steel","description":"We have been in the Brazilian steel market for over 45 years.","alternateName":"A\u00e7o Cearense","potentialAction":[{"@type":"SearchAction","target":{"@type":"EntryPoint","urlTemplate":"https:\/\/previews.elleven.digital\/acocearense\/?s={search_term_string}"},"query-input":{"@type":"PropertyValueSpecification","valueRequired":true,"valueName":"search_term_string"}}],"inLanguage":"en-US"}]}},"_links":{"self":[{"href":"https:\/\/previews.elleven.digital\/acocearense\/en\/wp-json\/wp\/v2\/noticia\/1773","targetHints":{"allow":["GET"]}}],"collection":[{"href":"https:\/\/previews.elleven.digital\/acocearense\/en\/wp-json\/wp\/v2\/noticia"}],"about":[{"href":"https:\/\/previews.elleven.digital\/acocearense\/en\/wp-json\/wp\/v2\/types\/noticia"}],"wp:featuredmedia":[{"embeddable":true,"href":"https:\/\/previews.elleven.digital\/acocearense\/en\/wp-json\/wp\/v2\/media\/1783"}],"wp:attachment":[{"href":"https:\/\/previews.elleven.digital\/acocearense\/en\/wp-json\/wp\/v2\/media?parent=1773"}],"wp:term":[{"taxonomy":"categoria-noticia","embeddable":true,"href":"https:\/\/previews.elleven.digital\/acocearense\/en\/wp-json\/wp\/v2\/categoria-noticia?post=1773"}],"curies":[{"name":"wp","href":"https:\/\/api.w.org\/{rel}","templated":true}]}}