{"id":1772,"date":"2018-08-10T14:48:58","date_gmt":"2018-08-10T17:48:58","guid":{"rendered":"https:\/\/previews.elleven.digital\/acocearense\/?post_type=noticia&#038;p=1772"},"modified":"2025-05-07T14:49:25","modified_gmt":"2025-05-07T17:49:25","slug":"projeto-familia-na-empresa-recebe-recorde-de-inscricoes","status":"publish","type":"noticia","link":"https:\/\/previews.elleven.digital\/acocearense\/en\/noticia\/projeto-familia-na-empresa-recebe-recorde-de-inscricoes\/","title":{"rendered":"Family in the Company Project receives record number of applications"},"content":{"rendered":"<p>In July, the Family in Business project broke its registration record. A total of 32 family members visited A\u00e7o Cearense Industrial and A\u00e7o Cearense Comercial.<br \/>\nFrancisca Raquel de Sousa, wife of employee Paulo C\u00e9sar and mother of apprentice Francisca Jayanne de Sousa, both from Production Area 2 \u2013 A\u00e7o Cearense Industrial and A\u00e7o Matriz, spoke enthusiastically about the experience. &quot;I&#039;d heard of A\u00e7o Cearense, but there&#039;s nothing like seeing it up close and realizing even more how much they care for their employees. I loved everything, and my son, Paulo Henrique, who came with me, was thrilled and said he wants to work alongside his father and sister in the future,&quot; she said.<\/p>\n<p>The next visit will be in August. Employees who wish to bring their family members to the company should pay attention to the media or contact the Quality of Life and Benefits area: 1649 (A\u00e7o Cearense Comercial) and 8454 (A\u00e7o Cearense Industrial e A\u00e7o).<\/p>","protected":false},"featured_media":1754,"template":"","meta":{"_acf_changed":false,"inline_featured_image":false},"categoria-noticia":[],"class_list":["post-1772","noticia","type-noticia","status-publish","has-post-thumbnail","hentry"],"acf":{"link":""},"yoast_head":"<!-- This site is optimized with the Yoast SEO plugin v25.9 - https:\/\/yoast.com\/wordpress\/plugins\/seo\/ -->\n<title>Projeto Fam\u00edlia na Empresa recebe recorde de inscri\u00e7\u00f5es - Grupo A\u00e7o Cearense<\/title>\n<meta name=\"robots\" content=\"index, follow, max-snippet:-1, max-image-preview:large, max-video-preview:-1\" \/>\n<link rel=\"canonical\" href=\"https:\/\/previews.elleven.digital\/acocearense\/en\/noticia\/projeto-familia-na-empresa-recebe-recorde-de-inscricoes\/\" \/>\n<meta property=\"og:locale\" content=\"en_US\" \/>\n<meta property=\"og:type\" content=\"article\" \/>\n<meta property=\"og:title\" content=\"Projeto Fam\u00edlia na Empresa recebe recorde de inscri\u00e7\u00f5es - Grupo A\u00e7o Cearense\" \/>\n<meta property=\"og:description\" content=\"No m\u00eas de julho, o projeto Fam\u00edlia na Empresa bateu o recorde de inscri\u00e7\u00f5es. Ao(...)\" \/>\n<meta property=\"og:url\" content=\"https:\/\/previews.elleven.digital\/acocearense\/en\/noticia\/projeto-familia-na-empresa-recebe-recorde-de-inscricoes\/\" \/>\n<meta property=\"og:site_name\" content=\"Grupo A\u00e7o Cearense\" \/>\n<meta property=\"article:modified_time\" content=\"2025-05-07T17:49:25+00:00\" \/>\n<meta property=\"og:image\" content=\"https:\/\/previews.elleven.digital\/acocearense\/wp-content\/uploads\/2025\/05\/familia.png\" \/>\n\t<meta property=\"og:image:width\" content=\"400\" \/>\n\t<meta property=\"og:image:height\" content=\"300\" \/>\n\t<meta property=\"og:image:type\" content=\"image\/png\" \/>\n<meta name=\"twitter:card\" content=\"summary_large_image\" \/>\n<meta name=\"twitter:label1\" content=\"Est. reading time\" \/>\n\t<meta name=\"twitter:data1\" content=\"2 minutes\" \/>\n<script type=\"application\/ld+json\" class=\"yoast-schema-graph\">{\"@context\":\"https:\/\/schema.org\",\"@graph\":[{\"@type\":\"WebPage\",\"@id\":\"https:\/\/previews.elleven.digital\/acocearense\/noticia\/projeto-familia-na-empresa-recebe-recorde-de-inscricoes\/\",\"url\":\"https:\/\/previews.elleven.digital\/acocearense\/noticia\/projeto-familia-na-empresa-recebe-recorde-de-inscricoes\/\",\"name\":\"Projeto Fam\u00edlia na Empresa recebe recorde de inscri\u00e7\u00f5es - Grupo A\u00e7o Cearense\",\"isPartOf\":{\"@id\":\"https:\/\/previews.elleven.digital\/acocearense\/#website\"},\"primaryImageOfPage\":{\"@id\":\"https:\/\/previews.elleven.digital\/acocearense\/noticia\/projeto-familia-na-empresa-recebe-recorde-de-inscricoes\/#primaryimage\"},\"image\":{\"@id\":\"https:\/\/previews.elleven.digital\/acocearense\/noticia\/projeto-familia-na-empresa-recebe-recorde-de-inscricoes\/#primaryimage\"},\"thumbnailUrl\":\"https:\/\/previews.elleven.digital\/acocearense\/wp-content\/uploads\/2025\/05\/familia.png\",\"datePublished\":\"2018-08-10T17:48:58+00:00\",\"dateModified\":\"2025-05-07T17:49:25+00:00\",\"breadcrumb\":{\"@id\":\"https:\/\/previews.elleven.digital\/acocearense\/noticia\/projeto-familia-na-empresa-recebe-recorde-de-inscricoes\/#breadcrumb\"},\"inLanguage\":\"en-US\",\"potentialAction\":[{\"@type\":\"ReadAction\",\"target\":[\"https:\/\/previews.elleven.digital\/acocearense\/noticia\/projeto-familia-na-empresa-recebe-recorde-de-inscricoes\/\"]}]},{\"@type\":\"ImageObject\",\"inLanguage\":\"en-US\",\"@id\":\"https:\/\/previews.elleven.digital\/acocearense\/noticia\/projeto-familia-na-empresa-recebe-recorde-de-inscricoes\/#primaryimage\",\"url\":\"https:\/\/previews.elleven.digital\/acocearense\/wp-content\/uploads\/2025\/05\/familia.png\",\"contentUrl\":\"https:\/\/previews.elleven.digital\/acocearense\/wp-content\/uploads\/2025\/05\/familia.png\",\"width\":400,\"height\":300},{\"@type\":\"BreadcrumbList\",\"@id\":\"https:\/\/previews.elleven.digital\/acocearense\/noticia\/projeto-familia-na-empresa-recebe-recorde-de-inscricoes\/#breadcrumb\",\"itemListElement\":[{\"@type\":\"ListItem\",\"position\":1,\"name\":\"In\u00edcio\",\"item\":\"https:\/\/previews.elleven.digital\/acocearense\/\"},{\"@type\":\"ListItem\",\"position\":2,\"name\":\"Not\u00edcias\",\"item\":\"https:\/\/previews.elleven.digital\/acocearense\/noticias\/\"},{\"@type\":\"ListItem\",\"position\":3,\"name\":\"Projeto Fam\u00edlia na Empresa recebe recorde de inscri\u00e7\u00f5es\"}]},{\"@type\":\"WebSite\",\"@id\":\"https:\/\/previews.elleven.digital\/acocearense\/#website\",\"url\":\"https:\/\/previews.elleven.digital\/acocearense\/\",\"name\":\"A\u00e7o Cearense\",\"description\":\"H\u00e1 mais de 45 anos no mercado brasileiro do a\u00e7o.\",\"alternateName\":\"A\u00e7o Cearense\",\"potentialAction\":[{\"@type\":\"SearchAction\",\"target\":{\"@type\":\"EntryPoint\",\"urlTemplate\":\"https:\/\/previews.elleven.digital\/acocearense\/?s={search_term_string}\"},\"query-input\":{\"@type\":\"PropertyValueSpecification\",\"valueRequired\":true,\"valueName\":\"search_term_string\"}}],\"inLanguage\":\"en-US\"}]}<\/script>\n<!-- \/ Yoast SEO plugin. -->","yoast_head_json":{"title":"Projeto Fam\u00edlia na Empresa recebe recorde de inscri\u00e7\u00f5es - Grupo A\u00e7o Cearense","robots":{"index":"index","follow":"follow","max-snippet":"max-snippet:-1","max-image-preview":"max-image-preview:large","max-video-preview":"max-video-preview:-1"},"canonical":"https:\/\/previews.elleven.digital\/acocearense\/en\/noticia\/projeto-familia-na-empresa-recebe-recorde-de-inscricoes\/","og_locale":"en_US","og_type":"article","og_title":"Projeto Fam\u00edlia na Empresa recebe recorde de inscri\u00e7\u00f5es - Grupo A\u00e7o Cearense","og_description":"No m\u00eas de julho, o projeto Fam\u00edlia na Empresa bateu o recorde de inscri\u00e7\u00f5es. Ao(...)","og_url":"https:\/\/previews.elleven.digital\/acocearense\/en\/noticia\/projeto-familia-na-empresa-recebe-recorde-de-inscricoes\/","og_site_name":"Grupo A\u00e7o Cearense","article_modified_time":"2025-05-07T17:49:25+00:00","og_image":[{"width":400,"height":300,"url":"https:\/\/previews.elleven.digital\/acocearense\/wp-content\/uploads\/2025\/05\/familia.png","type":"image\/png"}],"twitter_card":"summary_large_image","twitter_misc":{"Est. reading time":"2 minutes"},"schema":{"@context":"https:\/\/schema.org","@graph":[{"@type":"WebPage","@id":"https:\/\/previews.elleven.digital\/acocearense\/noticia\/projeto-familia-na-empresa-recebe-recorde-de-inscricoes\/","url":"https:\/\/previews.elleven.digital\/acocearense\/noticia\/projeto-familia-na-empresa-recebe-recorde-de-inscricoes\/","name":"Projeto Fam\u00edlia na Empresa recebe recorde de inscri\u00e7\u00f5es - Grupo A\u00e7o Cearense","isPartOf":{"@id":"https:\/\/previews.elleven.digital\/acocearense\/#website"},"primaryImageOfPage":{"@id":"https:\/\/previews.elleven.digital\/acocearense\/noticia\/projeto-familia-na-empresa-recebe-recorde-de-inscricoes\/#primaryimage"},"image":{"@id":"https:\/\/previews.elleven.digital\/acocearense\/noticia\/projeto-familia-na-empresa-recebe-recorde-de-inscricoes\/#primaryimage"},"thumbnailUrl":"https:\/\/previews.elleven.digital\/acocearense\/wp-content\/uploads\/2025\/05\/familia.png","datePublished":"2018-08-10T17:48:58+00:00","dateModified":"2025-05-07T17:49:25+00:00","breadcrumb":{"@id":"https:\/\/previews.elleven.digital\/acocearense\/noticia\/projeto-familia-na-empresa-recebe-recorde-de-inscricoes\/#breadcrumb"},"inLanguage":"en-US","potentialAction":[{"@type":"ReadAction","target":["https:\/\/previews.elleven.digital\/acocearense\/noticia\/projeto-familia-na-empresa-recebe-recorde-de-inscricoes\/"]}]},{"@type":"ImageObject","inLanguage":"en-US","@id":"https:\/\/previews.elleven.digital\/acocearense\/noticia\/projeto-familia-na-empresa-recebe-recorde-de-inscricoes\/#primaryimage","url":"https:\/\/previews.elleven.digital\/acocearense\/wp-content\/uploads\/2025\/05\/familia.png","contentUrl":"https:\/\/previews.elleven.digital\/acocearense\/wp-content\/uploads\/2025\/05\/familia.png","width":400,"height":300},{"@type":"BreadcrumbList","@id":"https:\/\/previews.elleven.digital\/acocearense\/noticia\/projeto-familia-na-empresa-recebe-recorde-de-inscricoes\/#breadcrumb","itemListElement":[{"@type":"ListItem","position":1,"name":"In\u00edcio","item":"https:\/\/previews.elleven.digital\/acocearense\/"},{"@type":"ListItem","position":2,"name":"Not\u00edcias","item":"https:\/\/previews.elleven.digital\/acocearense\/noticias\/"},{"@type":"ListItem","position":3,"name":"Projeto Fam\u00edlia na Empresa recebe recorde de inscri\u00e7\u00f5es"}]},{"@type":"WebSite","@id":"https:\/\/previews.elleven.digital\/acocearense\/#website","url":"https:\/\/previews.elleven.digital\/acocearense\/","name":"Cear\u00e1 Steel","description":"We have been in the Brazilian steel market for over 45 years.","alternateName":"A\u00e7o Cearense","potentialAction":[{"@type":"SearchAction","target":{"@type":"EntryPoint","urlTemplate":"https:\/\/previews.elleven.digital\/acocearense\/?s={search_term_string}"},"query-input":{"@type":"PropertyValueSpecification","valueRequired":true,"valueName":"search_term_string"}}],"inLanguage":"en-US"}]}},"_links":{"self":[{"href":"https:\/\/previews.elleven.digital\/acocearense\/en\/wp-json\/wp\/v2\/noticia\/1772","targetHints":{"allow":["GET"]}}],"collection":[{"href":"https:\/\/previews.elleven.digital\/acocearense\/en\/wp-json\/wp\/v2\/noticia"}],"about":[{"href":"https:\/\/previews.elleven.digital\/acocearense\/en\/wp-json\/wp\/v2\/types\/noticia"}],"wp:featuredmedia":[{"embeddable":true,"href":"https:\/\/previews.elleven.digital\/acocearense\/en\/wp-json\/wp\/v2\/media\/1754"}],"wp:attachment":[{"href":"https:\/\/previews.elleven.digital\/acocearense\/en\/wp-json\/wp\/v2\/media?parent=1772"}],"wp:term":[{"taxonomy":"categoria-noticia","embeddable":true,"href":"https:\/\/previews.elleven.digital\/acocearense\/en\/wp-json\/wp\/v2\/categoria-noticia?post=1772"}],"curies":[{"name":"wp","href":"https:\/\/api.w.org\/{rel}","templated":true}]}}