{"id":1770,"date":"2018-06-05T14:46:51","date_gmt":"2018-06-05T17:46:51","guid":{"rendered":"https:\/\/previews.elleven.digital\/acocearense\/?post_type=noticia&#038;p=1770"},"modified":"2025-05-07T14:47:31","modified_gmt":"2025-05-07T17:47:31","slug":"futuros-tecnicos-metalurgicos-visitam-a-aci","status":"publish","type":"noticia","link":"https:\/\/previews.elleven.digital\/acocearense\/en\/noticia\/futuros-tecnicos-metalurgicos-visitam-a-aci\/","title":{"rendered":"Future Metallurgical Technicians visit ACI"},"content":{"rendered":"<p>A\u00e7o Cearense Industrial Matriz welcomed students from the Metallurgy Technical Course at the Federal Institute of Education, Science and Technology of Cear\u00e1 de Caucaia (IFCE) last Friday (25) of May. The objective was to learn about the production process and the standardization norm of A\u00e7o Cearense products.<\/p>\n<p>The delegation, comprised of 16 fifth-semester students from IFCE Caucaia and Professor Heloisa Cordeiro, was led by Production Management and Process Analysts Raul Corr\u00eaa and Fellipe Macedo, who explained the company&#039;s entire production process, and Quality Analyst \u00c1gueda Morais, who spoke about the Quality Management System. The students were also welcomed by the Occupational Safety and Communications departments, and by Production Manager Eduardo Coelho.<\/p>\n<p>Guilherme Henrique, an IFCE student, emphasized how important the visit was for his practical understanding of metallurgy. &quot;This is my first time visiting a company the size of A\u00e7o Cearense. I really identified with the workplace and hope to return as a collaborator in the future,&quot; he said optimistically.<br \/>\nA\u00e7o Cearense Industrial welcomes students monthly. For more information, please contact us at extension 8421 or email comunicacao@acocearense.com.br.<\/p>\n<p>&nbsp;<\/p>\n<p><img loading=\"lazy\" decoding=\"async\" class=\"size-full wp-image-3006 aligncenter\" src=\"https:\/\/grupoacocearense.com.br\/wp-content\/uploads\/2018\/06\/Futuros-T%C3%A9cnicos-Metal%C3%BArgicos-visitam-a-ACI.jpg\" sizes=\"auto, (max-width: 818px) 100vw, 818px\" srcset=\"https:\/\/previews.elleven.digital\/acocearense\/wp-content\/uploads\/2018\/06\/Futuros-T\u00e9cnicos-Metal\u00fargicos-visitam-a-ACI.jpg 818w, https:\/\/previews.elleven.digital\/acocearense\/wp-content\/uploads\/2018\/06\/Futuros-T\u00e9cnicos-Metal\u00fargicos-visitam-a-ACI-300x187.jpg 300w, https:\/\/previews.elleven.digital\/acocearense\/wp-content\/uploads\/2018\/06\/Futuros-T\u00e9cnicos-Metal\u00fargicos-visitam-a-ACI-768x478.jpg 768w\" alt=\"Futuros T\u00e9cnicos Metal\u00fargicos em uma visita a A\u00e7o Cearense Industrial\" width=\"818\" height=\"509\" \/><\/p>","protected":false},"featured_media":1756,"template":"","meta":{"_acf_changed":false,"inline_featured_image":false},"categoria-noticia":[],"class_list":["post-1770","noticia","type-noticia","status-publish","has-post-thumbnail","hentry"],"acf":{"link":""},"yoast_head":"<!-- This site is optimized with the Yoast SEO plugin v25.9 - https:\/\/yoast.com\/wordpress\/plugins\/seo\/ -->\n<title>Futuros T\u00e9cnicos Metal\u00fargicos visitam a ACI - Grupo A\u00e7o Cearense<\/title>\n<meta name=\"robots\" content=\"index, follow, max-snippet:-1, max-image-preview:large, max-video-preview:-1\" \/>\n<link rel=\"canonical\" href=\"https:\/\/previews.elleven.digital\/acocearense\/en\/noticia\/futuros-tecnicos-metalurgicos-visitam-a-aci\/\" \/>\n<meta property=\"og:locale\" content=\"en_US\" \/>\n<meta property=\"og:type\" content=\"article\" \/>\n<meta property=\"og:title\" content=\"Futuros T\u00e9cnicos Metal\u00fargicos visitam a ACI - Grupo A\u00e7o Cearense\" \/>\n<meta property=\"og:description\" content=\"A A\u00e7o Cearense Industrial Matriz recebeu os alunos do Curso T\u00e9cnico de Metalurgia do Instituto(...)\" \/>\n<meta property=\"og:url\" content=\"https:\/\/previews.elleven.digital\/acocearense\/en\/noticia\/futuros-tecnicos-metalurgicos-visitam-a-aci\/\" \/>\n<meta property=\"og:site_name\" content=\"Grupo A\u00e7o Cearense\" \/>\n<meta property=\"article:modified_time\" content=\"2025-05-07T17:47:31+00:00\" \/>\n<meta property=\"og:image\" content=\"https:\/\/previews.elleven.digital\/acocearense\/wp-content\/uploads\/2025\/05\/Futuros-Tecnicos-Metalurgicos-visitam-a-ACI.jpg\" \/>\n\t<meta property=\"og:image:width\" content=\"818\" \/>\n\t<meta property=\"og:image:height\" content=\"509\" \/>\n\t<meta property=\"og:image:type\" content=\"image\/jpeg\" \/>\n<meta name=\"twitter:card\" content=\"summary_large_image\" \/>\n<meta name=\"twitter:label1\" content=\"Est. reading time\" \/>\n\t<meta name=\"twitter:data1\" content=\"2 minutes\" \/>\n<script type=\"application\/ld+json\" class=\"yoast-schema-graph\">{\"@context\":\"https:\/\/schema.org\",\"@graph\":[{\"@type\":\"WebPage\",\"@id\":\"https:\/\/previews.elleven.digital\/acocearense\/noticia\/futuros-tecnicos-metalurgicos-visitam-a-aci\/\",\"url\":\"https:\/\/previews.elleven.digital\/acocearense\/noticia\/futuros-tecnicos-metalurgicos-visitam-a-aci\/\",\"name\":\"Futuros T\u00e9cnicos Metal\u00fargicos visitam a ACI - Grupo A\u00e7o Cearense\",\"isPartOf\":{\"@id\":\"https:\/\/previews.elleven.digital\/acocearense\/#website\"},\"primaryImageOfPage\":{\"@id\":\"https:\/\/previews.elleven.digital\/acocearense\/noticia\/futuros-tecnicos-metalurgicos-visitam-a-aci\/#primaryimage\"},\"image\":{\"@id\":\"https:\/\/previews.elleven.digital\/acocearense\/noticia\/futuros-tecnicos-metalurgicos-visitam-a-aci\/#primaryimage\"},\"thumbnailUrl\":\"https:\/\/previews.elleven.digital\/acocearense\/wp-content\/uploads\/2025\/05\/Futuros-Tecnicos-Metalurgicos-visitam-a-ACI.jpg\",\"datePublished\":\"2018-06-05T17:46:51+00:00\",\"dateModified\":\"2025-05-07T17:47:31+00:00\",\"breadcrumb\":{\"@id\":\"https:\/\/previews.elleven.digital\/acocearense\/noticia\/futuros-tecnicos-metalurgicos-visitam-a-aci\/#breadcrumb\"},\"inLanguage\":\"en-US\",\"potentialAction\":[{\"@type\":\"ReadAction\",\"target\":[\"https:\/\/previews.elleven.digital\/acocearense\/noticia\/futuros-tecnicos-metalurgicos-visitam-a-aci\/\"]}]},{\"@type\":\"ImageObject\",\"inLanguage\":\"en-US\",\"@id\":\"https:\/\/previews.elleven.digital\/acocearense\/noticia\/futuros-tecnicos-metalurgicos-visitam-a-aci\/#primaryimage\",\"url\":\"https:\/\/previews.elleven.digital\/acocearense\/wp-content\/uploads\/2025\/05\/Futuros-Tecnicos-Metalurgicos-visitam-a-ACI.jpg\",\"contentUrl\":\"https:\/\/previews.elleven.digital\/acocearense\/wp-content\/uploads\/2025\/05\/Futuros-Tecnicos-Metalurgicos-visitam-a-ACI.jpg\",\"width\":818,\"height\":509},{\"@type\":\"BreadcrumbList\",\"@id\":\"https:\/\/previews.elleven.digital\/acocearense\/noticia\/futuros-tecnicos-metalurgicos-visitam-a-aci\/#breadcrumb\",\"itemListElement\":[{\"@type\":\"ListItem\",\"position\":1,\"name\":\"In\u00edcio\",\"item\":\"https:\/\/previews.elleven.digital\/acocearense\/\"},{\"@type\":\"ListItem\",\"position\":2,\"name\":\"Not\u00edcias\",\"item\":\"https:\/\/previews.elleven.digital\/acocearense\/noticias\/\"},{\"@type\":\"ListItem\",\"position\":3,\"name\":\"Futuros T\u00e9cnicos Metal\u00fargicos visitam a ACI\"}]},{\"@type\":\"WebSite\",\"@id\":\"https:\/\/previews.elleven.digital\/acocearense\/#website\",\"url\":\"https:\/\/previews.elleven.digital\/acocearense\/\",\"name\":\"A\u00e7o Cearense\",\"description\":\"H\u00e1 mais de 45 anos no mercado brasileiro do a\u00e7o.\",\"alternateName\":\"A\u00e7o Cearense\",\"potentialAction\":[{\"@type\":\"SearchAction\",\"target\":{\"@type\":\"EntryPoint\",\"urlTemplate\":\"https:\/\/previews.elleven.digital\/acocearense\/?s={search_term_string}\"},\"query-input\":{\"@type\":\"PropertyValueSpecification\",\"valueRequired\":true,\"valueName\":\"search_term_string\"}}],\"inLanguage\":\"en-US\"}]}<\/script>\n<!-- \/ Yoast SEO plugin. -->","yoast_head_json":{"title":"Futuros T\u00e9cnicos Metal\u00fargicos visitam a ACI - Grupo A\u00e7o Cearense","robots":{"index":"index","follow":"follow","max-snippet":"max-snippet:-1","max-image-preview":"max-image-preview:large","max-video-preview":"max-video-preview:-1"},"canonical":"https:\/\/previews.elleven.digital\/acocearense\/en\/noticia\/futuros-tecnicos-metalurgicos-visitam-a-aci\/","og_locale":"en_US","og_type":"article","og_title":"Futuros T\u00e9cnicos Metal\u00fargicos visitam a ACI - Grupo A\u00e7o Cearense","og_description":"A A\u00e7o Cearense Industrial Matriz recebeu os alunos do Curso T\u00e9cnico de Metalurgia do Instituto(...)","og_url":"https:\/\/previews.elleven.digital\/acocearense\/en\/noticia\/futuros-tecnicos-metalurgicos-visitam-a-aci\/","og_site_name":"Grupo A\u00e7o Cearense","article_modified_time":"2025-05-07T17:47:31+00:00","og_image":[{"width":818,"height":509,"url":"https:\/\/previews.elleven.digital\/acocearense\/wp-content\/uploads\/2025\/05\/Futuros-Tecnicos-Metalurgicos-visitam-a-ACI.jpg","type":"image\/jpeg"}],"twitter_card":"summary_large_image","twitter_misc":{"Est. reading time":"2 minutes"},"schema":{"@context":"https:\/\/schema.org","@graph":[{"@type":"WebPage","@id":"https:\/\/previews.elleven.digital\/acocearense\/noticia\/futuros-tecnicos-metalurgicos-visitam-a-aci\/","url":"https:\/\/previews.elleven.digital\/acocearense\/noticia\/futuros-tecnicos-metalurgicos-visitam-a-aci\/","name":"Futuros T\u00e9cnicos Metal\u00fargicos visitam a ACI - Grupo A\u00e7o Cearense","isPartOf":{"@id":"https:\/\/previews.elleven.digital\/acocearense\/#website"},"primaryImageOfPage":{"@id":"https:\/\/previews.elleven.digital\/acocearense\/noticia\/futuros-tecnicos-metalurgicos-visitam-a-aci\/#primaryimage"},"image":{"@id":"https:\/\/previews.elleven.digital\/acocearense\/noticia\/futuros-tecnicos-metalurgicos-visitam-a-aci\/#primaryimage"},"thumbnailUrl":"https:\/\/previews.elleven.digital\/acocearense\/wp-content\/uploads\/2025\/05\/Futuros-Tecnicos-Metalurgicos-visitam-a-ACI.jpg","datePublished":"2018-06-05T17:46:51+00:00","dateModified":"2025-05-07T17:47:31+00:00","breadcrumb":{"@id":"https:\/\/previews.elleven.digital\/acocearense\/noticia\/futuros-tecnicos-metalurgicos-visitam-a-aci\/#breadcrumb"},"inLanguage":"en-US","potentialAction":[{"@type":"ReadAction","target":["https:\/\/previews.elleven.digital\/acocearense\/noticia\/futuros-tecnicos-metalurgicos-visitam-a-aci\/"]}]},{"@type":"ImageObject","inLanguage":"en-US","@id":"https:\/\/previews.elleven.digital\/acocearense\/noticia\/futuros-tecnicos-metalurgicos-visitam-a-aci\/#primaryimage","url":"https:\/\/previews.elleven.digital\/acocearense\/wp-content\/uploads\/2025\/05\/Futuros-Tecnicos-Metalurgicos-visitam-a-ACI.jpg","contentUrl":"https:\/\/previews.elleven.digital\/acocearense\/wp-content\/uploads\/2025\/05\/Futuros-Tecnicos-Metalurgicos-visitam-a-ACI.jpg","width":818,"height":509},{"@type":"BreadcrumbList","@id":"https:\/\/previews.elleven.digital\/acocearense\/noticia\/futuros-tecnicos-metalurgicos-visitam-a-aci\/#breadcrumb","itemListElement":[{"@type":"ListItem","position":1,"name":"In\u00edcio","item":"https:\/\/previews.elleven.digital\/acocearense\/"},{"@type":"ListItem","position":2,"name":"Not\u00edcias","item":"https:\/\/previews.elleven.digital\/acocearense\/noticias\/"},{"@type":"ListItem","position":3,"name":"Futuros T\u00e9cnicos Metal\u00fargicos visitam a ACI"}]},{"@type":"WebSite","@id":"https:\/\/previews.elleven.digital\/acocearense\/#website","url":"https:\/\/previews.elleven.digital\/acocearense\/","name":"Cear\u00e1 Steel","description":"We have been in the Brazilian steel market for over 45 years.","alternateName":"A\u00e7o Cearense","potentialAction":[{"@type":"SearchAction","target":{"@type":"EntryPoint","urlTemplate":"https:\/\/previews.elleven.digital\/acocearense\/?s={search_term_string}"},"query-input":{"@type":"PropertyValueSpecification","valueRequired":true,"valueName":"search_term_string"}}],"inLanguage":"en-US"}]}},"_links":{"self":[{"href":"https:\/\/previews.elleven.digital\/acocearense\/en\/wp-json\/wp\/v2\/noticia\/1770","targetHints":{"allow":["GET"]}}],"collection":[{"href":"https:\/\/previews.elleven.digital\/acocearense\/en\/wp-json\/wp\/v2\/noticia"}],"about":[{"href":"https:\/\/previews.elleven.digital\/acocearense\/en\/wp-json\/wp\/v2\/types\/noticia"}],"wp:featuredmedia":[{"embeddable":true,"href":"https:\/\/previews.elleven.digital\/acocearense\/en\/wp-json\/wp\/v2\/media\/1756"}],"wp:attachment":[{"href":"https:\/\/previews.elleven.digital\/acocearense\/en\/wp-json\/wp\/v2\/media?parent=1770"}],"wp:term":[{"taxonomy":"categoria-noticia","embeddable":true,"href":"https:\/\/previews.elleven.digital\/acocearense\/en\/wp-json\/wp\/v2\/categoria-noticia?post=1770"}],"curies":[{"name":"wp","href":"https:\/\/api.w.org\/{rel}","templated":true}]}}